{"id":15132,"date":"2024-12-19T18:21:21","date_gmt":"2024-12-19T17:21:21","guid":{"rendered":"https:\/\/www.maria-koenigin.de\/?p=15132"},"modified":"2025-01-02T16:33:17","modified_gmt":"2025-01-02T15:33:17","slug":"elterninformationsabend-vor-vollem-haus","status":"publish","type":"post","link":"http:\/\/www.maria-koenigin.de\/?p=15132","title":{"rendered":"Elterninformationsabend vor vollem Haus"},"content":{"rendered":"<p><img loading=\"lazy\" decoding=\"async\" class=\"alignnone size-full wp-image-15134\" src=\"http:\/\/www.maria-koenigin.de\/wordpress\/wp-content\/uploads\/2024\/12\/MK24-Wichtelolympiade-12.jpg\" alt=\"\" width=\"1920\" height=\"1280\" srcset=\"http:\/\/www.maria-koenigin.de\/wordpress\/wp-content\/uploads\/2024\/12\/MK24-Wichtelolympiade-12.jpg 1920w, http:\/\/www.maria-koenigin.de\/wordpress\/wp-content\/uploads\/2024\/12\/MK24-Wichtelolympiade-12-300x200.jpg 300w, http:\/\/www.maria-koenigin.de\/wordpress\/wp-content\/uploads\/2024\/12\/MK24-Wichtelolympiade-12-1024x683.jpg 1024w, http:\/\/www.maria-koenigin.de\/wordpress\/wp-content\/uploads\/2024\/12\/MK24-Wichtelolympiade-12-768x512.jpg 768w, http:\/\/www.maria-koenigin.de\/wordpress\/wp-content\/uploads\/2024\/12\/MK24-Wichtelolympiade-12-1536x1024.jpg 1536w, http:\/\/www.maria-koenigin.de\/wordpress\/wp-content\/uploads\/2024\/12\/MK24-Wichtelolympiade-12-624x416.jpg 624w\" sizes=\"auto, (max-width: 1920px) 100vw, 1920px\" \/><\/p>\n<p style=\"text-align: justify;\">Bereits zum f\u00fcnften Mal wurde schon der Vortrag f\u00fcr die Eltern vom eigentlich Tag der offenen T\u00fcr losgel\u00f6st, um diesen f\u00fcr Eltern wie Kinder zu entlasten. W\u00e4hrend die zahlreichen Eltern im Konferenzsaal einen kurzweiligen Vortrag unseres Schulleiters Hr. Borys sowie weiterer Kolleginnen und Kollegen h\u00f6rten, konnten die Viertkl\u00e4ssler <!--more-->bei der Wichtel-Olympiade in aller Ruhe spielerisch die riesige Sporthalle sowie viele spannende Stationen in der Schule erkunden. Schnell waren die zwei Stunden vorbei und gemessen an den gl\u00fccklichen Kindergesichtern hat das erste Erkunden richtig viel Spa\u00df gemacht. Ein schnelles Wiedersehen ist dabei auch schon ins Auge gefasst, denn der Tag der offenen T\u00fcr findet schon in wenigen Tagen, am 11. Januar um 09.00 Uhr statt. Dazu laden wir auch alle interessierten Familien ein, die am vergangenen Dienstag verhindert waren.<\/p>\n<p><img loading=\"lazy\" decoding=\"async\" class=\"alignnone size-full wp-image-15135\" src=\"http:\/\/www.maria-koenigin.de\/wordpress\/wp-content\/uploads\/2024\/12\/MK24-Wichtelolympiade-3.jpg\" alt=\"\" width=\"1920\" height=\"1280\" srcset=\"http:\/\/www.maria-koenigin.de\/wordpress\/wp-content\/uploads\/2024\/12\/MK24-Wichtelolympiade-3.jpg 1920w, http:\/\/www.maria-koenigin.de\/wordpress\/wp-content\/uploads\/2024\/12\/MK24-Wichtelolympiade-3-300x200.jpg 300w, http:\/\/www.maria-koenigin.de\/wordpress\/wp-content\/uploads\/2024\/12\/MK24-Wichtelolympiade-3-1024x683.jpg 1024w, http:\/\/www.maria-koenigin.de\/wordpress\/wp-content\/uploads\/2024\/12\/MK24-Wichtelolympiade-3-768x512.jpg 768w, http:\/\/www.maria-koenigin.de\/wordpress\/wp-content\/uploads\/2024\/12\/MK24-Wichtelolympiade-3-1536x1024.jpg 1536w, http:\/\/www.maria-koenigin.de\/wordpress\/wp-content\/uploads\/2024\/12\/MK24-Wichtelolympiade-3-624x416.jpg 624w\" sizes=\"auto, (max-width: 1920px) 100vw, 1920px\" \/> <img loading=\"lazy\" decoding=\"async\" class=\"alignnone size-full wp-image-15136\" src=\"http:\/\/www.maria-koenigin.de\/wordpress\/wp-content\/uploads\/2024\/12\/MK24-Wichtelolympiade-4.jpg\" alt=\"\" width=\"1920\" height=\"1280\" srcset=\"http:\/\/www.maria-koenigin.de\/wordpress\/wp-content\/uploads\/2024\/12\/MK24-Wichtelolympiade-4.jpg 1920w, http:\/\/www.maria-koenigin.de\/wordpress\/wp-content\/uploads\/2024\/12\/MK24-Wichtelolympiade-4-300x200.jpg 300w, http:\/\/www.maria-koenigin.de\/wordpress\/wp-content\/uploads\/2024\/12\/MK24-Wichtelolympiade-4-1024x683.jpg 1024w, http:\/\/www.maria-koenigin.de\/wordpress\/wp-content\/uploads\/2024\/12\/MK24-Wichtelolympiade-4-768x512.jpg 768w, http:\/\/www.maria-koenigin.de\/wordpress\/wp-content\/uploads\/2024\/12\/MK24-Wichtelolympiade-4-1536x1024.jpg 1536w, http:\/\/www.maria-koenigin.de\/wordpress\/wp-content\/uploads\/2024\/12\/MK24-Wichtelolympiade-4-624x416.jpg 624w\" sizes=\"auto, (max-width: 1920px) 100vw, 1920px\" \/> <img loading=\"lazy\" decoding=\"async\" class=\"alignnone size-full wp-image-15137\" src=\"http:\/\/www.maria-koenigin.de\/wordpress\/wp-content\/uploads\/2024\/12\/MK24-Wichtelolympiade-21.jpg\" alt=\"\" width=\"1920\" height=\"1280\" srcset=\"http:\/\/www.maria-koenigin.de\/wordpress\/wp-content\/uploads\/2024\/12\/MK24-Wichtelolympiade-21.jpg 1920w, http:\/\/www.maria-koenigin.de\/wordpress\/wp-content\/uploads\/2024\/12\/MK24-Wichtelolympiade-21-300x200.jpg 300w, http:\/\/www.maria-koenigin.de\/wordpress\/wp-content\/uploads\/2024\/12\/MK24-Wichtelolympiade-21-1024x683.jpg 1024w, http:\/\/www.maria-koenigin.de\/wordpress\/wp-content\/uploads\/2024\/12\/MK24-Wichtelolympiade-21-768x512.jpg 768w, http:\/\/www.maria-koenigin.de\/wordpress\/wp-content\/uploads\/2024\/12\/MK24-Wichtelolympiade-21-1536x1024.jpg 1536w, http:\/\/www.maria-koenigin.de\/wordpress\/wp-content\/uploads\/2024\/12\/MK24-Wichtelolympiade-21-624x416.jpg 624w\" sizes=\"auto, (max-width: 1920px) 100vw, 1920px\" \/> <img loading=\"lazy\" decoding=\"async\" class=\"alignnone size-full wp-image-15138\" src=\"http:\/\/www.maria-koenigin.de\/wordpress\/wp-content\/uploads\/2024\/12\/MK24-Wichtelolympiade-22.jpg\" alt=\"\" width=\"1920\" height=\"1280\" srcset=\"http:\/\/www.maria-koenigin.de\/wordpress\/wp-content\/uploads\/2024\/12\/MK24-Wichtelolympiade-22.jpg 1920w, http:\/\/www.maria-koenigin.de\/wordpress\/wp-content\/uploads\/2024\/12\/MK24-Wichtelolympiade-22-300x200.jpg 300w, http:\/\/www.maria-koenigin.de\/wordpress\/wp-content\/uploads\/2024\/12\/MK24-Wichtelolympiade-22-1024x683.jpg 1024w, http:\/\/www.maria-koenigin.de\/wordpress\/wp-content\/uploads\/2024\/12\/MK24-Wichtelolympiade-22-768x512.jpg 768w, http:\/\/www.maria-koenigin.de\/wordpress\/wp-content\/uploads\/2024\/12\/MK24-Wichtelolympiade-22-1536x1024.jpg 1536w, http:\/\/www.maria-koenigin.de\/wordpress\/wp-content\/uploads\/2024\/12\/MK24-Wichtelolympiade-22-624x416.jpg 624w\" sizes=\"auto, (max-width: 1920px) 100vw, 1920px\" \/> <img loading=\"lazy\" decoding=\"async\" class=\"alignnone size-full wp-image-15139\" src=\"http:\/\/www.maria-koenigin.de\/wordpress\/wp-content\/uploads\/2024\/12\/MK24-Wichtelolympiade-25.jpg\" alt=\"\" width=\"1280\" height=\"1920\" srcset=\"http:\/\/www.maria-koenigin.de\/wordpress\/wp-content\/uploads\/2024\/12\/MK24-Wichtelolympiade-25.jpg 1280w, http:\/\/www.maria-koenigin.de\/wordpress\/wp-content\/uploads\/2024\/12\/MK24-Wichtelolympiade-25-200x300.jpg 200w, http:\/\/www.maria-koenigin.de\/wordpress\/wp-content\/uploads\/2024\/12\/MK24-Wichtelolympiade-25-683x1024.jpg 683w, http:\/\/www.maria-koenigin.de\/wordpress\/wp-content\/uploads\/2024\/12\/MK24-Wichtelolympiade-25-768x1152.jpg 768w, http:\/\/www.maria-koenigin.de\/wordpress\/wp-content\/uploads\/2024\/12\/MK24-Wichtelolympiade-25-1024x1536.jpg 1024w, http:\/\/www.maria-koenigin.de\/wordpress\/wp-content\/uploads\/2024\/12\/MK24-Wichtelolympiade-25-624x936.jpg 624w\" sizes=\"auto, (max-width: 1280px) 100vw, 1280px\" \/><\/p>\n","protected":false},"excerpt":{"rendered":"<p>Bereits zum f\u00fcnften Mal wurde schon der Vortrag f\u00fcr die Eltern vom eigentlich Tag der offenen T\u00fcr losgel\u00f6st, um diesen f\u00fcr Eltern wie Kinder zu entlasten. W\u00e4hrend die zahlreichen Eltern im Konferenzsaal einen kurzweiligen Vortrag unseres Schulleiters Hr. Borys sowie weiterer Kolleginnen und Kollegen h\u00f6rten, konnten die Viertkl\u00e4ssler<\/p>\n","protected":false},"author":8,"featured_media":0,"comment_status":"closed","ping_status":"closed","sticky":false,"template":"","format":"standard","meta":{"ngg_post_thumbnail":0,"footnotes":""},"categories":[4],"tags":[],"class_list":["post-15132","post","type-post","status-publish","format-standard","hentry","category-aktuelles"],"_links":{"self":[{"href":"http:\/\/www.maria-koenigin.de\/index.php?rest_route=\/wp\/v2\/posts\/15132","targetHints":{"allow":["GET"]}}],"collection":[{"href":"http:\/\/www.maria-koenigin.de\/index.php?rest_route=\/wp\/v2\/posts"}],"about":[{"href":"http:\/\/www.maria-koenigin.de\/index.php?rest_route=\/wp\/v2\/types\/post"}],"author":[{"embeddable":true,"href":"http:\/\/www.maria-koenigin.de\/index.php?rest_route=\/wp\/v2\/users\/8"}],"replies":[{"embeddable":true,"href":"http:\/\/www.maria-koenigin.de\/index.php?rest_route=%2Fwp%2Fv2%2Fcomments&post=15132"}],"version-history":[{"count":7,"href":"http:\/\/www.maria-koenigin.de\/index.php?rest_route=\/wp\/v2\/posts\/15132\/revisions"}],"predecessor-version":[{"id":15191,"href":"http:\/\/www.maria-koenigin.de\/index.php?rest_route=\/wp\/v2\/posts\/15132\/revisions\/15191"}],"wp:attachment":[{"href":"http:\/\/www.maria-koenigin.de\/index.php?rest_route=%2Fwp%2Fv2%2Fmedia&parent=15132"}],"wp:term":[{"taxonomy":"category","embeddable":true,"href":"http:\/\/www.maria-koenigin.de\/index.php?rest_route=%2Fwp%2Fv2%2Fcategories&post=15132"},{"taxonomy":"post_tag","embeddable":true,"href":"http:\/\/www.maria-koenigin.de\/index.php?rest_route=%2Fwp%2Fv2%2Ftags&post=15132"}],"curies":[{"name":"wp","href":"https:\/\/api.w.org\/{rel}","templated":true}]}}