{"id":15167,"date":"2024-12-30T19:58:49","date_gmt":"2024-12-30T18:58:49","guid":{"rendered":"https:\/\/www.maria-koenigin.de\/?p=15167"},"modified":"2024-12-30T20:48:28","modified_gmt":"2024-12-30T19:48:28","slug":"2014-im-schnelldurchlauf-ein-ereignisreiches-jahr","status":"publish","type":"post","link":"http:\/\/www.maria-koenigin.de\/?p=15167","title":{"rendered":"2024 im Schnelldurchlauf \u2013 ein ereignisreiches Jahr"},"content":{"rendered":"<p style=\"text-align: justify;\"><img loading=\"lazy\" decoding=\"async\" class=\"alignright wp-image-13509 size-full\" src=\"http:\/\/www.maria-koenigin.de\/wordpress\/wp-content\/uploads\/2024\/01\/klMK_Winterparty_01162024CG-17.jpg\" alt=\"\" width=\"640\" height=\"427\" srcset=\"http:\/\/www.maria-koenigin.de\/wordpress\/wp-content\/uploads\/2024\/01\/klMK_Winterparty_01162024CG-17.jpg 640w, http:\/\/www.maria-koenigin.de\/wordpress\/wp-content\/uploads\/2024\/01\/klMK_Winterparty_01162024CG-17-300x200.jpg 300w, http:\/\/www.maria-koenigin.de\/wordpress\/wp-content\/uploads\/2024\/01\/klMK_Winterparty_01162024CG-17-624x416.jpg 624w\" sizes=\"auto, (max-width: 640px) 100vw, 640px\" \/>Das Jahr 2024 an unserem Gymnasium war ein gutes und erfolgreiches Jahr. Neben dem Wesentlichen in der Schule, dem Unterricht und dem guten Miteinander von Sch\u00fclern, Lehrern und Eltern, gab es besondere H\u00f6hepunkte, auf die wir mit vielen Bildern kurz zur\u00fcckblicken wollen.<!--more--><\/p>\n<p style=\"text-align: justify;\"><img loading=\"lazy\" decoding=\"async\" class=\"alignright wp-image-13747 size-full\" src=\"http:\/\/www.maria-koenigin.de\/wordpress\/wp-content\/uploads\/2024\/02\/SpanienGruppekl.jpg\" alt=\"\" width=\"640\" height=\"853\" srcset=\"http:\/\/www.maria-koenigin.de\/wordpress\/wp-content\/uploads\/2024\/02\/SpanienGruppekl.jpg 640w, http:\/\/www.maria-koenigin.de\/wordpress\/wp-content\/uploads\/2024\/02\/SpanienGruppekl-225x300.jpg 225w, http:\/\/www.maria-koenigin.de\/wordpress\/wp-content\/uploads\/2024\/02\/SpanienGruppekl-624x832.jpg 624w\" sizes=\"auto, (max-width: 640px) 100vw, 640px\" \/>Im Februar gab es mehrere internationale Begegnungen, der Spanisch-Kurs der Q1 war zur Exkursion in Madrid und Bio-Chemie Kurse besuchten die Partnerschule im t\u00fcrkischen Caycuma.<\/p>\n<p style=\"text-align: justify;\"><img loading=\"lazy\" decoding=\"async\" class=\"alignright wp-image-13729 size-full\" src=\"http:\/\/www.maria-koenigin.de\/wordpress\/wp-content\/uploads\/2024\/02\/Kooperation-MK-ZoeBiSkl.jpg\" alt=\"\" width=\"640\" height=\"480\" srcset=\"http:\/\/www.maria-koenigin.de\/wordpress\/wp-content\/uploads\/2024\/02\/Kooperation-MK-ZoeBiSkl.jpg 640w, http:\/\/www.maria-koenigin.de\/wordpress\/wp-content\/uploads\/2024\/02\/Kooperation-MK-ZoeBiSkl-300x225.jpg 300w, http:\/\/www.maria-koenigin.de\/wordpress\/wp-content\/uploads\/2024\/02\/Kooperation-MK-ZoeBiSkl-624x468.jpg 624w\" sizes=\"auto, (max-width: 640px) 100vw, 640px\" \/>Vielversprechende Partnerschaften wurden Anfang des Jahres mit zwei Universit\u00e4ten angebahnt. Im Bereich der \u00d6konomischen Bildung arbeiten wir k\u00fcnftig eng mit dem Zentrum f\u00fcr \u00f6konomische Bildung der Universit\u00e4t Siegen (Z\u00d6BIS) zusammen. Im Bereich Technik gibt es eine Kooperation mit der Technischen Universit\u00e4t K\u00f6ln, zu der unter anderem CNC-Workshops geh\u00f6ren.<\/p>\n<p style=\"text-align: justify;\"><img loading=\"lazy\" decoding=\"async\" class=\"alignright wp-image-13918 size-large\" src=\"http:\/\/www.maria-koenigin.de\/wordpress\/wp-content\/uploads\/2024\/02\/Ess-geht-um-mehr_Foto-5-1024x876.jpg\" alt=\"\" width=\"625\" height=\"535\" srcset=\"http:\/\/www.maria-koenigin.de\/wordpress\/wp-content\/uploads\/2024\/02\/Ess-geht-um-mehr_Foto-5-1024x876.jpg 1024w, http:\/\/www.maria-koenigin.de\/wordpress\/wp-content\/uploads\/2024\/02\/Ess-geht-um-mehr_Foto-5-300x257.jpg 300w, http:\/\/www.maria-koenigin.de\/wordpress\/wp-content\/uploads\/2024\/02\/Ess-geht-um-mehr_Foto-5-768x657.jpg 768w, http:\/\/www.maria-koenigin.de\/wordpress\/wp-content\/uploads\/2024\/02\/Ess-geht-um-mehr_Foto-5-1536x1315.jpg 1536w, http:\/\/www.maria-koenigin.de\/wordpress\/wp-content\/uploads\/2024\/02\/Ess-geht-um-mehr_Foto-5-2048x1753.jpg 2048w, http:\/\/www.maria-koenigin.de\/wordpress\/wp-content\/uploads\/2024\/02\/Ess-geht-um-mehr_Foto-5-624x534.jpg 624w\" sizes=\"auto, (max-width: 625px) 100vw, 625px\" \/>\u201eEs(s) geht um mehr\u201c nennt sich ein sehr praktisches und wichtiges Projekt zum Thema Ern\u00e4hrung und Essverhalten, das die Diplom-\u00d6kotrophologin Eva Hennes mit den 9. Klassen durchf\u00fchrt.<\/p>\n<p style=\"text-align: justify;\"><img loading=\"lazy\" decoding=\"async\" class=\"alignright wp-image-14088 size-full\" src=\"http:\/\/www.maria-koenigin.de\/wordpress\/wp-content\/uploads\/2024\/03\/Showman-3k.jpg\" alt=\"\" width=\"640\" height=\"427\" srcset=\"http:\/\/www.maria-koenigin.de\/wordpress\/wp-content\/uploads\/2024\/03\/Showman-3k.jpg 640w, http:\/\/www.maria-koenigin.de\/wordpress\/wp-content\/uploads\/2024\/03\/Showman-3k-300x200.jpg 300w, http:\/\/www.maria-koenigin.de\/wordpress\/wp-content\/uploads\/2024\/03\/Showman-3k-624x416.jpg 624w\" sizes=\"auto, (max-width: 640px) 100vw, 640px\" \/>Das Musical \u201eThe Greatest Showman\u201c war dann einer der absoluten H\u00f6hepunkte des Jahres. Nach intensiven Proben zauberte die Musical-Company mit \u00fcber hundert Mitwirkenden vier wirklich begeisternde Auff\u00fchrungen auf die B\u00fchne der Sporthalle.<\/p>\n<p style=\"text-align: justify;\"><img loading=\"lazy\" decoding=\"async\" class=\"alignright wp-image-14083 size-full\" src=\"http:\/\/www.maria-koenigin.de\/wordpress\/wp-content\/uploads\/2024\/03\/Showman-1k.jpg\" alt=\"\" width=\"640\" height=\"480\" srcset=\"http:\/\/www.maria-koenigin.de\/wordpress\/wp-content\/uploads\/2024\/03\/Showman-1k.jpg 640w, http:\/\/www.maria-koenigin.de\/wordpress\/wp-content\/uploads\/2024\/03\/Showman-1k-300x225.jpg 300w, http:\/\/www.maria-koenigin.de\/wordpress\/wp-content\/uploads\/2024\/03\/Showman-1k-624x468.jpg 624w\" sizes=\"auto, (max-width: 640px) 100vw, 640px\" \/>\u00dcber 2.000 Besucher lie\u00dfen sich von Gesang, Schauspiel, Orchestermusik, Tanz, effektvoller B\u00fchnentechnik und ebensolchem B\u00fchnenbild mitrei\u00dfen. Es ist immer wieder sch\u00f6n zu sehen, zu welchen gemeinschaftlichen Leistungen unsere Schulgemeinde auch au\u00dferhalb der Unterrichts in der Lage ist.<\/p>\n<p style=\"text-align: justify;\">Mit Julius Scheele, Matti Hutter und Moritz Wirth waren drei Sch\u00fcler der Jahrgangsstufe 10 strahlende Sieger beim Wettbewerb \u201ePapierschiffe 2024\u201c der Universit\u00e4t Siegen.<\/p>\n<p style=\"text-align: justify;\"><img loading=\"lazy\" decoding=\"async\" class=\"alignright wp-image-14329 size-full\" src=\"http:\/\/www.maria-koenigin.de\/wordpress\/wp-content\/uploads\/2024\/05\/72.5kl.jpg\" alt=\"\" width=\"640\" height=\"360\" srcset=\"http:\/\/www.maria-koenigin.de\/wordpress\/wp-content\/uploads\/2024\/05\/72.5kl.jpg 640w, http:\/\/www.maria-koenigin.de\/wordpress\/wp-content\/uploads\/2024\/05\/72.5kl-300x169.jpg 300w, http:\/\/www.maria-koenigin.de\/wordpress\/wp-content\/uploads\/2024\/05\/72.5kl-624x351.jpg 624w\" sizes=\"auto, (max-width: 640px) 100vw, 640px\" \/><\/p>\n<p style=\"text-align: justify;\">Erneut haben wir uns im Mai an der 72Stunden-Aktion mit unserem Alu-Projekt beteiligt.<\/p>\n<p style=\"text-align: justify;\">In einem Gemeinschaftsprojekt mit dem Jugendhof, den Pfadfindern, den Werthmann-Werkst\u00e4tten und den Wullackern \u00a0haben wir dar\u00fcber hinaus vorbereitende Arbeiten f\u00fcr den Generationenwald an der Hohen Bracht durchgef\u00fchrt \u2013 trotz miserabler Wetterbedingungen.<\/p>\n<p style=\"text-align: justify;\"><img loading=\"lazy\" decoding=\"async\" class=\"aligncenter wp-image-14246\" src=\"http:\/\/www.maria-koenigin.de\/wordpress\/wp-content\/uploads\/2024\/04\/Servir-72-Stunden-1-kl-576x1024.jpg\" alt=\"\" width=\"604\" height=\"1074\" srcset=\"http:\/\/www.maria-koenigin.de\/wordpress\/wp-content\/uploads\/2024\/04\/Servir-72-Stunden-1-kl-576x1024.jpg 576w, http:\/\/www.maria-koenigin.de\/wordpress\/wp-content\/uploads\/2024\/04\/Servir-72-Stunden-1-kl-169x300.jpg 169w, http:\/\/www.maria-koenigin.de\/wordpress\/wp-content\/uploads\/2024\/04\/Servir-72-Stunden-1-kl-624x1110.jpg 624w, http:\/\/www.maria-koenigin.de\/wordpress\/wp-content\/uploads\/2024\/04\/Servir-72-Stunden-1-kl.jpg 640w\" sizes=\"auto, (max-width: 604px) 100vw, 604px\" \/><img loading=\"lazy\" decoding=\"async\" class=\"alignright wp-image-14311 size-full\" src=\"http:\/\/www.maria-koenigin.de\/wordpress\/wp-content\/uploads\/2024\/05\/Gruppe-mit-Mueller-MdBkl.jpg\" alt=\"\" width=\"640\" height=\"480\" srcset=\"http:\/\/www.maria-koenigin.de\/wordpress\/wp-content\/uploads\/2024\/05\/Gruppe-mit-Mueller-MdBkl.jpg 640w, http:\/\/www.maria-koenigin.de\/wordpress\/wp-content\/uploads\/2024\/05\/Gruppe-mit-Mueller-MdBkl-300x225.jpg 300w, http:\/\/www.maria-koenigin.de\/wordpress\/wp-content\/uploads\/2024\/05\/Gruppe-mit-Mueller-MdBkl-624x468.jpg 624w\" sizes=\"auto, (max-width: 640px) 100vw, 640px\" \/>Zu interessanten und erlebnisreichen Exkursionen waren aus der Q1 der LK Biologie an der Universit\u00e4t Marburg, der LK Sozialwissenschaften in Berlin und der Spanisch-Kurs in Malaga.<\/p>\n<p style=\"text-align: justify;\">Und auch beim Katholikentag in Erfurt waren wir wieder mit einer Gruppe Helfender dabei.<\/p>\n<p style=\"text-align: justify;\"><img loading=\"lazy\" decoding=\"async\" class=\"alignright wp-image-14348 size-full\" src=\"http:\/\/www.maria-koenigin.de\/wordpress\/wp-content\/uploads\/2024\/06\/Goldschule1kl.jpg\" alt=\"\" width=\"640\" height=\"853\" srcset=\"http:\/\/www.maria-koenigin.de\/wordpress\/wp-content\/uploads\/2024\/06\/Goldschule1kl.jpg 640w, http:\/\/www.maria-koenigin.de\/wordpress\/wp-content\/uploads\/2024\/06\/Goldschule1kl-225x300.jpg 225w, http:\/\/www.maria-koenigin.de\/wordpress\/wp-content\/uploads\/2024\/06\/Goldschule1kl-624x832.jpg 624w\" sizes=\"auto, (max-width: 640px) 100vw, 640px\" \/>Mit der Auszeichnung als Verbraucherschule Gold, die bundesweit nur wenige Schulen erhalten haben, \u00a0wurde unser langj\u00e4hriges Engagement in der Verbraucherbildung, etwa in der Medienbildung, beim Thema Finanzen und im Bereich der Nachhaltigkeit, belohnt. Erfolgreich schloss auch unser Team beim zdi-Roboterwettbewerb ab, n\u00e4mlich unter den TOP 10 von 270 beteiligten Teams aus ganz NRW.<\/p>\n<p style=\"text-align: justify;\"><img loading=\"lazy\" decoding=\"async\" class=\"alignright wp-image-14392 size-large\" src=\"http:\/\/www.maria-koenigin.de\/wordpress\/wp-content\/uploads\/2024\/06\/20240623_084312-1024x768.jpg\" alt=\"\" width=\"625\" height=\"469\" srcset=\"http:\/\/www.maria-koenigin.de\/wordpress\/wp-content\/uploads\/2024\/06\/20240623_084312-1024x768.jpg 1024w, http:\/\/www.maria-koenigin.de\/wordpress\/wp-content\/uploads\/2024\/06\/20240623_084312-300x225.jpg 300w, http:\/\/www.maria-koenigin.de\/wordpress\/wp-content\/uploads\/2024\/06\/20240623_084312-768x576.jpg 768w, http:\/\/www.maria-koenigin.de\/wordpress\/wp-content\/uploads\/2024\/06\/20240623_084312-1536x1152.jpg 1536w, http:\/\/www.maria-koenigin.de\/wordpress\/wp-content\/uploads\/2024\/06\/20240623_084312-2048x1536.jpg 2048w, http:\/\/www.maria-koenigin.de\/wordpress\/wp-content\/uploads\/2024\/06\/20240623_084312-624x468.jpg 624w\" sizes=\"auto, (max-width: 625px) 100vw, 625px\" \/><img loading=\"lazy\" decoding=\"async\" class=\"alignright wp-image-14437 size-full\" src=\"http:\/\/www.maria-koenigin.de\/wordpress\/wp-content\/uploads\/2024\/07\/Abi24-17.jpg\" alt=\"\" width=\"640\" height=\"427\" srcset=\"http:\/\/www.maria-koenigin.de\/wordpress\/wp-content\/uploads\/2024\/07\/Abi24-17.jpg 640w, http:\/\/www.maria-koenigin.de\/wordpress\/wp-content\/uploads\/2024\/07\/Abi24-17-300x200.jpg 300w, http:\/\/www.maria-koenigin.de\/wordpress\/wp-content\/uploads\/2024\/07\/Abi24-17-624x416.jpg 624w\" sizes=\"auto, (max-width: 640px) 100vw, 640px\" \/>Ausgezeichnet waren auch die Leistungen der Abiturientia 2024. 99 Sch\u00fclerinnen und Sch\u00fcler erhielten im Juni ihr Abiturzeugnis mit teilweise herausragenden Leistungen.<\/p>\n<p style=\"text-align: justify;\"><img loading=\"lazy\" decoding=\"async\" class=\"alignright wp-image-14781 size-large\" src=\"http:\/\/www.maria-koenigin.de\/wordpress\/wp-content\/uploads\/2024\/09\/Q2-2425-in-Rom-e1727688008168-1024x542.jpg\" alt=\"\" width=\"625\" height=\"331\" srcset=\"http:\/\/www.maria-koenigin.de\/wordpress\/wp-content\/uploads\/2024\/09\/Q2-2425-in-Rom-e1727688008168-1024x542.jpg 1024w, http:\/\/www.maria-koenigin.de\/wordpress\/wp-content\/uploads\/2024\/09\/Q2-2425-in-Rom-e1727688008168-300x159.jpg 300w, http:\/\/www.maria-koenigin.de\/wordpress\/wp-content\/uploads\/2024\/09\/Q2-2425-in-Rom-e1727688008168-768x407.jpg 768w, http:\/\/www.maria-koenigin.de\/wordpress\/wp-content\/uploads\/2024\/09\/Q2-2425-in-Rom-e1727688008168-1536x814.jpg 1536w, http:\/\/www.maria-koenigin.de\/wordpress\/wp-content\/uploads\/2024\/09\/Q2-2425-in-Rom-e1727688008168-624x331.jpg 624w, http:\/\/www.maria-koenigin.de\/wordpress\/wp-content\/uploads\/2024\/09\/Q2-2425-in-Rom-e1727688008168.jpg 1720w\" sizes=\"auto, (max-width: 625px) 100vw, 625px\" \/>Wie \u00fcblich fand nach den Ferien zum einen die Studienfahrt der Q2 nach Rom statt und zum anderen die Schulwallfahrt zum Kohlhagen, bei der auch die Q2 und damit alle Sch\u00fclerinnen und Sch\u00fcler dabei waren.<\/p>\n<p style=\"text-align: justify;\"><img loading=\"lazy\" decoding=\"async\" class=\"alignright wp-image-14771 size-full\" src=\"http:\/\/www.maria-koenigin.de\/wordpress\/wp-content\/uploads\/2024\/09\/Gruppenbildkl.jpg\" alt=\"\" width=\"640\" height=\"480\" srcset=\"http:\/\/www.maria-koenigin.de\/wordpress\/wp-content\/uploads\/2024\/09\/Gruppenbildkl.jpg 640w, http:\/\/www.maria-koenigin.de\/wordpress\/wp-content\/uploads\/2024\/09\/Gruppenbildkl-300x225.jpg 300w, http:\/\/www.maria-koenigin.de\/wordpress\/wp-content\/uploads\/2024\/09\/Gruppenbildkl-624x468.jpg 624w\" sizes=\"auto, (max-width: 640px) 100vw, 640px\" \/>Einen weiteren sportlichen Erfolg verbuchte unser Mixed-Schulteam bei \u201eLennestadt l\u00e4uft\u201c mit dem 1. Platz in der Besetzung Lya Bourgound, Peter Peil, Daniel Eickhoff und Tobias Riesel.<\/p>\n<p style=\"text-align: justify;\"><img loading=\"lazy\" decoding=\"async\" class=\"alignright wp-image-14840 size-full\" src=\"http:\/\/www.maria-koenigin.de\/wordpress\/wp-content\/uploads\/2024\/10\/Schulfest-MK-6kl.jpg\" alt=\"\" width=\"640\" height=\"427\" srcset=\"http:\/\/www.maria-koenigin.de\/wordpress\/wp-content\/uploads\/2024\/10\/Schulfest-MK-6kl.jpg 640w, http:\/\/www.maria-koenigin.de\/wordpress\/wp-content\/uploads\/2024\/10\/Schulfest-MK-6kl-300x200.jpg 300w, http:\/\/www.maria-koenigin.de\/wordpress\/wp-content\/uploads\/2024\/10\/Schulfest-MK-6kl-624x416.jpg 624w\" sizes=\"auto, (max-width: 640px) 100vw, 640px\" \/>Sportlich gepr\u00e4gt war\u00a0 dann auch der H\u00f6hepunkt des Jahres, das gro\u00dfe Schulfest am 22. September. \u201eOlympia \u2013 Maria K\u00f6nigin international\u201c \u00a0hie\u00df es an diesem Tag und das vielf\u00e4ltige Programm, an dem alle Sch\u00fcler, Lehrer und auch viele Eltern mitwirkten, zog 3.500 Besucher auf den Klosterberg.<\/p>\n<p style=\"text-align: justify;\"><img loading=\"lazy\" decoding=\"async\" class=\"alignright wp-image-14839 size-full\" src=\"http:\/\/www.maria-koenigin.de\/wordpress\/wp-content\/uploads\/2024\/10\/Schulfest-MK-5kl.jpg\" alt=\"\" width=\"640\" height=\"427\" srcset=\"http:\/\/www.maria-koenigin.de\/wordpress\/wp-content\/uploads\/2024\/10\/Schulfest-MK-5kl.jpg 640w, http:\/\/www.maria-koenigin.de\/wordpress\/wp-content\/uploads\/2024\/10\/Schulfest-MK-5kl-300x200.jpg 300w, http:\/\/www.maria-koenigin.de\/wordpress\/wp-content\/uploads\/2024\/10\/Schulfest-MK-5kl-624x416.jpg 624w\" sizes=\"auto, (max-width: 640px) 100vw, 640px\" \/>Da auch das Wetter wunderbar mitspielte, wurde das Gel\u00e4nde rund um die Schule zu einem gro\u00dfen Fest- und Spielplatz, auf dem sich auch viele ehemalige Sch\u00fcler einfanden.<\/p>\n<p style=\"text-align: justify;\"><img loading=\"lazy\" decoding=\"async\" class=\"alignright wp-image-14899 size-full\" src=\"http:\/\/www.maria-koenigin.de\/wordpress\/wp-content\/uploads\/2024\/10\/Foto-Wettbewerb-Heimat-lebtkl.jpg\" alt=\"\" width=\"640\" height=\"480\" srcset=\"http:\/\/www.maria-koenigin.de\/wordpress\/wp-content\/uploads\/2024\/10\/Foto-Wettbewerb-Heimat-lebtkl.jpg 640w, http:\/\/www.maria-koenigin.de\/wordpress\/wp-content\/uploads\/2024\/10\/Foto-Wettbewerb-Heimat-lebtkl-300x225.jpg 300w, http:\/\/www.maria-koenigin.de\/wordpress\/wp-content\/uploads\/2024\/10\/Foto-Wettbewerb-Heimat-lebtkl-624x468.jpg 624w\" sizes=\"auto, (max-width: 640px) 100vw, 640px\" \/>Weitere Ehrungen gab es f\u00fcr Linus Fischer (Platz 1) und Talea Denke (Platz 3) aus dem Abiturjahrgang 2024, die f\u00fcr ihre Facharbeiten mit dem Preis \u201eHeimat lebt\u201c ausgezeichnet wurden.<\/p>\n<p style=\"text-align: justify;\"><img loading=\"lazy\" decoding=\"async\" class=\"alignright wp-image-15038 size-full\" src=\"http:\/\/www.maria-koenigin.de\/wordpress\/wp-content\/uploads\/2024\/12\/Polen-3kl.jpg\" alt=\"\" width=\"640\" height=\"853\" srcset=\"http:\/\/www.maria-koenigin.de\/wordpress\/wp-content\/uploads\/2024\/12\/Polen-3kl.jpg 640w, http:\/\/www.maria-koenigin.de\/wordpress\/wp-content\/uploads\/2024\/12\/Polen-3kl-225x300.jpg 225w, http:\/\/www.maria-koenigin.de\/wordpress\/wp-content\/uploads\/2024\/12\/Polen-3kl-624x832.jpg 624w\" sizes=\"auto, (max-width: 640px) 100vw, 640px\" \/>Auch die Partnerschaft mit dem polnischen Otwock wurde im Herbst mit einer Begegnung von Sch\u00fclern aus den Klassen 9 \u201eauf halber Strecke\u201c in der N\u00e4he von Berlin fortgesetzt. F\u00fcr unsere ukrainischen Sch\u00fcler haben wir eine Fahrt zum Champions League Spiel von Donezk \u00a0auf Schalke organisiert.<\/p>\n<p style=\"text-align: justify;\"><img loading=\"lazy\" decoding=\"async\" class=\"alignright wp-image-15161 size-full\" src=\"http:\/\/www.maria-koenigin.de\/wordpress\/wp-content\/uploads\/2024\/12\/Gluecklicht-8ckl.jpg\" alt=\"\" width=\"640\" height=\"480\" srcset=\"http:\/\/www.maria-koenigin.de\/wordpress\/wp-content\/uploads\/2024\/12\/Gluecklicht-8ckl.jpg 640w, http:\/\/www.maria-koenigin.de\/wordpress\/wp-content\/uploads\/2024\/12\/Gluecklicht-8ckl-300x225.jpg 300w, http:\/\/www.maria-koenigin.de\/wordpress\/wp-content\/uploads\/2024\/12\/Gluecklicht-8ckl-624x468.jpg 624w\" sizes=\"auto, (max-width: 640px) 100vw, 640px\" \/><\/p>\n<p style=\"text-align: justify;\">Im Dezember haben wir uns als Schule an der Aktion \u201eGL\u00dcCKLICH(T)\u201c des Erzbistums Paderborn beteiligt und viele Spendent\u00fcten gepackt.<\/p>\n<p style=\"text-align: justify;\"><img loading=\"lazy\" decoding=\"async\" class=\"alignright wp-image-15124 size-full\" src=\"http:\/\/www.maria-koenigin.de\/wordpress\/wp-content\/uploads\/2024\/12\/Fussballturnier-4kl.jpg\" alt=\"\" width=\"640\" height=\"910\" srcset=\"http:\/\/www.maria-koenigin.de\/wordpress\/wp-content\/uploads\/2024\/12\/Fussballturnier-4kl.jpg 640w, http:\/\/www.maria-koenigin.de\/wordpress\/wp-content\/uploads\/2024\/12\/Fussballturnier-4kl-211x300.jpg 211w, http:\/\/www.maria-koenigin.de\/wordpress\/wp-content\/uploads\/2024\/12\/Fussballturnier-4kl-624x887.jpg 624w\" sizes=\"auto, (max-width: 640px) 100vw, 640px\" \/>Schon Tradition sind die sportlichen Turniere im Fu\u00dfball und Basketball, die wir im Dezember in der gro\u00dfen Sporthalle ausreichten.<\/p>\n<p style=\"text-align: justify;\">Viele weitere Exkursionen, der Vorlesetag im November, weitere schulinterne Wettbewerbe und Sozialaktionen w\u00e4ren noch zu nennen.<\/p>\n<p style=\"text-align: justify;\">Der Terminkalender f\u00fcr das Jahr 2025 ist schon wieder gut gef\u00fcllt, am 11. Januar laden wir zum Tag der offenen T\u00fcr ein und bereits am 2. Februar pr\u00e4sentieren wir das Unterstufen-Musical \u201eWilli Wackelzahn\u201c.<\/p>\n<p>&nbsp;<\/p>\n","protected":false},"excerpt":{"rendered":"<p>Das Jahr 2024 an unserem Gymnasium war ein gutes und erfolgreiches Jahr. Neben dem Wesentlichen in der Schule, dem Unterricht und dem guten Miteinander von Sch\u00fclern, Lehrern und Eltern, gab es besondere H\u00f6hepunkte, auf die wir mit vielen Bildern kurz zur\u00fcckblicken wollen.<\/p>\n","protected":false},"author":7,"featured_media":0,"comment_status":"closed","ping_status":"closed","sticky":false,"template":"","format":"standard","meta":{"ngg_post_thumbnail":0,"footnotes":""},"categories":[4],"tags":[],"class_list":["post-15167","post","type-post","status-publish","format-standard","hentry","category-aktuelles"],"_links":{"self":[{"href":"http:\/\/www.maria-koenigin.de\/index.php?rest_route=\/wp\/v2\/posts\/15167","targetHints":{"allow":["GET"]}}],"collection":[{"href":"http:\/\/www.maria-koenigin.de\/index.php?rest_route=\/wp\/v2\/posts"}],"about":[{"href":"http:\/\/www.maria-koenigin.de\/index.php?rest_route=\/wp\/v2\/types\/post"}],"author":[{"embeddable":true,"href":"http:\/\/www.maria-koenigin.de\/index.php?rest_route=\/wp\/v2\/users\/7"}],"replies":[{"embeddable":true,"href":"http:\/\/www.maria-koenigin.de\/index.php?rest_route=%2Fwp%2Fv2%2Fcomments&post=15167"}],"version-history":[{"count":3,"href":"http:\/\/www.maria-koenigin.de\/index.php?rest_route=\/wp\/v2\/posts\/15167\/revisions"}],"predecessor-version":[{"id":15170,"href":"http:\/\/www.maria-koenigin.de\/index.php?rest_route=\/wp\/v2\/posts\/15167\/revisions\/15170"}],"wp:attachment":[{"href":"http:\/\/www.maria-koenigin.de\/index.php?rest_route=%2Fwp%2Fv2%2Fmedia&parent=15167"}],"wp:term":[{"taxonomy":"category","embeddable":true,"href":"http:\/\/www.maria-koenigin.de\/index.php?rest_route=%2Fwp%2Fv2%2Fcategories&post=15167"},{"taxonomy":"post_tag","embeddable":true,"href":"http:\/\/www.maria-koenigin.de\/index.php?rest_route=%2Fwp%2Fv2%2Ftags&post=15167"}],"curies":[{"name":"wp","href":"https:\/\/api.w.org\/{rel}","templated":true}]}}