{"id":15181,"date":"2025-01-03T07:26:38","date_gmt":"2025-01-03T06:26:38","guid":{"rendered":"https:\/\/www.maria-koenigin.de\/?p=15181"},"modified":"2024-12-31T12:33:09","modified_gmt":"2024-12-31T11:33:09","slug":"es-ist-wichtig-sich-einzumischen","status":"publish","type":"post","link":"http:\/\/www.maria-koenigin.de\/?p=15181","title":{"rendered":"\u201eEs ist wichtig, sich einzumischen\u201c"},"content":{"rendered":"<p><img loading=\"lazy\" decoding=\"async\" class=\"alignright wp-image-15182 size-full\" style=\"margin-top: 0.857143rem; margin-bottom: 0.857143rem; margin-left: 1.71429rem; text-align: justify;\" src=\"http:\/\/www.maria-koenigin.de\/wordpress\/wp-content\/uploads\/2024\/12\/JugendlandtagMarleen1.jpg\" alt=\"\" width=\"640\" height=\"481\" srcset=\"http:\/\/www.maria-koenigin.de\/wordpress\/wp-content\/uploads\/2024\/12\/JugendlandtagMarleen1.jpg 640w, http:\/\/www.maria-koenigin.de\/wordpress\/wp-content\/uploads\/2024\/12\/JugendlandtagMarleen1-300x225.jpg 300w, http:\/\/www.maria-koenigin.de\/wordpress\/wp-content\/uploads\/2024\/12\/JugendlandtagMarleen1-624x469.jpg 624w\" sizes=\"auto, (max-width: 640px) 100vw, 640px\" \/><\/p>\n<p style=\"text-align: justify;\"><em>Marleen Schmidt war auf Einladung des heimischen Landtagsabgeordneten Gregor Kaiser beim Jugend-Landtag dabei. Hier berichtet sie von ihren Erfahrungen: \u00a0<\/em><\/p>\n<p style=\"text-align: justify;\">&#8222;Als ich die Chance bekam, beim Jugend-Landtag NRW 2024 dabei zu sein, h\u00e4tte ich nie gedacht, wie aufregend und intensiv das Ganze werden w\u00fcrde. Ich interessiere mich zwar f\u00fcr Politik, aber ehrlich gesagt, war mir nie klar, wie viel Arbeit und Verantwortung dahintersteckt. Drei Tage in die Rolle eines Landtagsabgeordneten zu schl\u00fcpfen \u2013 das klang spannend, aber auch irgendwie einsch\u00fcchternd. Jetzt, nach diesen Tagen, kann ich sagen: Es war eine super Erfahrung.<!--more--><\/p>\n<p style=\"text-align: justify;\">Am ersten Tag kamen wir alle in der Jugendherberge in D\u00fcsseldorf an. Ich durfte in mein Zimmer einchecken und dann ging es schon direkt los mit einem Demokratietraining, wo wir uns damit besch\u00e4ftigt haben, was Demokratie f\u00fcr uns ist und wie wichtig es ist diese zu bewahren. Danach ging es los zum Landtag, ein echt beeindruckendes Geb\u00e4ude. Wir wurden etwas herumgef\u00fchrt und sind dann zum parlamentarischen Abend gegangen und haben uns dort mit den Abgeordneten, die wir vertreten haben, ausgetauscht.<\/p>\n<p style=\"text-align: justify;\"><img loading=\"lazy\" decoding=\"async\" class=\"alignright wp-image-15183 size-full\" src=\"http:\/\/www.maria-koenigin.de\/wordpress\/wp-content\/uploads\/2024\/12\/Jugendlandtag3.jpg\" alt=\"\" width=\"640\" height=\"853\" srcset=\"http:\/\/www.maria-koenigin.de\/wordpress\/wp-content\/uploads\/2024\/12\/Jugendlandtag3.jpg 640w, http:\/\/www.maria-koenigin.de\/wordpress\/wp-content\/uploads\/2024\/12\/Jugendlandtag3-225x300.jpg 225w, http:\/\/www.maria-koenigin.de\/wordpress\/wp-content\/uploads\/2024\/12\/Jugendlandtag3-624x832.jpg 624w\" sizes=\"auto, (max-width: 640px) 100vw, 640px\" \/>Am zweiten Tag ging es richtig zur Sache: Fraktionssitzungen, Aussch\u00fcsse und immer wieder Diskussionen. Ich h\u00e4tte nie gedacht, wie schwierig es ist, sich auf Kompromisse zu einigen. Alle hatten andere Ideen, und manchmal waren die Diskussionen ziemlich hitzig. Aber das war auch spannend, weil ich gemerkt habe, dass jeder von uns wirklich hinter seinem Standpunkt stand.<\/p>\n<p style=\"text-align: justify;\">Wir durften uns als Fraktionen ein Thema f\u00fcr die Aktuelle Stunde aussuchen. Meine Fraktion hat den Antrag gestellt \u00fcber das Thema \u201eRadikalisierung durch Social Media\u201c zu reden, welches auch von den anderen Fraktionen angenommen wurde. Besonders interessant fand ich die Ausschussarbeit. Da haben wir die Antr\u00e4ge, die wir zuvor vom Team des Jugendlandtags\u00a0bekommen haben, in Detail besprochen. Unsere beiden Antr\u00e4ge waren \u201emehr Finanzbildung in der Schule\u201c und \u201eMentale Gesundheit\u201c. Ich habe mich vor allem mit den Antrag \u201emehr Finanzbildung in der Schule\u201c auseinandergesetzt. Fragen wie \u201eM\u00fcsste man daf\u00fcr ein neues Schulfach einf\u00fchren\u201c oder \u201eMuss man den Lehrplan daf\u00fcr \u00fcberarbeiten?\u201c haben uns\u00a0gezwungen, nochmal einige Dinge umzudenken. Am Ende haben wir es jedoch geschafft, eine einheitliche Position zu beiden Antr\u00e4gen in der Fraktion auszuarbeiten.<\/p>\n<p style=\"text-align: justify;\"><img loading=\"lazy\" decoding=\"async\" class=\"alignright wp-image-15184 size-full\" src=\"http:\/\/www.maria-koenigin.de\/wordpress\/wp-content\/uploads\/2024\/12\/JugendlandtagMarleen2.jpg\" alt=\"\" width=\"640\" height=\"426\" srcset=\"http:\/\/www.maria-koenigin.de\/wordpress\/wp-content\/uploads\/2024\/12\/JugendlandtagMarleen2.jpg 640w, http:\/\/www.maria-koenigin.de\/wordpress\/wp-content\/uploads\/2024\/12\/JugendlandtagMarleen2-300x200.jpg 300w, http:\/\/www.maria-koenigin.de\/wordpress\/wp-content\/uploads\/2024\/12\/JugendlandtagMarleen2-624x415.jpg 624w\" sizes=\"auto, (max-width: 640px) 100vw, 640px\" \/>Neben all der Politik gab es aber auch viele Momente, in denen wir einfach gequatscht und gelacht haben. Ich habe so viele neue Leute aus ganz NRW kennengelernt, die genauso politikbegeistert sind, wie ich.<\/p>\n<p style=\"text-align: justify;\">Der dritte und letzte Tag war das Highlight: die Plenarsitzung im echten Plenarsaal des Landtags. Da zu sitzen, wo normalerweise die Politiker:innen sitzen, war ein unbeschreibliches Gef\u00fchl. Am Anfang wurden Reden \u00fcber das Thema der aktuellen Stunde gehalten, wo es zu hitzigen Debatten kam. Danach wurde einzeln \u00fcber die Antr\u00e4ge geredet und auch am Ende mehrheitlich abgestimmt. Jetzt werden sie im echten Landtag von den Abgeordneten ausgearbeitet und besprochen.<\/p>\n<p style=\"text-align: justify;\">Der Jugend-Landtag hat mir gezeigt, wie komplex Politik ist, aber auch, wie wichtig es ist, sich einzumischen. Ich habe gelernt, dass meine Stimme z\u00e4hlt und dass man auch als Jugendlicher Dinge ansto\u00dfen kann. Nach diesen drei Tagen sehe ich die Arbeit von Politiker:innen mit ganz anderen Augen.<\/p>\n<p style=\"text-align: justify;\">F\u00fcr alle, die die Chance haben, am Jugend-Landtag teilzunehmen: Macht mit! Es ist eine Erfahrung, die euch nicht nur politisch, sondern auch pers\u00f6nlich weiterbringt.&#8220;<\/p>\n<p><em>Marleen Schmidt (Jgst. 11)<\/em><\/p>\n","protected":false},"excerpt":{"rendered":"<p>Marleen Schmidt war auf Einladung des heimischen Landtagsabgeordneten Gregor Kaiser beim Jugend-Landtag dabei. Hier berichtet sie von ihren Erfahrungen: \u00a0 &#8222;Als ich die Chance bekam, beim Jugend-Landtag NRW 2024 dabei zu sein, h\u00e4tte ich nie gedacht, wie aufregend und intensiv das Ganze werden w\u00fcrde. Ich interessiere mich zwar f\u00fcr Politik, aber ehrlich gesagt, war mir [&hellip;]<\/p>\n","protected":false},"author":7,"featured_media":0,"comment_status":"closed","ping_status":"closed","sticky":false,"template":"","format":"standard","meta":{"ngg_post_thumbnail":0,"footnotes":""},"categories":[4],"tags":[],"class_list":["post-15181","post","type-post","status-publish","format-standard","hentry","category-aktuelles"],"_links":{"self":[{"href":"http:\/\/www.maria-koenigin.de\/index.php?rest_route=\/wp\/v2\/posts\/15181","targetHints":{"allow":["GET"]}}],"collection":[{"href":"http:\/\/www.maria-koenigin.de\/index.php?rest_route=\/wp\/v2\/posts"}],"about":[{"href":"http:\/\/www.maria-koenigin.de\/index.php?rest_route=\/wp\/v2\/types\/post"}],"author":[{"embeddable":true,"href":"http:\/\/www.maria-koenigin.de\/index.php?rest_route=\/wp\/v2\/users\/7"}],"replies":[{"embeddable":true,"href":"http:\/\/www.maria-koenigin.de\/index.php?rest_route=%2Fwp%2Fv2%2Fcomments&post=15181"}],"version-history":[{"count":2,"href":"http:\/\/www.maria-koenigin.de\/index.php?rest_route=\/wp\/v2\/posts\/15181\/revisions"}],"predecessor-version":[{"id":15186,"href":"http:\/\/www.maria-koenigin.de\/index.php?rest_route=\/wp\/v2\/posts\/15181\/revisions\/15186"}],"wp:attachment":[{"href":"http:\/\/www.maria-koenigin.de\/index.php?rest_route=%2Fwp%2Fv2%2Fmedia&parent=15181"}],"wp:term":[{"taxonomy":"category","embeddable":true,"href":"http:\/\/www.maria-koenigin.de\/index.php?rest_route=%2Fwp%2Fv2%2Fcategories&post=15181"},{"taxonomy":"post_tag","embeddable":true,"href":"http:\/\/www.maria-koenigin.de\/index.php?rest_route=%2Fwp%2Fv2%2Ftags&post=15181"}],"curies":[{"name":"wp","href":"https:\/\/api.w.org\/{rel}","templated":true}]}}