{"id":15219,"date":"2025-01-11T19:19:49","date_gmt":"2025-01-11T18:19:49","guid":{"rendered":"https:\/\/www.maria-koenigin.de\/?p=15219"},"modified":"2025-01-14T21:14:48","modified_gmt":"2025-01-14T20:14:48","slug":"buntes-programm-fuer-kinder-und-eltern","status":"publish","type":"post","link":"http:\/\/www.maria-koenigin.de\/?p=15219","title":{"rendered":"Buntes Programm f\u00fcr Kinder und Eltern"},"content":{"rendered":"<p style=\"text-align: justify;\"><img loading=\"lazy\" decoding=\"async\" class=\"alignright wp-image-15220 size-full\" src=\"http:\/\/www.maria-koenigin.de\/wordpress\/wp-content\/uploads\/2025\/01\/TdO25.9.jpg\" alt=\"\" width=\"640\" height=\"427\" srcset=\"http:\/\/www.maria-koenigin.de\/wordpress\/wp-content\/uploads\/2025\/01\/TdO25.9.jpg 640w, http:\/\/www.maria-koenigin.de\/wordpress\/wp-content\/uploads\/2025\/01\/TdO25.9-300x200.jpg 300w, http:\/\/www.maria-koenigin.de\/wordpress\/wp-content\/uploads\/2025\/01\/TdO25.9-624x416.jpg 624w\" sizes=\"auto, (max-width: 640px) 100vw, 640px\" \/>Auf gro\u00dfes Interesse stie\u00df auch in diesem Jahr unser \u201eTag der offenen T\u00fcr\u201c an Maria K\u00f6nigin. Viele Viertkl\u00e4ssler und ihre Eltern besuchten bei traumhaftem Winterwetter die Schule und informierten sich \u00fcber die vielf\u00e4ltigen Angebote unseres Gymnasiums.<\/p>\n<p style=\"text-align: justify;\"><img loading=\"lazy\" decoding=\"async\" class=\"alignright wp-image-15222 size-full\" src=\"http:\/\/www.maria-koenigin.de\/wordpress\/wp-content\/uploads\/2025\/01\/TdO25.4.jpg\" alt=\"\" width=\"640\" height=\"427\" srcset=\"http:\/\/www.maria-koenigin.de\/wordpress\/wp-content\/uploads\/2025\/01\/TdO25.4.jpg 640w, http:\/\/www.maria-koenigin.de\/wordpress\/wp-content\/uploads\/2025\/01\/TdO25.4-300x200.jpg 300w, http:\/\/www.maria-koenigin.de\/wordpress\/wp-content\/uploads\/2025\/01\/TdO25.4-624x416.jpg 624w\" sizes=\"auto, (max-width: 640px) 100vw, 640px\" \/>In kleinen Gruppen wurden sie durch die Schule gef\u00fchrt und die Kinder konnten vieles ausprobieren w\u00e4hrend die Erwachsenen Informationen von den Fachlehrerinnen und Fachlehrern, aber auch durch \u00e4ltere Sch\u00fcler und Sch\u00fclerinnen erhielten. <!--more--><img loading=\"lazy\" decoding=\"async\" class=\"alignright wp-image-15229 size-full\" src=\"http:\/\/www.maria-koenigin.de\/wordpress\/wp-content\/uploads\/2025\/01\/TdO25.17.jpg\" alt=\"\" width=\"640\" height=\"427\" srcset=\"http:\/\/www.maria-koenigin.de\/wordpress\/wp-content\/uploads\/2025\/01\/TdO25.17.jpg 640w, http:\/\/www.maria-koenigin.de\/wordpress\/wp-content\/uploads\/2025\/01\/TdO25.17-300x200.jpg 300w, http:\/\/www.maria-koenigin.de\/wordpress\/wp-content\/uploads\/2025\/01\/TdO25.17-624x416.jpg 624w\" sizes=\"auto, (max-width: 640px) 100vw, 640px\" \/><\/p>\n<p style=\"text-align: justify;\"><img loading=\"lazy\" decoding=\"async\" class=\"alignright wp-image-15221 size-full\" src=\"http:\/\/www.maria-koenigin.de\/wordpress\/wp-content\/uploads\/2025\/01\/TdO25.1.jpg\" alt=\"\" width=\"640\" height=\"480\" srcset=\"http:\/\/www.maria-koenigin.de\/wordpress\/wp-content\/uploads\/2025\/01\/TdO25.1.jpg 640w, http:\/\/www.maria-koenigin.de\/wordpress\/wp-content\/uploads\/2025\/01\/TdO25.1-300x225.jpg 300w, http:\/\/www.maria-koenigin.de\/wordpress\/wp-content\/uploads\/2025\/01\/TdO25.1-624x468.jpg 624w\" sizes=\"auto, (max-width: 640px) 100vw, 640px\" \/><\/p>\n<p style=\"text-align: justify;\">Besonders lebhaft ging es in der Sporthalle und in der unteren Pausenhalle, wo sich die Junior Ingenieur Akademie und das Fach Technik pr\u00e4sentierten, zu.<\/p>\n<p style=\"text-align: justify;\"><img loading=\"lazy\" decoding=\"async\" class=\"alignright wp-image-15223 size-full\" src=\"http:\/\/www.maria-koenigin.de\/wordpress\/wp-content\/uploads\/2025\/01\/TdO25.15.jpg\" alt=\"\" width=\"640\" height=\"427\" srcset=\"http:\/\/www.maria-koenigin.de\/wordpress\/wp-content\/uploads\/2025\/01\/TdO25.15.jpg 640w, http:\/\/www.maria-koenigin.de\/wordpress\/wp-content\/uploads\/2025\/01\/TdO25.15-300x200.jpg 300w, http:\/\/www.maria-koenigin.de\/wordpress\/wp-content\/uploads\/2025\/01\/TdO25.15-624x416.jpg 624w\" sizes=\"auto, (max-width: 640px) 100vw, 640px\" \/>Auch die Proben f\u00fcr das Kinder-Musical \u201eWinnie Wackelzahn\u201c, das am 2. Februar im PZ in Meggen aufgef\u00fchrt wird, machten offensichtlich viel Spa\u00df. Nach Abschluss des Vormittags konnten sich viele den Worten einer Viertkl\u00e4sslerin anschlie\u00dfen: \u201eDas war ein toller Rundgang. Man konnte ganz viel selber machen und alle waren nett.\u201c<\/p>\n<p style=\"text-align: justify;\"><img loading=\"lazy\" decoding=\"async\" class=\"alignright wp-image-15224 size-full\" src=\"http:\/\/www.maria-koenigin.de\/wordpress\/wp-content\/uploads\/2025\/01\/TdO25.2.jpg\" alt=\"\" width=\"640\" height=\"427\" srcset=\"http:\/\/www.maria-koenigin.de\/wordpress\/wp-content\/uploads\/2025\/01\/TdO25.2.jpg 640w, http:\/\/www.maria-koenigin.de\/wordpress\/wp-content\/uploads\/2025\/01\/TdO25.2-300x200.jpg 300w, http:\/\/www.maria-koenigin.de\/wordpress\/wp-content\/uploads\/2025\/01\/TdO25.2-624x416.jpg 624w\" sizes=\"auto, (max-width: 640px) 100vw, 640px\" \/>\u00a0\u00a0\u00a0\u00a0\u00a0 <img loading=\"lazy\" decoding=\"async\" class=\"alignright wp-image-15225 size-full\" src=\"http:\/\/www.maria-koenigin.de\/wordpress\/wp-content\/uploads\/2025\/01\/TdO25.11.jpg\" alt=\"\" width=\"640\" height=\"427\" srcset=\"http:\/\/www.maria-koenigin.de\/wordpress\/wp-content\/uploads\/2025\/01\/TdO25.11.jpg 640w, http:\/\/www.maria-koenigin.de\/wordpress\/wp-content\/uploads\/2025\/01\/TdO25.11-300x200.jpg 300w, http:\/\/www.maria-koenigin.de\/wordpress\/wp-content\/uploads\/2025\/01\/TdO25.11-624x416.jpg 624w\" sizes=\"auto, (max-width: 640px) 100vw, 640px\" \/> <img loading=\"lazy\" decoding=\"async\" class=\"alignright wp-image-15226 size-full\" src=\"http:\/\/www.maria-koenigin.de\/wordpress\/wp-content\/uploads\/2025\/01\/TdO25.12.jpg\" alt=\"\" width=\"640\" height=\"960\" srcset=\"http:\/\/www.maria-koenigin.de\/wordpress\/wp-content\/uploads\/2025\/01\/TdO25.12.jpg 640w, http:\/\/www.maria-koenigin.de\/wordpress\/wp-content\/uploads\/2025\/01\/TdO25.12-200x300.jpg 200w, http:\/\/www.maria-koenigin.de\/wordpress\/wp-content\/uploads\/2025\/01\/TdO25.12-624x936.jpg 624w\" sizes=\"auto, (max-width: 640px) 100vw, 640px\" \/> <img loading=\"lazy\" decoding=\"async\" class=\"alignright wp-image-15227 size-full\" src=\"http:\/\/www.maria-koenigin.de\/wordpress\/wp-content\/uploads\/2025\/01\/TdO25.13.jpg\" alt=\"\" width=\"640\" height=\"427\" srcset=\"http:\/\/www.maria-koenigin.de\/wordpress\/wp-content\/uploads\/2025\/01\/TdO25.13.jpg 640w, http:\/\/www.maria-koenigin.de\/wordpress\/wp-content\/uploads\/2025\/01\/TdO25.13-300x200.jpg 300w, http:\/\/www.maria-koenigin.de\/wordpress\/wp-content\/uploads\/2025\/01\/TdO25.13-624x416.jpg 624w\" sizes=\"auto, (max-width: 640px) 100vw, 640px\" \/> <img loading=\"lazy\" decoding=\"async\" class=\"alignright wp-image-15228 size-full\" src=\"http:\/\/www.maria-koenigin.de\/wordpress\/wp-content\/uploads\/2025\/01\/Tdo25.14.jpg\" alt=\"\" width=\"640\" height=\"427\" srcset=\"http:\/\/www.maria-koenigin.de\/wordpress\/wp-content\/uploads\/2025\/01\/Tdo25.14.jpg 640w, http:\/\/www.maria-koenigin.de\/wordpress\/wp-content\/uploads\/2025\/01\/Tdo25.14-300x200.jpg 300w, http:\/\/www.maria-koenigin.de\/wordpress\/wp-content\/uploads\/2025\/01\/Tdo25.14-624x416.jpg 624w\" sizes=\"auto, (max-width: 640px) 100vw, 640px\" \/><\/p>\n<p>&nbsp;<\/p>\n","protected":false},"excerpt":{"rendered":"<p>Auf gro\u00dfes Interesse stie\u00df auch in diesem Jahr unser \u201eTag der offenen T\u00fcr\u201c an Maria K\u00f6nigin. Viele Viertkl\u00e4ssler und ihre Eltern besuchten bei traumhaftem Winterwetter die Schule und informierten sich \u00fcber die vielf\u00e4ltigen Angebote unseres Gymnasiums. In kleinen Gruppen wurden sie durch die Schule gef\u00fchrt und die Kinder konnten vieles ausprobieren w\u00e4hrend die Erwachsenen Informationen [&hellip;]<\/p>\n","protected":false},"author":7,"featured_media":0,"comment_status":"closed","ping_status":"closed","sticky":false,"template":"","format":"standard","meta":{"ngg_post_thumbnail":0,"footnotes":""},"categories":[4],"tags":[],"class_list":["post-15219","post","type-post","status-publish","format-standard","hentry","category-aktuelles"],"_links":{"self":[{"href":"http:\/\/www.maria-koenigin.de\/index.php?rest_route=\/wp\/v2\/posts\/15219","targetHints":{"allow":["GET"]}}],"collection":[{"href":"http:\/\/www.maria-koenigin.de\/index.php?rest_route=\/wp\/v2\/posts"}],"about":[{"href":"http:\/\/www.maria-koenigin.de\/index.php?rest_route=\/wp\/v2\/types\/post"}],"author":[{"embeddable":true,"href":"http:\/\/www.maria-koenigin.de\/index.php?rest_route=\/wp\/v2\/users\/7"}],"replies":[{"embeddable":true,"href":"http:\/\/www.maria-koenigin.de\/index.php?rest_route=%2Fwp%2Fv2%2Fcomments&post=15219"}],"version-history":[{"count":2,"href":"http:\/\/www.maria-koenigin.de\/index.php?rest_route=\/wp\/v2\/posts\/15219\/revisions"}],"predecessor-version":[{"id":15244,"href":"http:\/\/www.maria-koenigin.de\/index.php?rest_route=\/wp\/v2\/posts\/15219\/revisions\/15244"}],"wp:attachment":[{"href":"http:\/\/www.maria-koenigin.de\/index.php?rest_route=%2Fwp%2Fv2%2Fmedia&parent=15219"}],"wp:term":[{"taxonomy":"category","embeddable":true,"href":"http:\/\/www.maria-koenigin.de\/index.php?rest_route=%2Fwp%2Fv2%2Fcategories&post=15219"},{"taxonomy":"post_tag","embeddable":true,"href":"http:\/\/www.maria-koenigin.de\/index.php?rest_route=%2Fwp%2Fv2%2Ftags&post=15219"}],"curies":[{"name":"wp","href":"https:\/\/api.w.org\/{rel}","templated":true}]}}