{"id":15235,"date":"2025-01-14T19:51:52","date_gmt":"2025-01-14T18:51:52","guid":{"rendered":"https:\/\/www.maria-koenigin.de\/?p=15235"},"modified":"2025-01-14T19:52:28","modified_gmt":"2025-01-14T18:52:28","slug":"musical-ag-praesentiert-vampir-musical","status":"publish","type":"post","link":"http:\/\/www.maria-koenigin.de\/?p=15235","title":{"rendered":"Musical-AG pr\u00e4sentiert Vampir-St\u00fcck"},"content":{"rendered":"<p style=\"text-align: justify;\"><img loading=\"lazy\" decoding=\"async\" class=\"alignright wp-image-15236 size-full\" src=\"http:\/\/www.maria-koenigin.de\/wordpress\/wp-content\/uploads\/2025\/01\/WackelzahnPlakatkl.jpg\" alt=\"\" width=\"640\" height=\"905\" srcset=\"http:\/\/www.maria-koenigin.de\/wordpress\/wp-content\/uploads\/2025\/01\/WackelzahnPlakatkl.jpg 640w, http:\/\/www.maria-koenigin.de\/wordpress\/wp-content\/uploads\/2025\/01\/WackelzahnPlakatkl-212x300.jpg 212w, http:\/\/www.maria-koenigin.de\/wordpress\/wp-content\/uploads\/2025\/01\/WackelzahnPlakatkl-624x882.jpg 624w\" sizes=\"auto, (max-width: 640px) 100vw, 640px\" \/>\u201eWinnie Wackelzahn\u201c ist der Titel des neuen Musicals der Unterstufen-AG des Gymnasiums Maria K\u00f6nigin. In zwei Auff\u00fchrungen pr\u00e4sentieren die \u00a0fast 50 Sch\u00fclerinnen und Sch\u00fcler am Sonntag, dem 2. Februar im P\u00e4dagogischen Zentrum Meggen das spannende und lustige Abenteuer. Das Musical ist gut geeignet f\u00fcr Grundschul- und auch \u00e4ltere Kinder. <!--more--><\/p>\n<p style=\"text-align: justify;\"><img loading=\"lazy\" decoding=\"async\" class=\"alignright wp-image-15237 size-full\" src=\"http:\/\/www.maria-koenigin.de\/wordpress\/wp-content\/uploads\/2025\/01\/Wackelzahn5kl.jpg\" alt=\"\" width=\"640\" height=\"427\" srcset=\"http:\/\/www.maria-koenigin.de\/wordpress\/wp-content\/uploads\/2025\/01\/Wackelzahn5kl.jpg 640w, http:\/\/www.maria-koenigin.de\/wordpress\/wp-content\/uploads\/2025\/01\/Wackelzahn5kl-300x200.jpg 300w, http:\/\/www.maria-koenigin.de\/wordpress\/wp-content\/uploads\/2025\/01\/Wackelzahn5kl-624x416.jpg 624w\" sizes=\"auto, (max-width: 640px) 100vw, 640px\" \/>Im ersten Schulhalbjahr haben die F\u00fcnft- und Sechstkl\u00e4ssler ihre Rollen in Schauspiel, Chor, Band und Tanz mit gro\u00dfer Begeisterung einge\u00fcbt und erste Szenen beim Tag der offenen T\u00fcr an der Schule in einer \u00f6ffentlichen Probe \u00a0gezeigt.<\/p>\n<p style=\"text-align: justify;\"><img loading=\"lazy\" decoding=\"async\" class=\"alignright wp-image-15238 size-full\" src=\"http:\/\/www.maria-koenigin.de\/wordpress\/wp-content\/uploads\/2025\/01\/Wackelzahn4kl.jpg\" alt=\"\" width=\"640\" height=\"427\" srcset=\"http:\/\/www.maria-koenigin.de\/wordpress\/wp-content\/uploads\/2025\/01\/Wackelzahn4kl.jpg 640w, http:\/\/www.maria-koenigin.de\/wordpress\/wp-content\/uploads\/2025\/01\/Wackelzahn4kl-300x200.jpg 300w, http:\/\/www.maria-koenigin.de\/wordpress\/wp-content\/uploads\/2025\/01\/Wackelzahn4kl-624x416.jpg 624w\" sizes=\"auto, (max-width: 640px) 100vw, 640px\" \/>Im Mittelpunkt der Handlung stehen der Vampir Winnie und die beiden Freundinnen Nina und Lucy. Winnie feiert bald seinen zw\u00f6lften Geburtstag, aber er kennt das schlimme Geheimnis seiner Vorfahren noch nicht: Wenn Winnie bis zu seinem Geburtstag nicht einige Tropfen Blut geschleckt hat, fallen ihm seine beiden Eckz\u00e4hne aus \u2013 und was ist ein Vampir schon ohne lange Eckz\u00e4hne? Aber Winnie mag \u00fcberhaupt kein Blut! Da hilft es nur, einen alten Fluch zu brechen, den die b\u00f6se Fee Karfunkula aus dem gro\u00dfen S\u00fcdgebirge vor \u00fcber 500 Jahren \u00fcber die Familie Wackelzahn gelegt hat.<\/p>\n<p style=\"text-align: justify;\"><img loading=\"lazy\" decoding=\"async\" class=\"alignright wp-image-15239 size-full\" src=\"http:\/\/www.maria-koenigin.de\/wordpress\/wp-content\/uploads\/2025\/01\/Wackelzahn3kl.jpg\" alt=\"\" width=\"640\" height=\"427\" srcset=\"http:\/\/www.maria-koenigin.de\/wordpress\/wp-content\/uploads\/2025\/01\/Wackelzahn3kl.jpg 640w, http:\/\/www.maria-koenigin.de\/wordpress\/wp-content\/uploads\/2025\/01\/Wackelzahn3kl-300x200.jpg 300w, http:\/\/www.maria-koenigin.de\/wordpress\/wp-content\/uploads\/2025\/01\/Wackelzahn3kl-624x416.jpg 624w\" sizes=\"auto, (max-width: 640px) 100vw, 640px\" \/>In diese Vampir-Welt reisen die beiden Freundinnen Nina und Lucy und wollen Winnie helfen. Aber das wird gar nicht so einfach \u2013 hier kommen der listige Zahnarzt Zacharias Zange, blutgierige mexikanische Vampirflederm\u00e4use und \u00fcbellaunige Knoblauchzehen ins Spiel. Ein spannendes und lustiges Abenteuer beginnt!<\/p>\n<p style=\"text-align: justify;\"><img loading=\"lazy\" decoding=\"async\" class=\"alignright wp-image-15240 size-full\" src=\"http:\/\/www.maria-koenigin.de\/wordpress\/wp-content\/uploads\/2025\/01\/Wackelzahn1kl.jpg\" alt=\"\" width=\"640\" height=\"360\" srcset=\"http:\/\/www.maria-koenigin.de\/wordpress\/wp-content\/uploads\/2025\/01\/Wackelzahn1kl.jpg 640w, http:\/\/www.maria-koenigin.de\/wordpress\/wp-content\/uploads\/2025\/01\/Wackelzahn1kl-300x169.jpg 300w, http:\/\/www.maria-koenigin.de\/wordpress\/wp-content\/uploads\/2025\/01\/Wackelzahn1kl-624x351.jpg 624w\" sizes=\"auto, (max-width: 640px) 100vw, 640px\" \/>Die Leitung dieses Kinder-Musicals liegt bei Marlene Skala (Schauspiel, B\u00fchne), Berthold Kresin (Band) und Harald J\u00fcngst (Einstudierung), die Live-Musik steuert eine Band mit \u00e4lteren Sch\u00fclern bei. \u00a0Die Auff\u00fchrungen finden am Sonntag, dem 2. Februar um 15 und 18 Uhr im PZ Meggen statt. \u00a0Der Eintritt betr\u00e4gt 5 Euro f\u00fcr Erwachsene bzw. 3 Euro f\u00fcr Kinder. Karten k\u00f6nnen im Vorverkauf im Gymnasium Maria K\u00f6nigin und an der Tageskasse im PZ erworben werden oder \u00fcber das Sekretariat der Schule, Tel. 02723 68780, vorbestellt werden. Weitere und aktuelle Informationen finden sich auf der Homepage unter maria-koenigin.de<\/p>\n<p><img loading=\"lazy\" decoding=\"async\" class=\"alignright wp-image-15223 size-full\" src=\"http:\/\/www.maria-koenigin.de\/wordpress\/wp-content\/uploads\/2025\/01\/TdO25.15.jpg\" alt=\"\" width=\"640\" height=\"427\" srcset=\"http:\/\/www.maria-koenigin.de\/wordpress\/wp-content\/uploads\/2025\/01\/TdO25.15.jpg 640w, http:\/\/www.maria-koenigin.de\/wordpress\/wp-content\/uploads\/2025\/01\/TdO25.15-300x200.jpg 300w, http:\/\/www.maria-koenigin.de\/wordpress\/wp-content\/uploads\/2025\/01\/TdO25.15-624x416.jpg 624w\" sizes=\"auto, (max-width: 640px) 100vw, 640px\" \/><\/p>\n<p>&nbsp;<\/p>\n<p style=\"text-align: justify;\">\n","protected":false},"excerpt":{"rendered":"<p>\u201eWinnie Wackelzahn\u201c ist der Titel des neuen Musicals der Unterstufen-AG des Gymnasiums Maria K\u00f6nigin. In zwei Auff\u00fchrungen pr\u00e4sentieren die \u00a0fast 50 Sch\u00fclerinnen und Sch\u00fcler am Sonntag, dem 2. Februar im P\u00e4dagogischen Zentrum Meggen das spannende und lustige Abenteuer. Das Musical ist gut geeignet f\u00fcr Grundschul- und auch \u00e4ltere Kinder.<\/p>\n","protected":false},"author":7,"featured_media":0,"comment_status":"closed","ping_status":"closed","sticky":false,"template":"","format":"standard","meta":{"ngg_post_thumbnail":0,"footnotes":""},"categories":[4],"tags":[],"class_list":["post-15235","post","type-post","status-publish","format-standard","hentry","category-aktuelles"],"_links":{"self":[{"href":"http:\/\/www.maria-koenigin.de\/index.php?rest_route=\/wp\/v2\/posts\/15235","targetHints":{"allow":["GET"]}}],"collection":[{"href":"http:\/\/www.maria-koenigin.de\/index.php?rest_route=\/wp\/v2\/posts"}],"about":[{"href":"http:\/\/www.maria-koenigin.de\/index.php?rest_route=\/wp\/v2\/types\/post"}],"author":[{"embeddable":true,"href":"http:\/\/www.maria-koenigin.de\/index.php?rest_route=\/wp\/v2\/users\/7"}],"replies":[{"embeddable":true,"href":"http:\/\/www.maria-koenigin.de\/index.php?rest_route=%2Fwp%2Fv2%2Fcomments&post=15235"}],"version-history":[{"count":2,"href":"http:\/\/www.maria-koenigin.de\/index.php?rest_route=\/wp\/v2\/posts\/15235\/revisions"}],"predecessor-version":[{"id":15243,"href":"http:\/\/www.maria-koenigin.de\/index.php?rest_route=\/wp\/v2\/posts\/15235\/revisions\/15243"}],"wp:attachment":[{"href":"http:\/\/www.maria-koenigin.de\/index.php?rest_route=%2Fwp%2Fv2%2Fmedia&parent=15235"}],"wp:term":[{"taxonomy":"category","embeddable":true,"href":"http:\/\/www.maria-koenigin.de\/index.php?rest_route=%2Fwp%2Fv2%2Fcategories&post=15235"},{"taxonomy":"post_tag","embeddable":true,"href":"http:\/\/www.maria-koenigin.de\/index.php?rest_route=%2Fwp%2Fv2%2Ftags&post=15235"}],"curies":[{"name":"wp","href":"https:\/\/api.w.org\/{rel}","templated":true}]}}