{"id":15347,"date":"2025-02-04T23:47:44","date_gmt":"2025-02-04T22:47:44","guid":{"rendered":"https:\/\/www.maria-koenigin.de\/?p=15347"},"modified":"2025-02-05T06:54:10","modified_gmt":"2025-02-05T05:54:10","slug":"magische-momente-mit-winnie-wackelzahn","status":"publish","type":"post","link":"http:\/\/www.maria-koenigin.de\/?p=15347","title":{"rendered":"Magische Momente mit \u201eWinnie Wackelzahn\u201c"},"content":{"rendered":"<p style=\"text-align: justify;\"><img loading=\"lazy\" decoding=\"async\" class=\"alignright wp-image-15348 size-full\" src=\"http:\/\/www.maria-koenigin.de\/wordpress\/wp-content\/uploads\/2025\/02\/Winnie6kl.jpg\" alt=\"\" width=\"640\" height=\"427\" srcset=\"http:\/\/www.maria-koenigin.de\/wordpress\/wp-content\/uploads\/2025\/02\/Winnie6kl.jpg 640w, http:\/\/www.maria-koenigin.de\/wordpress\/wp-content\/uploads\/2025\/02\/Winnie6kl-300x200.jpg 300w, http:\/\/www.maria-koenigin.de\/wordpress\/wp-content\/uploads\/2025\/02\/Winnie6kl-624x416.jpg 624w\" sizes=\"auto, (max-width: 640px) 100vw, 640px\" \/>Die Unterstufen-Musical-AG des Gymnasiums Maria K\u00f6nigin feierte mit dem Kindermusical Winnie Wackelzahn \u00a0von Ralf Israel einen gro\u00dfen Erfolg im PZ Meggen. Die jungen Darstellerinnen und Darsteller begeisterten das Publikum mit mitrei\u00dfendem Schauspiel, schwungvollem Tanz und ausdrucksstarkem Gesang.<!--more--><\/p>\n<p style=\"text-align: justify;\"><img loading=\"lazy\" decoding=\"async\" class=\"alignright wp-image-15349 size-large\" src=\"http:\/\/www.maria-koenigin.de\/wordpress\/wp-content\/uploads\/2025\/02\/Winnie9-1024x683.jpg\" alt=\"\" width=\"625\" height=\"417\" srcset=\"http:\/\/www.maria-koenigin.de\/wordpress\/wp-content\/uploads\/2025\/02\/Winnie9-1024x683.jpg 1024w, http:\/\/www.maria-koenigin.de\/wordpress\/wp-content\/uploads\/2025\/02\/Winnie9-300x200.jpg 300w, http:\/\/www.maria-koenigin.de\/wordpress\/wp-content\/uploads\/2025\/02\/Winnie9-768x512.jpg 768w, http:\/\/www.maria-koenigin.de\/wordpress\/wp-content\/uploads\/2025\/02\/Winnie9-1536x1024.jpg 1536w, http:\/\/www.maria-koenigin.de\/wordpress\/wp-content\/uploads\/2025\/02\/Winnie9-624x416.jpg 624w, http:\/\/www.maria-koenigin.de\/wordpress\/wp-content\/uploads\/2025\/02\/Winnie9.jpg 1920w\" sizes=\"auto, (max-width: 625px) 100vw, 625px\" \/>Aufgrund der hohen Nachfrage fanden zwei Auff\u00fchrungen statt \u2013 um 15:00 Uhr und um 18:00 Uhr. Besonders die erste Vorstellung war bereits Tage zuvor ein voller Erfolg: Sie war restlos ausverkauft. Insgesamt sahen mehr als 800 Zuschauer die Auff\u00fchrungen.<\/p>\n<p style=\"text-align: justify;\"><strong><img loading=\"lazy\" decoding=\"async\" class=\"alignright wp-image-15350 size-full\" src=\"http:\/\/www.maria-koenigin.de\/wordpress\/wp-content\/uploads\/2025\/02\/Winnie15kl.jpg\" alt=\"\" width=\"640\" height=\"427\" srcset=\"http:\/\/www.maria-koenigin.de\/wordpress\/wp-content\/uploads\/2025\/02\/Winnie15kl.jpg 640w, http:\/\/www.maria-koenigin.de\/wordpress\/wp-content\/uploads\/2025\/02\/Winnie15kl-300x200.jpg 300w, http:\/\/www.maria-koenigin.de\/wordpress\/wp-content\/uploads\/2025\/02\/Winnie15kl-624x416.jpg 624w\" sizes=\"auto, (max-width: 640px) 100vw, 640px\" \/>Ein Fluch, rote Gr\u00fctze und jede Menge Abenteuer<\/strong><\/p>\n<p style=\"text-align: justify;\">Die Geschichte erz\u00e4hlt von Winnie, einem jungen Vampir, der kurz vor seinem zehnten Geburtstag steht. Ein alter Fluch verlangt, dass er bis dahin Blut trinken muss, sonst verliert er seine Vampirz\u00e4hne. Doch Winnie und seine Familie haben f\u00fcr Blut nichts \u00fcbrig \u2013 er liebt stattdessen rote Gr\u00fctze mit Himbeereis.<\/p>\n<p style=\"text-align: justify;\"><img loading=\"lazy\" decoding=\"async\" class=\"alignright wp-image-15351 size-full\" src=\"http:\/\/www.maria-koenigin.de\/wordpress\/wp-content\/uploads\/2025\/02\/Winnie19kl.jpg\" alt=\"\" width=\"640\" height=\"454\" srcset=\"http:\/\/www.maria-koenigin.de\/wordpress\/wp-content\/uploads\/2025\/02\/Winnie19kl.jpg 640w, http:\/\/www.maria-koenigin.de\/wordpress\/wp-content\/uploads\/2025\/02\/Winnie19kl-300x213.jpg 300w, http:\/\/www.maria-koenigin.de\/wordpress\/wp-content\/uploads\/2025\/02\/Winnie19kl-624x443.jpg 624w\" sizes=\"auto, (max-width: 640px) 100vw, 640px\" \/>Unterst\u00fctzung bekommt er von den Schwestern Nina und Lucy, die durch einen Zauberspruch ins Reich der Vampire gelangen. Gemeinsam versuchen sie, den Fluch zu brechen, w\u00e4hrend sie sich gegen die b\u00f6se Fee Karfunkula und den hinterlistigen Zahnarzt Zacharias Zange behaupten m\u00fcssen.<\/p>\n<p style=\"text-align: justify;\"><strong><img loading=\"lazy\" decoding=\"async\" class=\"alignright wp-image-15352 size-full\" src=\"http:\/\/www.maria-koenigin.de\/wordpress\/wp-content\/uploads\/2025\/02\/Winnie1kl.jpg\" alt=\"\" width=\"640\" height=\"480\" srcset=\"http:\/\/www.maria-koenigin.de\/wordpress\/wp-content\/uploads\/2025\/02\/Winnie1kl.jpg 640w, http:\/\/www.maria-koenigin.de\/wordpress\/wp-content\/uploads\/2025\/02\/Winnie1kl-300x225.jpg 300w, http:\/\/www.maria-koenigin.de\/wordpress\/wp-content\/uploads\/2025\/02\/Winnie1kl-624x468.jpg 624w\" sizes=\"auto, (max-width: 640px) 100vw, 640px\" \/>Hervorragende Inszenierung durch die Musical-AG<\/strong><\/p>\n<p style=\"text-align: justify;\">Unter der Regie von Marlene Skala, die auch das B\u00fchnenbild gestaltet hatte, entwickelten die jungen Schauspielerinnen und Schauspieler ihre Rollen mit viel Kreativit\u00e4t und Hingabe. Berthold Kresin und seine Band sorgten f\u00fcr die passende musikalische Begleitung, w\u00e4hrend Harald J\u00fcngst f\u00fcr die Einstudierung verantwortlich war.<\/p>\n<p style=\"text-align: justify;\"><img loading=\"lazy\" decoding=\"async\" class=\"alignright wp-image-15353 size-full\" src=\"http:\/\/www.maria-koenigin.de\/wordpress\/wp-content\/uploads\/2025\/02\/Winnie21kl.jpg\" alt=\"\" width=\"640\" height=\"627\" srcset=\"http:\/\/www.maria-koenigin.de\/wordpress\/wp-content\/uploads\/2025\/02\/Winnie21kl.jpg 640w, http:\/\/www.maria-koenigin.de\/wordpress\/wp-content\/uploads\/2025\/02\/Winnie21kl-300x294.jpg 300w, http:\/\/www.maria-koenigin.de\/wordpress\/wp-content\/uploads\/2025\/02\/Winnie21kl-624x611.jpg 624w\" sizes=\"auto, (max-width: 640px) 100vw, 640px\" \/>Besonders beeindruckend waren die Choreografien der jungen Talente, die mit Pr\u00e4zision und Ausdruckskraft dargeboten wurden. Hier konnten die Sch\u00fclerinnen und Sch\u00fcler von ihren Turnstunden profitieren, welche von Miriam Wirtz geleitet werden. Aber auch die Kost\u00fcme, die von Marlene Skala, Monika Lohmeyer und Rita F\u00fcrth angefertigt wurden, trugen zu einer bunten und gelungenen Auff\u00fchrung bei.<\/p>\n<p style=\"text-align: justify;\"><img loading=\"lazy\" decoding=\"async\" class=\"alignright wp-image-15354 size-full\" src=\"http:\/\/www.maria-koenigin.de\/wordpress\/wp-content\/uploads\/2025\/02\/Winnie7kl.jpg\" alt=\"\" width=\"640\" height=\"427\" srcset=\"http:\/\/www.maria-koenigin.de\/wordpress\/wp-content\/uploads\/2025\/02\/Winnie7kl.jpg 640w, http:\/\/www.maria-koenigin.de\/wordpress\/wp-content\/uploads\/2025\/02\/Winnie7kl-300x200.jpg 300w, http:\/\/www.maria-koenigin.de\/wordpress\/wp-content\/uploads\/2025\/02\/Winnie7kl-624x416.jpg 624w\" sizes=\"auto, (max-width: 640px) 100vw, 640px\" \/>\u201eIch war total aufgeregt, aber als wir auf der B\u00fchne standen, hat es einfach nur Spa\u00df gemacht!\u201c\u00a0 \u201eEs war toll zu sehen, wie das Publikum mitgefiebert hat. Am liebsten w\u00fcrde ich sofort wieder auftreten!\u201c waren nur einige Aussagen der verkleideten Flederm\u00e4use, die nach den Auff\u00fchrungen fielen.<\/p>\n<p style=\"text-align: justify;\"><strong><img loading=\"lazy\" decoding=\"async\" class=\"alignright wp-image-15355 size-full\" src=\"http:\/\/www.maria-koenigin.de\/wordpress\/wp-content\/uploads\/2025\/02\/Winnie13kl.jpg\" alt=\"\" width=\"640\" height=\"427\" srcset=\"http:\/\/www.maria-koenigin.de\/wordpress\/wp-content\/uploads\/2025\/02\/Winnie13kl.jpg 640w, http:\/\/www.maria-koenigin.de\/wordpress\/wp-content\/uploads\/2025\/02\/Winnie13kl-300x200.jpg 300w, http:\/\/www.maria-koenigin.de\/wordpress\/wp-content\/uploads\/2025\/02\/Winnie13kl-624x416.jpg 624w\" sizes=\"auto, (max-width: 640px) 100vw, 640px\" \/>Viele Helfer auf und hinter der B\u00fchne <\/strong><\/p>\n<p style=\"text-align: justify;\">Musikalisch wurde das St\u00fcck von einer Live-Band begleitet, in der auch \u00e4ltere Sch\u00fclerinnen und Sch\u00fcler mitwirkten. Die stimmungsvolle Musik unterst\u00fctzte die magische Atmosph\u00e4re des Musicals und verlieh den Songs eine besondere Dynamik. Das lag auch an der perfekten Arbeit der Technik-AG mit Hendrik Sch\u00f6rmann, die f\u00fcr Licht und Ton sorgte.<\/p>\n<p style=\"text-align: justify;\"><img loading=\"lazy\" decoding=\"async\" class=\"alignright wp-image-15356 size-full\" src=\"http:\/\/www.maria-koenigin.de\/wordpress\/wp-content\/uploads\/2025\/02\/Winnie16kl.jpg\" alt=\"\" width=\"640\" height=\"427\" srcset=\"http:\/\/www.maria-koenigin.de\/wordpress\/wp-content\/uploads\/2025\/02\/Winnie16kl.jpg 640w, http:\/\/www.maria-koenigin.de\/wordpress\/wp-content\/uploads\/2025\/02\/Winnie16kl-300x200.jpg 300w, http:\/\/www.maria-koenigin.de\/wordpress\/wp-content\/uploads\/2025\/02\/Winnie16kl-624x416.jpg 624w\" sizes=\"auto, (max-width: 640px) 100vw, 640px\" \/>Das Publikum belohnte die jungen Talente mit tosendem Applaus. Mit dieser gelungenen Auff\u00fchrung hat die Unterstufen-Musical-AG einmal mehr gezeigt, wie viel kreatives Potenzial in den Sch\u00fclerinnen und Sch\u00fclern steckt \u2013 und wie wertvoll das Engagement der Lehrkr\u00e4fte f\u00fcr solch besondere Projekte ist.<\/p>\n<p><em>Hanna Reuber<\/em><\/p>\n<p style=\"text-align: justify;\"><img loading=\"lazy\" decoding=\"async\" class=\"alignright wp-image-15357 size-full\" src=\"http:\/\/www.maria-koenigin.de\/wordpress\/wp-content\/uploads\/2025\/02\/Winnie8kl.jpg\" alt=\"\" width=\"640\" height=\"427\" srcset=\"http:\/\/www.maria-koenigin.de\/wordpress\/wp-content\/uploads\/2025\/02\/Winnie8kl.jpg 640w, http:\/\/www.maria-koenigin.de\/wordpress\/wp-content\/uploads\/2025\/02\/Winnie8kl-300x200.jpg 300w, http:\/\/www.maria-koenigin.de\/wordpress\/wp-content\/uploads\/2025\/02\/Winnie8kl-624x416.jpg 624w\" sizes=\"auto, (max-width: 640px) 100vw, 640px\" \/><\/p>\n","protected":false},"excerpt":{"rendered":"<p>Die Unterstufen-Musical-AG des Gymnasiums Maria K\u00f6nigin feierte mit dem Kindermusical Winnie Wackelzahn \u00a0von Ralf Israel einen gro\u00dfen Erfolg im PZ Meggen. Die jungen Darstellerinnen und Darsteller begeisterten das Publikum mit mitrei\u00dfendem Schauspiel, schwungvollem Tanz und ausdrucksstarkem Gesang.<\/p>\n","protected":false},"author":7,"featured_media":0,"comment_status":"closed","ping_status":"closed","sticky":false,"template":"","format":"standard","meta":{"ngg_post_thumbnail":0,"footnotes":""},"categories":[4],"tags":[],"class_list":["post-15347","post","type-post","status-publish","format-standard","hentry","category-aktuelles"],"_links":{"self":[{"href":"http:\/\/www.maria-koenigin.de\/index.php?rest_route=\/wp\/v2\/posts\/15347","targetHints":{"allow":["GET"]}}],"collection":[{"href":"http:\/\/www.maria-koenigin.de\/index.php?rest_route=\/wp\/v2\/posts"}],"about":[{"href":"http:\/\/www.maria-koenigin.de\/index.php?rest_route=\/wp\/v2\/types\/post"}],"author":[{"embeddable":true,"href":"http:\/\/www.maria-koenigin.de\/index.php?rest_route=\/wp\/v2\/users\/7"}],"replies":[{"embeddable":true,"href":"http:\/\/www.maria-koenigin.de\/index.php?rest_route=%2Fwp%2Fv2%2Fcomments&post=15347"}],"version-history":[{"count":2,"href":"http:\/\/www.maria-koenigin.de\/index.php?rest_route=\/wp\/v2\/posts\/15347\/revisions"}],"predecessor-version":[{"id":15359,"href":"http:\/\/www.maria-koenigin.de\/index.php?rest_route=\/wp\/v2\/posts\/15347\/revisions\/15359"}],"wp:attachment":[{"href":"http:\/\/www.maria-koenigin.de\/index.php?rest_route=%2Fwp%2Fv2%2Fmedia&parent=15347"}],"wp:term":[{"taxonomy":"category","embeddable":true,"href":"http:\/\/www.maria-koenigin.de\/index.php?rest_route=%2Fwp%2Fv2%2Fcategories&post=15347"},{"taxonomy":"post_tag","embeddable":true,"href":"http:\/\/www.maria-koenigin.de\/index.php?rest_route=%2Fwp%2Fv2%2Ftags&post=15347"}],"curies":[{"name":"wp","href":"https:\/\/api.w.org\/{rel}","templated":true}]}}