{"id":15420,"date":"2025-02-18T07:00:03","date_gmt":"2025-02-18T06:00:03","guid":{"rendered":"https:\/\/www.maria-koenigin.de\/?p=15420"},"modified":"2025-02-15T11:16:58","modified_gmt":"2025-02-15T10:16:58","slug":"noah-schaefer-gewinnt-den-diercke-wissen-wettbewerb-2025","status":"publish","type":"post","link":"http:\/\/www.maria-koenigin.de\/?p=15420","title":{"rendered":"Noah Sch\u00e4fer gewinnt den Diercke Wissen Wettbewerb 2025"},"content":{"rendered":"<p><img loading=\"lazy\" decoding=\"async\" class=\"alignright wp-image-15423 size-full\" src=\"http:\/\/www.maria-koenigin.de\/wordpress\/wp-content\/uploads\/2025\/02\/Diercke-Wissen-2025-Siegerfoto-2kl.jpg\" alt=\"\" width=\"640\" height=\"479\" srcset=\"http:\/\/www.maria-koenigin.de\/wordpress\/wp-content\/uploads\/2025\/02\/Diercke-Wissen-2025-Siegerfoto-2kl.jpg 640w, http:\/\/www.maria-koenigin.de\/wordpress\/wp-content\/uploads\/2025\/02\/Diercke-Wissen-2025-Siegerfoto-2kl-300x225.jpg 300w, http:\/\/www.maria-koenigin.de\/wordpress\/wp-content\/uploads\/2025\/02\/Diercke-Wissen-2025-Siegerfoto-2kl-624x467.jpg 624w\" sizes=\"auto, (max-width: 640px) 100vw, 640px\" \/>Die Klassengewinner des Diercke Wissen Wettbewerb 2025 (<em>von rechts nach links<\/em>) zusammen mit Schulleiter Fabian Borys und Lehrer Peter Peil: Ruben Stamm (10b), Lucie Bause (10c), Emma Hanses (7b), Noah Sch\u00e4fer (9a), Clemens Tr\u00f6ster (7a), Samuel Brouwer (8c), David Dommes (10a), Alexandros Hanses (9d), Jonas vom Orde (9b); es fehlen: Jannis Schr\u00f6der (7c), Irem Erdogan (8a), Lea Baumeister (9c) sowie David Sch\u00fcrholz (8b). <!--more--><\/p>\n<p style=\"text-align: justify;\">Zu Anfang des neuen Jahres haben sich traditionell unsere Sch\u00fclerinnen und Sch\u00fcler der Mittelstufe in Deutschlands gr\u00f6\u00dftem Geographiewettbewerb mit \u00fcber 300.000 Teilnehmern gemessen. In diesem seit einem Vierteljahrhundert existierenden Wettbewerb gilt es, mehr oder weniger komplexe Fragen rund um Deutschland und die Welt zu l\u00f6sen. So bestand die Aufgabe zum Beispiel darin, allgemeingeographische Ph\u00e4nomene wie den Unterschied zwischen Magma und Lava zu erkl\u00e4ren, die Vegetationszone am \u00c4quator zu benennen, dar\u00fcber hinaus wurde topographisches Wissen rund um Gew\u00e4sser, Inseln und L\u00e4nder abgefragt. Auch der Happy Planet Index fand erstmals Platz in dem Fragebogen. Zudem mussten die Sch\u00fcler\/innen auch Kartenaufgaben l\u00f6sen, z.B. Bamberg und L\u00fcbeck sowie die Mittelgebirge Eifel und Schwarzwald in einer stummen Karte lokalisieren. Wer schafft es, die folgenden (Bundes)l\u00e4nder zu identifizieren?<\/p>\n<p><img loading=\"lazy\" decoding=\"async\" class=\"alignleft wp-image-15421\" src=\"http:\/\/www.maria-koenigin.de\/wordpress\/wp-content\/uploads\/2025\/02\/Bild3.jpg\" alt=\"\" width=\"217\" height=\"161\" \/><img loading=\"lazy\" decoding=\"async\" class=\"alignnone wp-image-15422\" src=\"http:\/\/www.maria-koenigin.de\/wordpress\/wp-content\/uploads\/2025\/02\/Bild4.jpg\" alt=\"\" width=\"158\" height=\"190\" \/><\/p>\n<p style=\"text-align: justify;\">In der ersten Runde sind die Klassensieger unter flei\u00dfiger Mithilfe des Erdkunde Leistungskurses der Jahrgangsstufe Q2 ermittelt worden (siehe Foto). In der sich anschlie\u00dfenden Finalrunde erzielte Noah Sch\u00e4fer aus der Klasse 9a den ersten Platz mit 27 Punkten; er ist nun unser Schulsieger 2025. Auf Platz 2 landete Ruben Stamm aus der Klasse 10b, knapp vor Alexandros Hanses (9d) und Samuel Brouwer (8c), die sich den dritten Platz teilen. Herzlichen Gl\u00fcckwunsch an die drei Gewinner! Auch Jonas vom Orde (9b) war punktgleich, lag aber bei den Stich-\/Sch\u00e4tzfragen etwas daneben.<\/p>\n<p style=\"text-align: justify;\">Noah hat nun den aktuellen Diercke Weltatlas gewonnen und darf im Landesentscheid Ende M\u00e4rz antreten, wozu wir ihm viel Erfolg w\u00fcnschen.<\/p>\n<p style=\"text-align: justify;\">\u201eDas Fach Geographie verdeutlicht zum \u00ad einen die Sch\u00f6nheit unseres Planeten. Zeitgleich fordert es aber auch die Auseinandersetzung mit den globalen Herausforderungen des 21. Jahrhunderts. Ich bin gespannt, welche Sch\u00fclerinnen und Sch\u00fcler wir am 6. Juni 2025 beim Bundesfinale in Braunschweig begr\u00fc\u00dfen d\u00fcrfen\u201c, erl\u00e4utert Simone Reutemann, die 2. Vorsitzende des VDSG (Verband Deutscher Schulgeographen e. V.).<\/p>\n<p style=\"text-align: justify;\">Erdkunde wird an Maria K\u00f6nigin in den Klassen 5, 8 und 10 unterrichtet und kann in der Oberstufe als Grund-, Leistungs-, aber auch als Projektkurs angew\u00e4hlt werden.\u00a0Wer weiter r\u00e4tseln m\u00f6chte, kann sich gerne bei mir melden, um die Frage- und Antwortb\u00f6gen zu erhalten.<\/p>\n<p><em>Peter Peil \u00a0\u00a0<\/em><\/p>\n","protected":false},"excerpt":{"rendered":"<p>Die Klassengewinner des Diercke Wissen Wettbewerb 2025 (von rechts nach links) zusammen mit Schulleiter Fabian Borys und Lehrer Peter Peil: Ruben Stamm (10b), Lucie Bause (10c), Emma Hanses (7b), Noah Sch\u00e4fer (9a), Clemens Tr\u00f6ster (7a), Samuel Brouwer (8c), David Dommes (10a), Alexandros Hanses (9d), Jonas vom Orde (9b); es fehlen: Jannis Schr\u00f6der (7c), Irem Erdogan [&hellip;]<\/p>\n","protected":false},"author":7,"featured_media":0,"comment_status":"closed","ping_status":"closed","sticky":false,"template":"","format":"standard","meta":{"ngg_post_thumbnail":0,"footnotes":""},"categories":[4],"tags":[],"class_list":["post-15420","post","type-post","status-publish","format-standard","hentry","category-aktuelles"],"_links":{"self":[{"href":"http:\/\/www.maria-koenigin.de\/index.php?rest_route=\/wp\/v2\/posts\/15420","targetHints":{"allow":["GET"]}}],"collection":[{"href":"http:\/\/www.maria-koenigin.de\/index.php?rest_route=\/wp\/v2\/posts"}],"about":[{"href":"http:\/\/www.maria-koenigin.de\/index.php?rest_route=\/wp\/v2\/types\/post"}],"author":[{"embeddable":true,"href":"http:\/\/www.maria-koenigin.de\/index.php?rest_route=\/wp\/v2\/users\/7"}],"replies":[{"embeddable":true,"href":"http:\/\/www.maria-koenigin.de\/index.php?rest_route=%2Fwp%2Fv2%2Fcomments&post=15420"}],"version-history":[{"count":1,"href":"http:\/\/www.maria-koenigin.de\/index.php?rest_route=\/wp\/v2\/posts\/15420\/revisions"}],"predecessor-version":[{"id":15424,"href":"http:\/\/www.maria-koenigin.de\/index.php?rest_route=\/wp\/v2\/posts\/15420\/revisions\/15424"}],"wp:attachment":[{"href":"http:\/\/www.maria-koenigin.de\/index.php?rest_route=%2Fwp%2Fv2%2Fmedia&parent=15420"}],"wp:term":[{"taxonomy":"category","embeddable":true,"href":"http:\/\/www.maria-koenigin.de\/index.php?rest_route=%2Fwp%2Fv2%2Fcategories&post=15420"},{"taxonomy":"post_tag","embeddable":true,"href":"http:\/\/www.maria-koenigin.de\/index.php?rest_route=%2Fwp%2Fv2%2Ftags&post=15420"}],"curies":[{"name":"wp","href":"https:\/\/api.w.org\/{rel}","templated":true}]}}