{"id":15426,"date":"2025-02-25T07:00:24","date_gmt":"2025-02-25T06:00:24","guid":{"rendered":"https:\/\/www.maria-koenigin.de\/?p=15426"},"modified":"2025-02-22T11:48:29","modified_gmt":"2025-02-22T10:48:29","slug":"schueleraustausch-in-madrid-ein-echtes-erlebnis","status":"publish","type":"post","link":"http:\/\/www.maria-koenigin.de\/?p=15426","title":{"rendered":"Sch\u00fcleraustausch in Madrid \u2013 ein echtes Erlebnis!"},"content":{"rendered":"<p style=\"text-align: justify;\"><img loading=\"lazy\" decoding=\"async\" class=\"alignright wp-image-15427 size-full\" src=\"http:\/\/www.maria-koenigin.de\/wordpress\/wp-content\/uploads\/2025\/02\/Spanien25.4.jpg\" alt=\"\" width=\"640\" height=\"426\" srcset=\"http:\/\/www.maria-koenigin.de\/wordpress\/wp-content\/uploads\/2025\/02\/Spanien25.4.jpg 640w, http:\/\/www.maria-koenigin.de\/wordpress\/wp-content\/uploads\/2025\/02\/Spanien25.4-300x200.jpg 300w, http:\/\/www.maria-koenigin.de\/wordpress\/wp-content\/uploads\/2025\/02\/Spanien25.4-624x415.jpg 624w\" sizes=\"auto, (max-width: 640px) 100vw, 640px\" \/>Intensive und erlebnisreiche Tage verbrachten jetzt Sch\u00fclerinnen aus der Jahrgangsstufe EF beim Austausch in Madrid. <em>Marie Kondziela, Maja Nentwig, Ruth Weschollek, Jana Wiese und Marla Wulbeck<\/em> berichten von der Reise:<\/p>\n<p style=\"text-align: justify;\">Nach einer entspannten Anreise am Sonntag startete unser erster gemeinsamer Programmtag morgens um 9.00 Uhr an der spanischen M\u00e4dchenschule <em>Colegio Los Tilos<\/em>. <!--more--><img loading=\"lazy\" decoding=\"async\" class=\"alignright wp-image-15428 size-full\" src=\"http:\/\/www.maria-koenigin.de\/wordpress\/wp-content\/uploads\/2025\/02\/Spanien25.7.jpg\" alt=\"\" width=\"640\" height=\"426\" srcset=\"http:\/\/www.maria-koenigin.de\/wordpress\/wp-content\/uploads\/2025\/02\/Spanien25.7.jpg 640w, http:\/\/www.maria-koenigin.de\/wordpress\/wp-content\/uploads\/2025\/02\/Spanien25.7-300x200.jpg 300w, http:\/\/www.maria-koenigin.de\/wordpress\/wp-content\/uploads\/2025\/02\/Spanien25.7-624x415.jpg 624w\" sizes=\"auto, (max-width: 640px) 100vw, 640px\" \/>Wir trennten uns von den spanischen Sch\u00fclerinnen, da sie den Unterricht besuchten, und wir deutschen M\u00e4dchen bekamen eine detaillierte Schulf\u00fchrung, zusammen mit unserer Lehrerin Frau Beul und unserem Lehrer Herr Sieler. Das Tragen der Schuluniform sowie die strengen Regeln \u00fcberraschten uns, aber die Atmosph\u00e4re an der Schule empfanden wir sofort als sehr herzlich. Anschlie\u00dfend wurde uns dann auch die Jungenschule, die nebenan liegt, gezeigt. Wir alle waren von der Gr\u00f6\u00dfe und der Fl\u00e4che beider Schulen begeistert.<\/p>\n<p style=\"text-align: justify;\"><img loading=\"lazy\" decoding=\"async\" class=\"alignright wp-image-15429 size-full\" src=\"http:\/\/www.maria-koenigin.de\/wordpress\/wp-content\/uploads\/2025\/02\/Spanien25.5.jpg\" alt=\"\" width=\"640\" height=\"480\" srcset=\"http:\/\/www.maria-koenigin.de\/wordpress\/wp-content\/uploads\/2025\/02\/Spanien25.5.jpg 640w, http:\/\/www.maria-koenigin.de\/wordpress\/wp-content\/uploads\/2025\/02\/Spanien25.5-300x225.jpg 300w, http:\/\/www.maria-koenigin.de\/wordpress\/wp-content\/uploads\/2025\/02\/Spanien25.5-624x468.jpg 624w\" sizes=\"auto, (max-width: 640px) 100vw, 640px\" \/>Es ging danach auf einen hohen H\u00fcgel, wo wir die weite Aussicht \u00fcber Madrid genie\u00dfen durften. Nach vielen Fotoaufnahmen fuhren wir nach Hause in die Gastfamilien, um zu Mittag zu essen. Am sp\u00e4ten Nachmittag fuhren wir mit der Metro zum vereinbarten Treffpunkt, der <em>Plaza de Cibeles<\/em>. Wir waren von den pr\u00e4chtigen Geb\u00e4uden dort begeistert. Gemeinsam schlenderten wir durch dieses Stadtviertel mit <em>Ayuntamiento<\/em>, <em>Calle Alcal\u00e1<\/em>, <em>Puerta del Sol, Plaza<\/em> <em>Mayor<\/em> und <em>Plaza de la Villa<\/em>. Die sch\u00f6nen, hohen und hellen H\u00e4user vermittelten uns einen ersten Eindruck von der malerischen Hauptstadt Spaniens. Am Abend probierten wir in einem Restaurant die leckeren, traditionellen <em>Churros<\/em> mit Schokolade. Danach hatten wir noch Zeit zum Bummeln durch die zahlreichen Stra\u00dfen.<\/p>\n<p style=\"text-align: justify;\"><img loading=\"lazy\" decoding=\"async\" class=\"alignright wp-image-15431 size-full\" src=\"http:\/\/www.maria-koenigin.de\/wordpress\/wp-content\/uploads\/2025\/02\/Spanien25.1.jpg\" alt=\"\" width=\"640\" height=\"426\" srcset=\"http:\/\/www.maria-koenigin.de\/wordpress\/wp-content\/uploads\/2025\/02\/Spanien25.1.jpg 640w, http:\/\/www.maria-koenigin.de\/wordpress\/wp-content\/uploads\/2025\/02\/Spanien25.1-300x200.jpg 300w, http:\/\/www.maria-koenigin.de\/wordpress\/wp-content\/uploads\/2025\/02\/Spanien25.1-624x415.jpg 624w\" sizes=\"auto, (max-width: 640px) 100vw, 640px\" \/>Am Dienstagmorgen folgte eine Tour durch das Literatenviertel <em>Barrio de las Letras<\/em>, gemeinsam mit unseren Austauschsch\u00fclerinnen, ihrer Lehrerin und unseren Lehrern. Unterwegs sahen wir viele beeindruckende Bauten, wie beispielsweise das ber\u00fchmte <em>Palace Hotel<\/em> oder den <em>Congreso de los<\/em> <em>Disputados<\/em>. Danach g\u00f6nnten wir uns in einem kleinen Caf\u00e9 gemeinsam eine Kaffeepause, bevor wir uns auf den Weg zum ber\u00fchmten <em>Museo del Prado<\/em> machten. Dort hatten wir zusammen mit Martha, einer Geschichtslehrerin der Schule, eine F\u00fchrung. Sie zeigte und erkl\u00e4rte uns viele bekannte Gem\u00e4lde. Die Besichtigung war wirklich sehr informativ. Nach dem Mittagessen in Kleingruppen trafen wir uns auf der <em>Plaza de Espa\u00f1a<\/em> und spazierten zusammen durch die <em>Gran V\u00eda<\/em> zum <em>RIU Hotel<\/em>, von dessen Dachterrasse im 27. Stock man eine wundersch\u00f6ne Aussicht \u00fcber ganz Madrid bei einem herrlichen Sonnenuntergang hatte. Zum Abschluss gab es eine Fotosession, bevor wir uns dann nach einem langen Tag auf den Weg zur\u00fcck zu unseren Gastfamilien machten und den restlichen Abend mit ihnen verbrachten.<\/p>\n<p style=\"text-align: justify;\"><img loading=\"lazy\" decoding=\"async\" class=\"alignright wp-image-15432 size-full\" src=\"http:\/\/www.maria-koenigin.de\/wordpress\/wp-content\/uploads\/2025\/02\/Spanien25.8.jpg\" alt=\"\" width=\"640\" height=\"853\" srcset=\"http:\/\/www.maria-koenigin.de\/wordpress\/wp-content\/uploads\/2025\/02\/Spanien25.8.jpg 640w, http:\/\/www.maria-koenigin.de\/wordpress\/wp-content\/uploads\/2025\/02\/Spanien25.8-225x300.jpg 225w, http:\/\/www.maria-koenigin.de\/wordpress\/wp-content\/uploads\/2025\/02\/Spanien25.8-624x832.jpg 624w\" sizes=\"auto, (max-width: 640px) 100vw, 640px\" \/><img loading=\"lazy\" decoding=\"async\" class=\"alignright wp-image-15430 size-full\" src=\"http:\/\/www.maria-koenigin.de\/wordpress\/wp-content\/uploads\/2025\/02\/Spanien25.9.jpg\" alt=\"\" width=\"640\" height=\"426\" srcset=\"http:\/\/www.maria-koenigin.de\/wordpress\/wp-content\/uploads\/2025\/02\/Spanien25.9.jpg 640w, http:\/\/www.maria-koenigin.de\/wordpress\/wp-content\/uploads\/2025\/02\/Spanien25.9-300x200.jpg 300w, http:\/\/www.maria-koenigin.de\/wordpress\/wp-content\/uploads\/2025\/02\/Spanien25.9-624x415.jpg 624w\" sizes=\"auto, (max-width: 640px) 100vw, 640px\" \/>Am Mittwochmorgen nahmen wir am Biounterricht teil. Die Lehrerin hatte ein praktisches Experiment vorbereitet: Wir sezierten in mehreren Gruppen zusammen mit spanischen Sch\u00fclerinnen jeweils ein Schweineherz und konnten somit etwas \u00fcber dessen Anatomie lernen. Nach einer gemeinsamen Pause hatten wir Zeit, die Schule und das Au\u00dfengel\u00e4nde noch einmal selbstst\u00e4ndig zu erkunden. Danach waren wir in einer Deutschklasse, wo uns wirklich sch\u00f6ne Pr\u00e4sentationen \u00fcber kulturelle Aspekte Spaniens \u2013 z. B. Feste, Musik, Kulinarisches &#8211; vorgestellt wurden. Nach der Schule gingen alle in ihre Gastfamilien, um mit ihnen zu Mittag zu essen und etwas Zeit zu verbringen. Um 17.30 Uhr trafen wir uns wieder in der Stadt \u2013 an diesem Abend zu einer Tour von <em>Puerta de Alcal\u00e1, Col\u00f3n,<\/em> der <em>Calle Genova<\/em> bis ins <em>Bilbao<\/em> Stadtviertel. W\u00e4hrend unseres Rundgangs sahen wir erneut viele interessante Bauwerke, aber auch eine Pause bei <em>Starbucks<\/em> durfte nicht fehlen. Wir schlossen den Tag mit einem recht sp\u00e4ten Abendessen in den Familien ab.<\/p>\n<p style=\"text-align: justify;\"><img loading=\"lazy\" decoding=\"async\" class=\"alignright wp-image-15433 size-full\" src=\"http:\/\/www.maria-koenigin.de\/wordpress\/wp-content\/uploads\/2025\/02\/Spanien25.3.jpg\" alt=\"\" width=\"640\" height=\"961\" srcset=\"http:\/\/www.maria-koenigin.de\/wordpress\/wp-content\/uploads\/2025\/02\/Spanien25.3.jpg 640w, http:\/\/www.maria-koenigin.de\/wordpress\/wp-content\/uploads\/2025\/02\/Spanien25.3-200x300.jpg 200w, http:\/\/www.maria-koenigin.de\/wordpress\/wp-content\/uploads\/2025\/02\/Spanien25.3-624x937.jpg 624w\" sizes=\"auto, (max-width: 640px) 100vw, 640px\" \/><img loading=\"lazy\" decoding=\"async\" class=\"alignright wp-image-15434 size-full\" src=\"http:\/\/www.maria-koenigin.de\/wordpress\/wp-content\/uploads\/2025\/02\/Spanien25.10.jpg\" alt=\"\" width=\"640\" height=\"426\" srcset=\"http:\/\/www.maria-koenigin.de\/wordpress\/wp-content\/uploads\/2025\/02\/Spanien25.10.jpg 640w, http:\/\/www.maria-koenigin.de\/wordpress\/wp-content\/uploads\/2025\/02\/Spanien25.10-300x200.jpg 300w, http:\/\/www.maria-koenigin.de\/wordpress\/wp-content\/uploads\/2025\/02\/Spanien25.10-624x415.jpg 624w\" sizes=\"auto, (max-width: 640px) 100vw, 640px\" \/>Am Donnerstag trafen wir uns alle um 10.00 Uhr beim Hotel <em>Four Seasons<\/em>. Es hat f\u00fcnf Sterne und gilt als das beste Hotel nicht nur Madrids, sondern Spaniens. Da der Vater einer spanischen Sch\u00fclerin dort arbeitet, durften wir das Hotel sogar als Gruppe betreten und es gab eine kleine F\u00fchrung durch die Lobby. Anschlie\u00dfend unternahmen wir einen weiteren gem\u00fctlichen Spaziergang bis zur Oper. Dann stand ein n\u00e4chstes Highlight auf dem Programm: der herrschaftliche und sehr beeindruckende <em>Palacio Real<\/em>. Bei einer Audiof\u00fchrung erfuhren wir vieles \u00fcber das K\u00f6nigtum Spaniens und die aktuelle K\u00f6nigsfamilie, die aber in einem anderen Palast in Madrid residiert. Danach waren wir zum Abschluss in der pr\u00e4chtigen Kathedrale <em>de<\/em> <em>la Almudena<\/em>. Nach dem Mittagessen in den Gastfamilien hatten wir Freizeit in Kleingruppen zum Shoppen bei <em>Gran Via<\/em> oder auch Karaoke.<\/p>\n<p style=\"text-align: justify;\"><img loading=\"lazy\" decoding=\"async\" class=\"alignright wp-image-15435 size-full\" src=\"http:\/\/www.maria-koenigin.de\/wordpress\/wp-content\/uploads\/2025\/02\/Spanien25.12.jpg\" alt=\"\" width=\"640\" height=\"961\" srcset=\"http:\/\/www.maria-koenigin.de\/wordpress\/wp-content\/uploads\/2025\/02\/Spanien25.12.jpg 640w, http:\/\/www.maria-koenigin.de\/wordpress\/wp-content\/uploads\/2025\/02\/Spanien25.12-200x300.jpg 200w, http:\/\/www.maria-koenigin.de\/wordpress\/wp-content\/uploads\/2025\/02\/Spanien25.12-624x937.jpg 624w\" sizes=\"auto, (max-width: 640px) 100vw, 640px\" \/><img loading=\"lazy\" decoding=\"async\" class=\"alignright wp-image-15436 size-full\" src=\"http:\/\/www.maria-koenigin.de\/wordpress\/wp-content\/uploads\/2025\/02\/Spanien25.13.jpg\" alt=\"\" width=\"640\" height=\"426\" srcset=\"http:\/\/www.maria-koenigin.de\/wordpress\/wp-content\/uploads\/2025\/02\/Spanien25.13.jpg 640w, http:\/\/www.maria-koenigin.de\/wordpress\/wp-content\/uploads\/2025\/02\/Spanien25.13-300x200.jpg 300w, http:\/\/www.maria-koenigin.de\/wordpress\/wp-content\/uploads\/2025\/02\/Spanien25.13-624x415.jpg 624w\" sizes=\"auto, (max-width: 640px) 100vw, 640px\" \/>Am Freitag, unserem letzten gemeinsamen Tag, waren wir noch einmal in der Schule. Zuerst sangen wir mit der Abiturklasse spanische Lieder. In der Pause besuchten wir in der sehr sch\u00f6nen, modernen Kapelle der Schule einen Gottesdienst. Danach gab es in der Schulk\u00fcche\u00a0 ein gemeinsames Kochevent mit den Lehrern. Wir durften viele typische spanische Gerichte vorbereiten und probieren, wie zum Beispiel <em>Tortilla de Patata<\/em>, aber auch eine echte <em>Paella<\/em> sollte nicht fehlen. Nachdem wir alle richtig satt waren, fuhren wir mit der Metro in das Einkaufszentrum <em>La Gavia<\/em>. Die Gr\u00f6\u00dfe war \u00fcberw\u00e4ltigend. In den vielen Shops kauften wir einige Erinnerungsst\u00fccke f\u00fcr zuhause. Den letzten Abend verbrachten wir im Kreise unserer Gastfamilien.<\/p>\n<p style=\"text-align: justify;\"><img loading=\"lazy\" decoding=\"async\" class=\"alignright wp-image-15437 size-full\" src=\"http:\/\/www.maria-koenigin.de\/wordpress\/wp-content\/uploads\/2025\/02\/Spanien25.2.jpg\" alt=\"\" width=\"640\" height=\"426\" srcset=\"http:\/\/www.maria-koenigin.de\/wordpress\/wp-content\/uploads\/2025\/02\/Spanien25.2.jpg 640w, http:\/\/www.maria-koenigin.de\/wordpress\/wp-content\/uploads\/2025\/02\/Spanien25.2-300x200.jpg 300w, http:\/\/www.maria-koenigin.de\/wordpress\/wp-content\/uploads\/2025\/02\/Spanien25.2-624x415.jpg 624w\" sizes=\"auto, (max-width: 640px) 100vw, 640px\" \/>Am fr\u00fchen Samstagnachmittag fuhren wir dann schon zur\u00fcck zum Flughafen. Eine spannende und ereignisreiche Woche bei herrlichem Fr\u00fchlingswetter ging nun zu Ende. Wir danken unseren Lehrern Frau Beul und Herrn Sieler und auch den Lehrerinnen von <em>Los Tilos<\/em>, die uns eine unvergessliche Zeit erm\u00f6glicht haben. Wir freuen uns schon jetzt auf den Gegenbesuch unserer Partnerinnen im Juni.<\/p>\n<p style=\"text-align: justify;\"><em>Marie Kondziela, Maja Nentwig, Ruth Weschollek, Jana Wiese, Marla Wulbeck (Jahrgangsstufe EF)<\/em><\/p>\n","protected":false},"excerpt":{"rendered":"<p>Intensive und erlebnisreiche Tage verbrachten jetzt Sch\u00fclerinnen aus der Jahrgangsstufe EF beim Austausch in Madrid. Marie Kondziela, Maja Nentwig, Ruth Weschollek, Jana Wiese und Marla Wulbeck berichten von der Reise: Nach einer entspannten Anreise am Sonntag startete unser erster gemeinsamer Programmtag morgens um 9.00 Uhr an der spanischen M\u00e4dchenschule Colegio Los Tilos.<\/p>\n","protected":false},"author":7,"featured_media":0,"comment_status":"closed","ping_status":"closed","sticky":false,"template":"","format":"standard","meta":{"ngg_post_thumbnail":0,"footnotes":""},"categories":[4],"tags":[],"class_list":["post-15426","post","type-post","status-publish","format-standard","hentry","category-aktuelles"],"_links":{"self":[{"href":"http:\/\/www.maria-koenigin.de\/index.php?rest_route=\/wp\/v2\/posts\/15426","targetHints":{"allow":["GET"]}}],"collection":[{"href":"http:\/\/www.maria-koenigin.de\/index.php?rest_route=\/wp\/v2\/posts"}],"about":[{"href":"http:\/\/www.maria-koenigin.de\/index.php?rest_route=\/wp\/v2\/types\/post"}],"author":[{"embeddable":true,"href":"http:\/\/www.maria-koenigin.de\/index.php?rest_route=\/wp\/v2\/users\/7"}],"replies":[{"embeddable":true,"href":"http:\/\/www.maria-koenigin.de\/index.php?rest_route=%2Fwp%2Fv2%2Fcomments&post=15426"}],"version-history":[{"count":1,"href":"http:\/\/www.maria-koenigin.de\/index.php?rest_route=\/wp\/v2\/posts\/15426\/revisions"}],"predecessor-version":[{"id":15438,"href":"http:\/\/www.maria-koenigin.de\/index.php?rest_route=\/wp\/v2\/posts\/15426\/revisions\/15438"}],"wp:attachment":[{"href":"http:\/\/www.maria-koenigin.de\/index.php?rest_route=%2Fwp%2Fv2%2Fmedia&parent=15426"}],"wp:term":[{"taxonomy":"category","embeddable":true,"href":"http:\/\/www.maria-koenigin.de\/index.php?rest_route=%2Fwp%2Fv2%2Fcategories&post=15426"},{"taxonomy":"post_tag","embeddable":true,"href":"http:\/\/www.maria-koenigin.de\/index.php?rest_route=%2Fwp%2Fv2%2Ftags&post=15426"}],"curies":[{"name":"wp","href":"https:\/\/api.w.org\/{rel}","templated":true}]}}