{"id":15439,"date":"2025-02-22T13:58:56","date_gmt":"2025-02-22T12:58:56","guid":{"rendered":"https:\/\/www.maria-koenigin.de\/?p=15439"},"modified":"2025-02-22T13:58:56","modified_gmt":"2025-02-22T12:58:56","slug":"junior-wahl-zum-bundestag-in-den-jahrgangsstufen-9-q2","status":"publish","type":"post","link":"http:\/\/www.maria-koenigin.de\/?p=15439","title":{"rendered":"Junior-Wahl zum Bundestag in den Jahrgangsstufen 9 \u2013 Q2"},"content":{"rendered":"<p style=\"text-align: justify;\"><img loading=\"lazy\" decoding=\"async\" class=\"alignright wp-image-15440 size-full\" src=\"http:\/\/www.maria-koenigin.de\/wordpress\/wp-content\/uploads\/2025\/02\/Junior-Wahl4.jpg\" alt=\"\" width=\"640\" height=\"853\" srcset=\"http:\/\/www.maria-koenigin.de\/wordpress\/wp-content\/uploads\/2025\/02\/Junior-Wahl4.jpg 640w, http:\/\/www.maria-koenigin.de\/wordpress\/wp-content\/uploads\/2025\/02\/Junior-Wahl4-225x300.jpg 225w, http:\/\/www.maria-koenigin.de\/wordpress\/wp-content\/uploads\/2025\/02\/Junior-Wahl4-624x832.jpg 624w\" sizes=\"auto, (max-width: 640px) 100vw, 640px\" \/>In den letzten Tagen haben sich auch bei uns Sch\u00fclerinnen und Sch\u00fcler aus den Klassen 9 und 10 und der Oberstufe an der Junior-Wahl beteiligt. Mit m\u00f6glichst realen Bedingungen, einer Wahlbenachrichtigung, Wahlkabinen, einer Wahlurne und originalgetreuen Wahlzetteln wurde die Wahl durchgespielt.\u00a0 Im Politik- und Sozialwissenschaftsunterricht hatte man sich zuvor \u00fcber die zur Wahl stehenden Parteien und die aktuellen Themen der deutschen Politik informiert. H\u00e4ufig wurde dazu auch der Wahl-O-Mat genutzt.<!--more--><\/p>\n<p style=\"text-align: justify;\"><img loading=\"lazy\" decoding=\"async\" class=\"alignright wp-image-15441 size-full\" src=\"http:\/\/www.maria-koenigin.de\/wordpress\/wp-content\/uploads\/2025\/02\/Junior-Wahl2.jpg\" alt=\"\" width=\"640\" height=\"853\" srcset=\"http:\/\/www.maria-koenigin.de\/wordpress\/wp-content\/uploads\/2025\/02\/Junior-Wahl2.jpg 640w, http:\/\/www.maria-koenigin.de\/wordpress\/wp-content\/uploads\/2025\/02\/Junior-Wahl2-225x300.jpg 225w, http:\/\/www.maria-koenigin.de\/wordpress\/wp-content\/uploads\/2025\/02\/Junior-Wahl2-624x832.jpg 624w\" sizes=\"auto, (max-width: 640px) 100vw, 640px\" \/>Die Organisation lag in den H\u00e4nden von Lehrerin Annabell Treude und der SV, die auf einen ordnungsgem\u00e4\u00dfen Ablauf achtetet. Die Wahlbeteiligung war sehr hoch, weil klassen- und kursweise gew\u00e4hlt wurde, die Ergebnisse werden erst nach dem Wahlsonntag in der Schule \u00a0bekannt gegeben.<\/p>\n<p style=\"text-align: justify;\"><img loading=\"lazy\" decoding=\"async\" class=\"alignright wp-image-15442 size-full\" src=\"http:\/\/www.maria-koenigin.de\/wordpress\/wp-content\/uploads\/2025\/02\/Junior-Wahl3.jpg\" alt=\"\" width=\"640\" height=\"853\" srcset=\"http:\/\/www.maria-koenigin.de\/wordpress\/wp-content\/uploads\/2025\/02\/Junior-Wahl3.jpg 640w, http:\/\/www.maria-koenigin.de\/wordpress\/wp-content\/uploads\/2025\/02\/Junior-Wahl3-225x300.jpg 225w, http:\/\/www.maria-koenigin.de\/wordpress\/wp-content\/uploads\/2025\/02\/Junior-Wahl3-624x832.jpg 624w\" sizes=\"auto, (max-width: 640px) 100vw, 640px\" \/>Annabell Treude von der Politik-Fachschaft erkl\u00e4rt: \u201eDie Junior-Wahl und die Thematisierung im Unterricht trafen auf gro\u00dfes Interesse in den Klassen und Kursen. Die Diskussionen im Unterricht rund um die Wahl wurden sehr ernsthaft gef\u00fchrt. Die Sch\u00fclerinnen und Sch\u00fcler sp\u00fcren, dass Demokratie und Wahlen wichtig sind und nehmen ihre Verantwortung wahr.\u201c<\/p>\n","protected":false},"excerpt":{"rendered":"<p>In den letzten Tagen haben sich auch bei uns Sch\u00fclerinnen und Sch\u00fcler aus den Klassen 9 und 10 und der Oberstufe an der Junior-Wahl beteiligt. Mit m\u00f6glichst realen Bedingungen, einer Wahlbenachrichtigung, Wahlkabinen, einer Wahlurne und originalgetreuen Wahlzetteln wurde die Wahl durchgespielt.\u00a0 Im Politik- und Sozialwissenschaftsunterricht hatte man sich zuvor \u00fcber die zur Wahl stehenden Parteien [&hellip;]<\/p>\n","protected":false},"author":7,"featured_media":0,"comment_status":"closed","ping_status":"closed","sticky":false,"template":"","format":"standard","meta":{"ngg_post_thumbnail":0,"footnotes":""},"categories":[4],"tags":[],"class_list":["post-15439","post","type-post","status-publish","format-standard","hentry","category-aktuelles"],"_links":{"self":[{"href":"http:\/\/www.maria-koenigin.de\/index.php?rest_route=\/wp\/v2\/posts\/15439","targetHints":{"allow":["GET"]}}],"collection":[{"href":"http:\/\/www.maria-koenigin.de\/index.php?rest_route=\/wp\/v2\/posts"}],"about":[{"href":"http:\/\/www.maria-koenigin.de\/index.php?rest_route=\/wp\/v2\/types\/post"}],"author":[{"embeddable":true,"href":"http:\/\/www.maria-koenigin.de\/index.php?rest_route=\/wp\/v2\/users\/7"}],"replies":[{"embeddable":true,"href":"http:\/\/www.maria-koenigin.de\/index.php?rest_route=%2Fwp%2Fv2%2Fcomments&post=15439"}],"version-history":[{"count":1,"href":"http:\/\/www.maria-koenigin.de\/index.php?rest_route=\/wp\/v2\/posts\/15439\/revisions"}],"predecessor-version":[{"id":15443,"href":"http:\/\/www.maria-koenigin.de\/index.php?rest_route=\/wp\/v2\/posts\/15439\/revisions\/15443"}],"wp:attachment":[{"href":"http:\/\/www.maria-koenigin.de\/index.php?rest_route=%2Fwp%2Fv2%2Fmedia&parent=15439"}],"wp:term":[{"taxonomy":"category","embeddable":true,"href":"http:\/\/www.maria-koenigin.de\/index.php?rest_route=%2Fwp%2Fv2%2Fcategories&post=15439"},{"taxonomy":"post_tag","embeddable":true,"href":"http:\/\/www.maria-koenigin.de\/index.php?rest_route=%2Fwp%2Fv2%2Ftags&post=15439"}],"curies":[{"name":"wp","href":"https:\/\/api.w.org\/{rel}","templated":true}]}}