{"id":15476,"date":"2025-02-28T10:46:41","date_gmt":"2025-02-28T09:46:41","guid":{"rendered":"https:\/\/www.maria-koenigin.de\/?p=15476"},"modified":"2025-02-28T10:46:41","modified_gmt":"2025-02-28T09:46:41","slug":"schoene-karnevalstage","status":"publish","type":"post","link":"http:\/\/www.maria-koenigin.de\/?p=15476","title":{"rendered":"Sch\u00f6ne Karnevalstage"},"content":{"rendered":"<p style=\"text-align: justify;\"><img loading=\"lazy\" decoding=\"async\" class=\"alignright wp-image-15477 size-full\" src=\"http:\/\/www.maria-koenigin.de\/wordpress\/wp-content\/uploads\/2025\/02\/Karnevalswuenschekl.jpg\" alt=\"\" width=\"640\" height=\"800\" srcset=\"http:\/\/www.maria-koenigin.de\/wordpress\/wp-content\/uploads\/2025\/02\/Karnevalswuenschekl.jpg 640w, http:\/\/www.maria-koenigin.de\/wordpress\/wp-content\/uploads\/2025\/02\/Karnevalswuenschekl-240x300.jpg 240w, http:\/\/www.maria-koenigin.de\/wordpress\/wp-content\/uploads\/2025\/02\/Karnevalswuenschekl-624x780.jpg 624w\" sizes=\"auto, (max-width: 640px) 100vw, 640px\" \/><\/p>\n<p style=\"text-align: justify;\">Mit einem Bild des Bistums Essen w\u00fcnschen wir allen Sch\u00fclerinnen und Sch\u00fclern, aber auch allen Eltern sch\u00f6ne Karnevalstage. Seid fr\u00f6hlich und genie\u00dft die Zeit, ob in Grevenbr\u00fcck, Saalhausen oder in den vielen anderen Orten mit Kinder-, Sitzungs- und Stra\u00dfenkarneval.<\/p>\n<p>&nbsp;<\/p>\n","protected":false},"excerpt":{"rendered":"<p>Mit einem Bild des Bistums Essen w\u00fcnschen wir allen Sch\u00fclerinnen und Sch\u00fclern, aber auch allen Eltern sch\u00f6ne Karnevalstage. Seid fr\u00f6hlich und genie\u00dft die Zeit, ob in Grevenbr\u00fcck, Saalhausen oder in den vielen anderen Orten mit Kinder-, Sitzungs- und Stra\u00dfenkarneval. &nbsp;<\/p>\n","protected":false},"author":7,"featured_media":0,"comment_status":"closed","ping_status":"closed","sticky":false,"template":"","format":"standard","meta":{"ngg_post_thumbnail":0,"footnotes":""},"categories":[4],"tags":[],"class_list":["post-15476","post","type-post","status-publish","format-standard","hentry","category-aktuelles"],"_links":{"self":[{"href":"http:\/\/www.maria-koenigin.de\/index.php?rest_route=\/wp\/v2\/posts\/15476","targetHints":{"allow":["GET"]}}],"collection":[{"href":"http:\/\/www.maria-koenigin.de\/index.php?rest_route=\/wp\/v2\/posts"}],"about":[{"href":"http:\/\/www.maria-koenigin.de\/index.php?rest_route=\/wp\/v2\/types\/post"}],"author":[{"embeddable":true,"href":"http:\/\/www.maria-koenigin.de\/index.php?rest_route=\/wp\/v2\/users\/7"}],"replies":[{"embeddable":true,"href":"http:\/\/www.maria-koenigin.de\/index.php?rest_route=%2Fwp%2Fv2%2Fcomments&post=15476"}],"version-history":[{"count":1,"href":"http:\/\/www.maria-koenigin.de\/index.php?rest_route=\/wp\/v2\/posts\/15476\/revisions"}],"predecessor-version":[{"id":15478,"href":"http:\/\/www.maria-koenigin.de\/index.php?rest_route=\/wp\/v2\/posts\/15476\/revisions\/15478"}],"wp:attachment":[{"href":"http:\/\/www.maria-koenigin.de\/index.php?rest_route=%2Fwp%2Fv2%2Fmedia&parent=15476"}],"wp:term":[{"taxonomy":"category","embeddable":true,"href":"http:\/\/www.maria-koenigin.de\/index.php?rest_route=%2Fwp%2Fv2%2Fcategories&post=15476"},{"taxonomy":"post_tag","embeddable":true,"href":"http:\/\/www.maria-koenigin.de\/index.php?rest_route=%2Fwp%2Fv2%2Ftags&post=15476"}],"curies":[{"name":"wp","href":"https:\/\/api.w.org\/{rel}","templated":true}]}}