{"id":3927,"date":"2015-09-15T21:43:14","date_gmt":"2015-09-15T19:43:14","guid":{"rendered":"http:\/\/www.maria-koenigin.de\/?p=3927"},"modified":"2015-09-16T17:30:43","modified_gmt":"2015-09-16T15:30:43","slug":"platzreife-bestanden","status":"publish","type":"post","link":"http:\/\/www.maria-koenigin.de\/?p=3927","title":{"rendered":"Platzreife bestanden!"},"content":{"rendered":"<p><img loading=\"lazy\" decoding=\"async\" class=\"aligncenter wp-image-3924 size-full\" src=\"http:\/\/www.maria-koenigin.de\/wordpress\/wp-content\/uploads\/2015\/09\/golf_ag_2015_2856-e1442346507423.jpg\" alt=\"golf_ag_2015_2856\" width=\"576\" height=\"346\" srcset=\"http:\/\/www.maria-koenigin.de\/wordpress\/wp-content\/uploads\/2015\/09\/golf_ag_2015_2856-e1442346507423.jpg 576w, http:\/\/www.maria-koenigin.de\/wordpress\/wp-content\/uploads\/2015\/09\/golf_ag_2015_2856-e1442346507423-300x180.jpg 300w\" sizes=\"auto, (max-width: 576px) 100vw, 576px\" \/><\/p>\n<p>Acht Sch\u00fclerinnen und Sch\u00fcler der Golf-AG erhielten heute nach bestandener theoretischer und praktischer Pr\u00fcfung die Platzreife des Deutschen Golfverbandes.<\/p>\n<p><!--more--><\/p>\n<p>Nach 15 praktischen sowie\u00a0theoretischen Einheiten ist es geschafft!<\/p>\n<p>Am heutigen Dienstag schlossen acht Sch\u00fclerinnen und Sch\u00fcler des Gymnasiums Maria K\u00f6nigin die mittlerweile sechste Golf-AG mit der Platzreife des Deutschen Golfverbandes ab. Angeleitet durch den ehemaligen Golfprofi Phil Sierocinski lernten die Sch\u00fclerinnen und Sch\u00fcler &#8222;putten&#8220;, &#8222;pitschen&#8220; und &#8222;chippen&#8220;.<\/p>\n<p>Das von\u00a0Herrn Kramer neu erstellte Konzept der AG erwies sich als Gl\u00fccksgriff. Bisher war es nur der Oberstufe vorbehalten an der AG teilzunehmen. In diesem Jahr wurde bewusst das Augenmerk verst\u00e4rkt auf Teilnehmer aus der\u00a0Jahrgangsstufe 9\u00a0gelegt. Nicht nur die Motivation war bei dieser Altersstufe weitaus h\u00f6her als in den vergangenen Jahren, auch erlernten die Sch\u00fclerinnen und Sch\u00fcler golfspezifische Bewegungen um ein Vielfaches schneller.<\/p>\n<p><img loading=\"lazy\" decoding=\"async\" class=\"wp-image-3926 alignleft\" src=\"http:\/\/www.maria-koenigin.de\/wordpress\/wp-content\/uploads\/2015\/09\/golf_ag_2015_2885.jpg\" alt=\"golf_ag_2015_2885\" width=\"286\" height=\"215\" srcset=\"http:\/\/www.maria-koenigin.de\/wordpress\/wp-content\/uploads\/2015\/09\/golf_ag_2015_2885.jpg 600w, http:\/\/www.maria-koenigin.de\/wordpress\/wp-content\/uploads\/2015\/09\/golf_ag_2015_2885-300x225.jpg 300w\" sizes=\"auto, (max-width: 286px) 100vw, 286px\" \/><\/p>\n<p>Aus diesem Grunde lies sich Golf-Pro Phil Sierocinski f\u00fcr die vielen Talente etwas Besonderes einfallen. Den beiden talentiertesten Teilnehmern, Celine Tr\u00f6ster und Dustin Modic, sprach er eine Einladung zu kostenlosen Trainerstunden aus. Nach dieser Intensivschulung winkt den beiden eventuell sogar eine einj\u00e4hrige, kostenlose Mitgliedschaft. Wir bedanken uns f\u00fcr dieses tolle Angebot!<\/p>\n<p><img loading=\"lazy\" decoding=\"async\" class=\"alignright wp-image-3925\" src=\"http:\/\/www.maria-koenigin.de\/wordpress\/wp-content\/uploads\/2015\/09\/golf_ag_2015_2866.jpg\" alt=\"golf_ag_2015_2866\" width=\"328\" height=\"246\" srcset=\"http:\/\/www.maria-koenigin.de\/wordpress\/wp-content\/uploads\/2015\/09\/golf_ag_2015_2866.jpg 600w, http:\/\/www.maria-koenigin.de\/wordpress\/wp-content\/uploads\/2015\/09\/golf_ag_2015_2866-300x225.jpg 300w\" sizes=\"auto, (max-width: 328px) 100vw, 328px\" \/><\/p>\n<p>Allen Teilnehmern gratulieren wir zur bestandenen Pr\u00fcfung ganz herzlich!<\/p>\n<p>Inhaber der Platzreife sind:<\/p>\n<p>Celine Tr\u00f6ster, Lena W\u00fcllner, Nina Czech, Carolin Schmitz, Sophie Schulte, Dustin Modic, Justin Blum und Nicholas Bartlett.<\/p>\n<p style=\"text-align: right;\">\n","protected":false},"excerpt":{"rendered":"<p>Acht Sch\u00fclerinnen und Sch\u00fcler der Golf-AG erhielten heute nach bestandener theoretischer und praktischer Pr\u00fcfung die Platzreife des Deutschen Golfverbandes.<\/p>\n","protected":false},"author":8,"featured_media":0,"comment_status":"closed","ping_status":"closed","sticky":false,"template":"","format":"standard","meta":{"ngg_post_thumbnail":0,"footnotes":""},"categories":[4],"tags":[],"class_list":["post-3927","post","type-post","status-publish","format-standard","hentry","category-aktuelles"],"_links":{"self":[{"href":"http:\/\/www.maria-koenigin.de\/index.php?rest_route=\/wp\/v2\/posts\/3927","targetHints":{"allow":["GET"]}}],"collection":[{"href":"http:\/\/www.maria-koenigin.de\/index.php?rest_route=\/wp\/v2\/posts"}],"about":[{"href":"http:\/\/www.maria-koenigin.de\/index.php?rest_route=\/wp\/v2\/types\/post"}],"author":[{"embeddable":true,"href":"http:\/\/www.maria-koenigin.de\/index.php?rest_route=\/wp\/v2\/users\/8"}],"replies":[{"embeddable":true,"href":"http:\/\/www.maria-koenigin.de\/index.php?rest_route=%2Fwp%2Fv2%2Fcomments&post=3927"}],"version-history":[{"count":6,"href":"http:\/\/www.maria-koenigin.de\/index.php?rest_route=\/wp\/v2\/posts\/3927\/revisions"}],"predecessor-version":[{"id":3934,"href":"http:\/\/www.maria-koenigin.de\/index.php?rest_route=\/wp\/v2\/posts\/3927\/revisions\/3934"}],"wp:attachment":[{"href":"http:\/\/www.maria-koenigin.de\/index.php?rest_route=%2Fwp%2Fv2%2Fmedia&parent=3927"}],"wp:term":[{"taxonomy":"category","embeddable":true,"href":"http:\/\/www.maria-koenigin.de\/index.php?rest_route=%2Fwp%2Fv2%2Fcategories&post=3927"},{"taxonomy":"post_tag","embeddable":true,"href":"http:\/\/www.maria-koenigin.de\/index.php?rest_route=%2Fwp%2Fv2%2Ftags&post=3927"}],"curies":[{"name":"wp","href":"https:\/\/api.w.org\/{rel}","templated":true}]}}