{"id":4491,"date":"2015-11-23T19:56:02","date_gmt":"2015-11-23T17:56:02","guid":{"rendered":"http:\/\/www.maria-koenigin.de\/?p=4491"},"modified":"2015-11-23T19:56:02","modified_gmt":"2015-11-23T17:56:02","slug":"autorenlesung-am-donnerstag-12-november-2015","status":"publish","type":"post","link":"http:\/\/www.maria-koenigin.de\/?p=4491","title":{"rendered":"Autorenlesung am Donnerstag, 12. November 2015"},"content":{"rendered":"<p style=\"text-align: justify;\"><img loading=\"lazy\" decoding=\"async\" class=\"aligncenter size-full wp-image-4492\" src=\"http:\/\/www.maria-koenigin.de\/wordpress\/wp-content\/uploads\/2015\/11\/autorenlesung.jpg\" alt=\"autorenlesung\" width=\"600\" height=\"400\" srcset=\"http:\/\/www.maria-koenigin.de\/wordpress\/wp-content\/uploads\/2015\/11\/autorenlesung.jpg 600w, http:\/\/www.maria-koenigin.de\/wordpress\/wp-content\/uploads\/2015\/11\/autorenlesung-300x200.jpg 300w\" sizes=\"auto, (max-width: 600px) 100vw, 600px\" \/>Auch in diesem Jahr besuchte wieder eine Autorin im Rahmen des 24. Literarischen Herbstes in Lennestadt unsere Schule. Die Kinderbuchautorin Annette Weber aus Bad Lippspringe las vor 101 begeisterten Sch\u00fclerinnen und Sch\u00fclern der achten Klassen aus ihren Werken und wusste die Zuh\u00f6rer durchaus in ihren Bann zu ziehen.<br \/>\nNeben interessanten Passagen aus ihren B\u00fcchern beantwortete Frau Weber auch zahlreiche Fragen zu ihrer Person und zum Beruf der Autorin allgemein. Am Ende der zwei Stunden am Donnerstagmorgen waren sich alle Beteiligten einig: Die Zeit verging wie im Flug.<\/p>\n","protected":false},"excerpt":{"rendered":"<p>Auch in diesem Jahr besuchte wieder eine Autorin im Rahmen des 24. Literarischen Herbstes in Lennestadt unsere Schule. Die Kinderbuchautorin Annette Weber aus Bad Lippspringe las vor 101 begeisterten Sch\u00fclerinnen und Sch\u00fclern der achten Klassen aus ihren Werken und wusste die Zuh\u00f6rer durchaus in ihren Bann zu ziehen. Neben interessanten Passagen aus ihren B\u00fcchern beantwortete [&hellip;]<\/p>\n","protected":false},"author":1,"featured_media":0,"comment_status":"closed","ping_status":"closed","sticky":false,"template":"","format":"standard","meta":{"ngg_post_thumbnail":0,"footnotes":""},"categories":[4],"tags":[],"class_list":["post-4491","post","type-post","status-publish","format-standard","hentry","category-aktuelles"],"_links":{"self":[{"href":"http:\/\/www.maria-koenigin.de\/index.php?rest_route=\/wp\/v2\/posts\/4491","targetHints":{"allow":["GET"]}}],"collection":[{"href":"http:\/\/www.maria-koenigin.de\/index.php?rest_route=\/wp\/v2\/posts"}],"about":[{"href":"http:\/\/www.maria-koenigin.de\/index.php?rest_route=\/wp\/v2\/types\/post"}],"author":[{"embeddable":true,"href":"http:\/\/www.maria-koenigin.de\/index.php?rest_route=\/wp\/v2\/users\/1"}],"replies":[{"embeddable":true,"href":"http:\/\/www.maria-koenigin.de\/index.php?rest_route=%2Fwp%2Fv2%2Fcomments&post=4491"}],"version-history":[{"count":1,"href":"http:\/\/www.maria-koenigin.de\/index.php?rest_route=\/wp\/v2\/posts\/4491\/revisions"}],"predecessor-version":[{"id":4493,"href":"http:\/\/www.maria-koenigin.de\/index.php?rest_route=\/wp\/v2\/posts\/4491\/revisions\/4493"}],"wp:attachment":[{"href":"http:\/\/www.maria-koenigin.de\/index.php?rest_route=%2Fwp%2Fv2%2Fmedia&parent=4491"}],"wp:term":[{"taxonomy":"category","embeddable":true,"href":"http:\/\/www.maria-koenigin.de\/index.php?rest_route=%2Fwp%2Fv2%2Fcategories&post=4491"},{"taxonomy":"post_tag","embeddable":true,"href":"http:\/\/www.maria-koenigin.de\/index.php?rest_route=%2Fwp%2Fv2%2Ftags&post=4491"}],"curies":[{"name":"wp","href":"https:\/\/api.w.org\/{rel}","templated":true}]}}