{"id":4495,"date":"2015-12-06T14:10:03","date_gmt":"2015-12-06T12:10:03","guid":{"rendered":"http:\/\/www.maria-koenigin.de\/?p=4495"},"modified":"2015-12-06T15:43:14","modified_gmt":"2015-12-06T13:43:14","slug":"zeit-die-herzen-zu-oeffnen-lesung-mit-musik","status":"publish","type":"post","link":"http:\/\/www.maria-koenigin.de\/?p=4495","title":{"rendered":"&#8222;Zeit, die Herzen zu \u00f6ffnen&#8220;  &#8211; Lesung mit Musik"},"content":{"rendered":"<p style=\"text-align: justify;\"><img loading=\"lazy\" decoding=\"async\" class=\"aligncenter size-large wp-image-4496\" src=\"http:\/\/www.maria-koenigin.de\/wordpress\/wp-content\/uploads\/2015\/11\/Otten-Homepage-728x1024.jpg\" alt=\"Otten-Homepage\" width=\"625\" height=\"879\" srcset=\"http:\/\/www.maria-koenigin.de\/wordpress\/wp-content\/uploads\/2015\/11\/Otten-Homepage-728x1024.jpg 728w, http:\/\/www.maria-koenigin.de\/wordpress\/wp-content\/uploads\/2015\/11\/Otten-Homepage-213x300.jpg 213w, http:\/\/www.maria-koenigin.de\/wordpress\/wp-content\/uploads\/2015\/11\/Otten-Homepage-624x878.jpg 624w, http:\/\/www.maria-koenigin.de\/wordpress\/wp-content\/uploads\/2015\/11\/Otten-Homepage.jpg 1120w\" sizes=\"auto, (max-width: 625px) 100vw, 625px\" \/>Zu einer ganz besonderen Veranstaltung laden die Junge Kirche und das Gymnasium Maria K\u00f6nigin am Donnerstag, dem 10. Dezember ein.<!--more--><\/p>\n<p style=\"text-align: justify;\"><img loading=\"lazy\" decoding=\"async\" class=\" wp-image-4497 alignleft\" src=\"http:\/\/www.maria-koenigin.de\/wordpress\/wp-content\/uploads\/2015\/11\/Peter-Otten.jpg\" alt=\"Peter Otten\" width=\"152\" height=\"221\" srcset=\"http:\/\/www.maria-koenigin.de\/wordpress\/wp-content\/uploads\/2015\/11\/Peter-Otten.jpg 250w, http:\/\/www.maria-koenigin.de\/wordpress\/wp-content\/uploads\/2015\/11\/Peter-Otten-207x300.jpg 207w\" sizes=\"auto, (max-width: 152px) 100vw, 152px\" \/>Dann wird der K\u00f6lner Journalist Peter Otten aus dem Buch &#8222;Zeit, dir Herzen zu \u00f6ffnen&#8220; lesen. Das Buch versammelt \u00a0Geschichten, die von Liebe erz\u00e4hlen, von der tiefen Sehnsucht, von Erf\u00fcllung, von Br\u00fcchigkeit, Scheitern und Kraft. Die Texte stammen von Peter Otten und von Pfarrer Franz Meurer. Sie beziehen sich auf Bibeltexte, aber auch auf Songtexte. Da passt es gut, dass Lui Zimmermann den Abend musikalische mitgestalten wird. Die Junge Kirche l\u00e4dt zu einem ruhigen und &#8222;liebe(s)vollen&#8220; adventlichen Abend in die Klosterkirche. \u00a0Beginn ist um 19.30 Uhr. Der Eintritt ist frei.<br \/>\n<a href=\"http:\/\/www.maria-koenigin.de\/wordpress\/wp-content\/uploads\/2015\/11\/Otten-Homepage.jpg\"><br \/>\n<\/a><\/p>\n","protected":false},"excerpt":{"rendered":"<p>Zu einer ganz besonderen Veranstaltung laden die Junge Kirche und das Gymnasium Maria K\u00f6nigin am Donnerstag, dem 10. Dezember ein.<\/p>\n","protected":false},"author":7,"featured_media":0,"comment_status":"closed","ping_status":"closed","sticky":false,"template":"","format":"standard","meta":{"ngg_post_thumbnail":0,"footnotes":""},"categories":[4],"tags":[],"class_list":["post-4495","post","type-post","status-publish","format-standard","hentry","category-aktuelles"],"_links":{"self":[{"href":"http:\/\/www.maria-koenigin.de\/index.php?rest_route=\/wp\/v2\/posts\/4495","targetHints":{"allow":["GET"]}}],"collection":[{"href":"http:\/\/www.maria-koenigin.de\/index.php?rest_route=\/wp\/v2\/posts"}],"about":[{"href":"http:\/\/www.maria-koenigin.de\/index.php?rest_route=\/wp\/v2\/types\/post"}],"author":[{"embeddable":true,"href":"http:\/\/www.maria-koenigin.de\/index.php?rest_route=\/wp\/v2\/users\/7"}],"replies":[{"embeddable":true,"href":"http:\/\/www.maria-koenigin.de\/index.php?rest_route=%2Fwp%2Fv2%2Fcomments&post=4495"}],"version-history":[{"count":4,"href":"http:\/\/www.maria-koenigin.de\/index.php?rest_route=\/wp\/v2\/posts\/4495\/revisions"}],"predecessor-version":[{"id":4501,"href":"http:\/\/www.maria-koenigin.de\/index.php?rest_route=\/wp\/v2\/posts\/4495\/revisions\/4501"}],"wp:attachment":[{"href":"http:\/\/www.maria-koenigin.de\/index.php?rest_route=%2Fwp%2Fv2%2Fmedia&parent=4495"}],"wp:term":[{"taxonomy":"category","embeddable":true,"href":"http:\/\/www.maria-koenigin.de\/index.php?rest_route=%2Fwp%2Fv2%2Fcategories&post=4495"},{"taxonomy":"post_tag","embeddable":true,"href":"http:\/\/www.maria-koenigin.de\/index.php?rest_route=%2Fwp%2Fv2%2Ftags&post=4495"}],"curies":[{"name":"wp","href":"https:\/\/api.w.org\/{rel}","templated":true}]}}