{"id":4537,"date":"2015-12-01T15:21:43","date_gmt":"2015-12-01T13:21:43","guid":{"rendered":"http:\/\/www.maria-koenigin.de\/?p=4537"},"modified":"2015-12-01T15:43:47","modified_gmt":"2015-12-01T13:43:47","slug":"die-ddr-zu-gast-an-mk","status":"publish","type":"post","link":"http:\/\/www.maria-koenigin.de\/?p=4537","title":{"rendered":"Die DDR zu Gast an MK"},"content":{"rendered":"<p><img loading=\"lazy\" decoding=\"async\" class=\"aligncenter wp-image-4536 size-full\" src=\"http:\/\/www.maria-koenigin.de\/wordpress\/wp-content\/uploads\/2015\/12\/ddr_ausstellung11.jpg\" alt=\"ddr_ausstellung1\" width=\"546\" height=\"429\" srcset=\"http:\/\/www.maria-koenigin.de\/wordpress\/wp-content\/uploads\/2015\/12\/ddr_ausstellung11.jpg 546w, http:\/\/www.maria-koenigin.de\/wordpress\/wp-content\/uploads\/2015\/12\/ddr_ausstellung11-300x236.jpg 300w\" sizes=\"auto, (max-width: 546px) 100vw, 546px\" \/><\/p>\n<p><b><\/b><b>Historisch-politische Ausstellung im Gymnasium Maria K\u00f6nigin<\/b><\/p>\n<p>\u201eDie DDR war ein demokratischer Rechtsstaat\u201c \u2013 das ist einer der \u201eMythen\u201c \u00fcber die DDR, die am Gymnasium Maria K\u00f6nigin thematisiert werden. Die Wanderausstellung, die von der Konrad-Adenauer-Stiftung in Kooperation mit dem Verband der Geschichtslehrer Deutschlands e.V. zur Verf\u00fcgung gestellt wird, hat unter anderem bereits in Berlin, Hamburg und M\u00fcnchen f\u00fcr gro\u00dfe Aufmerksamkeit gesorgt. Auf 20 Stellw\u00e4nden werden viele \u201eMythen\u201c \u00fcber das Leben in der SED-Diktatur aufgegriffen und der Realit\u00e4t gegen\u00fcbergestellt: Von \u201eDie Stasi war ein ganz normaler Geheimdienst\u201c \u00fcber \u201eDie DDR-B\u00fcrger wollten nicht ins westliche Ausland reisen\u201c und \u201ePlanwirtschaft und Sozialismus erm\u00f6glichten einen hohen Lebensstandard\u201c bis zum Bereich Schule, Ausbildung, Jugend (\u201eIm DDR-Schulsystem hatten alle gleiche Chancen\u201c, \u201eDer Staat nahm kaum Einfluss auf die Freizeit-Gestaltung Jugendlicher\u201c, \u201eDie DDR war eine saubere Sportmacht\u201c).<\/p>\n<p><!--more--><\/p>\n<p>Die Sch\u00fclerinnen und Sch\u00fcler der Geschichtskurse der Stufe 12\/Q2 f\u00fchren nach vorheriger Schulung Klassen der Unter- und Mittelstufe durch die Ausstellung. Parallel dazu finden Projekte in den F\u00e4chern Sozialwissenschaften, Erdkunde und Religion statt.<\/p>\n<p><img loading=\"lazy\" decoding=\"async\" class=\"aligncenter wp-image-4535 size-full\" src=\"http:\/\/www.maria-koenigin.de\/wordpress\/wp-content\/uploads\/2015\/12\/ddr_ausstellung21.jpg\" alt=\"ddr_ausstellung2\" width=\"576\" height=\"438\" srcset=\"http:\/\/www.maria-koenigin.de\/wordpress\/wp-content\/uploads\/2015\/12\/ddr_ausstellung21.jpg 576w, http:\/\/www.maria-koenigin.de\/wordpress\/wp-content\/uploads\/2015\/12\/ddr_ausstellung21-300x228.jpg 300w\" sizes=\"auto, (max-width: 576px) 100vw, 576px\" \/><\/p>\n<p>Die Fachschaften des Bereiches Gesellschaftswissenschaften sind sich einig: \u201eF\u00fcr die Jugendlichen, die die DDR selbst nicht mehr erlebt haben, sind solche Bilder und Berichte sinnvoll, um diese, eigentlich gar nicht mehr vorstellbare Situation zu veranschaulichen. Daher ist eine derartige Ausstellung eine gute Erg\u00e4nzung zum Unterricht.\u201c<\/p>\n<p>Mit der offiziellen Er\u00f6ffnung durch Schulleiter Berthold Schleime ist die Wanderausstellung noch bis Januar nicht nur f\u00fcr Sch\u00fcler, Eltern und Lehrer, sondern f\u00fcr alle Interessierten zu besichtigen. Auch Sch\u00fclergruppen anderer Schulen sind nach Voranmeldung herzlich eingeladen.<\/p>\n","protected":false},"excerpt":{"rendered":"<p>Historisch-politische Ausstellung im Gymnasium Maria K\u00f6nigin \u201eDie DDR war ein demokratischer Rechtsstaat\u201c \u2013 das ist einer der \u201eMythen\u201c \u00fcber die DDR, die am Gymnasium Maria K\u00f6nigin thematisiert werden. Die Wanderausstellung, die von der Konrad-Adenauer-Stiftung in Kooperation mit dem Verband der Geschichtslehrer Deutschlands e.V. zur Verf\u00fcgung gestellt wird, hat unter anderem bereits in Berlin, Hamburg und [&hellip;]<\/p>\n","protected":false},"author":8,"featured_media":0,"comment_status":"closed","ping_status":"closed","sticky":false,"template":"","format":"standard","meta":{"ngg_post_thumbnail":0,"footnotes":""},"categories":[4],"tags":[],"class_list":["post-4537","post","type-post","status-publish","format-standard","hentry","category-aktuelles"],"_links":{"self":[{"href":"http:\/\/www.maria-koenigin.de\/index.php?rest_route=\/wp\/v2\/posts\/4537","targetHints":{"allow":["GET"]}}],"collection":[{"href":"http:\/\/www.maria-koenigin.de\/index.php?rest_route=\/wp\/v2\/posts"}],"about":[{"href":"http:\/\/www.maria-koenigin.de\/index.php?rest_route=\/wp\/v2\/types\/post"}],"author":[{"embeddable":true,"href":"http:\/\/www.maria-koenigin.de\/index.php?rest_route=\/wp\/v2\/users\/8"}],"replies":[{"embeddable":true,"href":"http:\/\/www.maria-koenigin.de\/index.php?rest_route=%2Fwp%2Fv2%2Fcomments&post=4537"}],"version-history":[{"count":2,"href":"http:\/\/www.maria-koenigin.de\/index.php?rest_route=\/wp\/v2\/posts\/4537\/revisions"}],"predecessor-version":[{"id":4544,"href":"http:\/\/www.maria-koenigin.de\/index.php?rest_route=\/wp\/v2\/posts\/4537\/revisions\/4544"}],"wp:attachment":[{"href":"http:\/\/www.maria-koenigin.de\/index.php?rest_route=%2Fwp%2Fv2%2Fmedia&parent=4537"}],"wp:term":[{"taxonomy":"category","embeddable":true,"href":"http:\/\/www.maria-koenigin.de\/index.php?rest_route=%2Fwp%2Fv2%2Fcategories&post=4537"},{"taxonomy":"post_tag","embeddable":true,"href":"http:\/\/www.maria-koenigin.de\/index.php?rest_route=%2Fwp%2Fv2%2Ftags&post=4537"}],"curies":[{"name":"wp","href":"https:\/\/api.w.org\/{rel}","templated":true}]}}