{"id":4545,"date":"2015-12-03T15:07:39","date_gmt":"2015-12-03T13:07:39","guid":{"rendered":"http:\/\/www.maria-koenigin.de\/?p=4545"},"modified":"2015-12-03T15:07:39","modified_gmt":"2015-12-03T13:07:39","slug":"bundesweiter-vorlesetag-am-gymnasium-maria-koenigin","status":"publish","type":"post","link":"http:\/\/www.maria-koenigin.de\/?p=4545","title":{"rendered":"Bundesweiter Vorlesetag am Gymnasium Maria K\u00f6nigin"},"content":{"rendered":"<p style=\"text-align: justify;\">Auf den mit Teppich ausgekleideten Stufen der Mediothek des Gymnasiums Maria K\u00f6nigin fanden sich am 20.11.2015 zahlreiche neugierige Sch\u00fclerinnen und Sch\u00fcler der 5. und 6. Klassen zusammen, um den abwechslungsreichen Geschichten zu folgen, die anl\u00e4sslich des Bundesweiten Vorlesetags von Prominenten aus dem Sauerland vorgetragen wurden.<\/p>\n<p style=\"text-align: justify;\"><img loading=\"lazy\" decoding=\"async\" class=\"aligncenter wp-image-4546 size-full\" src=\"http:\/\/www.maria-koenigin.de\/wordpress\/wp-content\/uploads\/2015\/12\/hensel_vorlesetag.jpg\" alt=\"hensel_vorlesetag\" width=\"600\" height=\"400\" srcset=\"http:\/\/www.maria-koenigin.de\/wordpress\/wp-content\/uploads\/2015\/12\/hensel_vorlesetag.jpg 600w, http:\/\/www.maria-koenigin.de\/wordpress\/wp-content\/uploads\/2015\/12\/hensel_vorlesetag-300x200.jpg 300w\" sizes=\"auto, (max-width: 600px) 100vw, 600px\" \/><!--more--><\/p>\n<p style=\"text-align: justify;\">Gespannte Stille herrschte in der mit zahlreichen B\u00fcchern ausgeschm\u00fcckten Mediothek, als die Vorleser aus verschiedenen, von Ihnen eigens ausgew\u00e4hlten, interessanten Kinder- und Jugendb\u00fcchern vorlasen. Wie schon in den vorherigen Jahren war es auch in diesem Jahr gelungen, ein vielf\u00e4ltiges und hochkar\u00e4tiges Feld an Lesern f\u00fcr diesen besonderen Tag zu gewinnen. Vertreter der lokalen Wirtschaft, Apotheker und Kulturschaffende hatten sich bereit erkl\u00e4rt, diesen besonderen Tag zusammen mit den Sch\u00fclerinnen und Sch\u00fclern des Gymnasiums zu gestalten.<\/p>\n<p style=\"text-align: justify;\">Aus der sauerl\u00e4nder Wirtschaft nahmen Felix G. Hensel und Philipp Hensel von der Gustav Hensel GmbH &amp; Co. KG, sowie Sylvia Gante von der Sparkasse ALK teil. Zudem fanden sich mit Rolf Schauerte, Schauspieler und Gesch\u00e4ftsf\u00fchrer bei Elspe Event, und dem Literaten und ehemaligen Deutschlehrer Gerd-Peter Zapp zwei Vorleser aus dem Bereich der Kultur. Komplettiert wurde das Feld von dem Apotheker Dr. Rochus Franzen.<\/p>\n<p style=\"text-align: justify;\"><img loading=\"lazy\" decoding=\"async\" class=\"aligncenter size-full wp-image-4547\" src=\"http:\/\/www.maria-koenigin.de\/wordpress\/wp-content\/uploads\/2015\/12\/schauerte_vorlesetag.jpg\" alt=\"schauerte_vorlesetag\" width=\"600\" height=\"400\" srcset=\"http:\/\/www.maria-koenigin.de\/wordpress\/wp-content\/uploads\/2015\/12\/schauerte_vorlesetag.jpg 600w, http:\/\/www.maria-koenigin.de\/wordpress\/wp-content\/uploads\/2015\/12\/schauerte_vorlesetag-300x200.jpg 300w\" sizes=\"auto, (max-width: 600px) 100vw, 600px\" \/><\/p>\n<p style=\"text-align: justify;\">F\u00fcr eine rundum gelungene Veranstaltung sorgten nicht nur die abwechslungsreichen und spannenden Geschichten, die bei den Sch\u00fclerinnen und Sch\u00fclern auf gro\u00dfen Anklang stie\u00dfen, sondern auch die phantasievollen Verkleidungen, in denen manche der Vorleser auftraten. \u201eDie Geschichte mit Dr. Proktor war wirklich sehr lustig!\u201c zeigte sich eine Sch\u00fclerin aus der f\u00fcnften Klasse begeistert.<\/p>\n<p style=\"text-align: justify;\">Erfreulicherweise erkl\u00e4rte sich Gerd-Peter Zapp sogar bereit, mehrere B\u00fccher aus der beliebten Reihe \u201eDie Abenteuer von Aguila und Jaguar\u201c zu spenden, die fortan in der Sch\u00fclerbibliothek ausgeliehen werden k\u00f6nnen.<\/p>\n<p style=\"text-align: justify;\">Alle Beteiligten zeigten sich am Ende mit dem Verlauf der \u00fcber mehrere Wochen geplanten Veranstaltung \u00e4u\u00dferst zufrieden. Deshalb wird man auch im n\u00e4chsten Jahr wieder an der bundesweiten Aktion zur Lesef\u00f6rderung, die von der Stiftung Lesen, der Zeit und der Deutsche Bahn Stiftung initiiert wird, teilnehmen.<\/p>\n","protected":false},"excerpt":{"rendered":"<p>Auf den mit Teppich ausgekleideten Stufen der Mediothek des Gymnasiums Maria K\u00f6nigin fanden sich am 20.11.2015 zahlreiche neugierige Sch\u00fclerinnen und Sch\u00fcler der 5. und 6. Klassen zusammen, um den abwechslungsreichen Geschichten zu folgen, die anl\u00e4sslich des Bundesweiten Vorlesetags von Prominenten aus dem Sauerland vorgetragen wurden.<\/p>\n","protected":false},"author":1,"featured_media":0,"comment_status":"closed","ping_status":"closed","sticky":false,"template":"","format":"standard","meta":{"ngg_post_thumbnail":0,"footnotes":""},"categories":[4],"tags":[],"class_list":["post-4545","post","type-post","status-publish","format-standard","hentry","category-aktuelles"],"_links":{"self":[{"href":"http:\/\/www.maria-koenigin.de\/index.php?rest_route=\/wp\/v2\/posts\/4545","targetHints":{"allow":["GET"]}}],"collection":[{"href":"http:\/\/www.maria-koenigin.de\/index.php?rest_route=\/wp\/v2\/posts"}],"about":[{"href":"http:\/\/www.maria-koenigin.de\/index.php?rest_route=\/wp\/v2\/types\/post"}],"author":[{"embeddable":true,"href":"http:\/\/www.maria-koenigin.de\/index.php?rest_route=\/wp\/v2\/users\/1"}],"replies":[{"embeddable":true,"href":"http:\/\/www.maria-koenigin.de\/index.php?rest_route=%2Fwp%2Fv2%2Fcomments&post=4545"}],"version-history":[{"count":1,"href":"http:\/\/www.maria-koenigin.de\/index.php?rest_route=\/wp\/v2\/posts\/4545\/revisions"}],"predecessor-version":[{"id":4548,"href":"http:\/\/www.maria-koenigin.de\/index.php?rest_route=\/wp\/v2\/posts\/4545\/revisions\/4548"}],"wp:attachment":[{"href":"http:\/\/www.maria-koenigin.de\/index.php?rest_route=%2Fwp%2Fv2%2Fmedia&parent=4545"}],"wp:term":[{"taxonomy":"category","embeddable":true,"href":"http:\/\/www.maria-koenigin.de\/index.php?rest_route=%2Fwp%2Fv2%2Fcategories&post=4545"},{"taxonomy":"post_tag","embeddable":true,"href":"http:\/\/www.maria-koenigin.de\/index.php?rest_route=%2Fwp%2Fv2%2Ftags&post=4545"}],"curies":[{"name":"wp","href":"https:\/\/api.w.org\/{rel}","templated":true}]}}