{"id":4893,"date":"2016-05-14T13:04:46","date_gmt":"2016-05-14T12:04:46","guid":{"rendered":"http:\/\/www.maria-koenigin.de\/?p=4893"},"modified":"2016-05-14T13:04:46","modified_gmt":"2016-05-14T12:04:46","slug":"flagge-fuer-vielfalt-und-fremdenfreundlichkeit","status":"publish","type":"post","link":"http:\/\/www.maria-koenigin.de\/?p=4893","title":{"rendered":"Flagge f\u00fcr Vielfalt und Fremdenfreundlichkeit"},"content":{"rendered":"<p style=\"text-align: justify;\">Auch am Gymnasium Maria K\u00f6nigin in Lennestadt h\u00e4ngt nun eine Flagge f\u00fcr Vielfalt und Fremdenfreundlichkeit. Ansgar Kaufmann, der die Aktion im Erzbistum Paderborn mit initiiert hat, freut sich mit einem Religionskurs der Jahrgangsstufe 11 \u00fcber die Flaggenaktion und deren gro\u00dfe Resonanz.<br \/>\n<img loading=\"lazy\" decoding=\"async\" class=\"alignleft size-full wp-image-4894\" src=\"http:\/\/www.maria-koenigin.de\/wordpress\/wp-content\/uploads\/2016\/05\/flaggenaktion1.jpg\" alt=\"flaggenaktion1\" width=\"650\" height=\"867\" srcset=\"http:\/\/www.maria-koenigin.de\/wordpress\/wp-content\/uploads\/2016\/05\/flaggenaktion1.jpg 650w, http:\/\/www.maria-koenigin.de\/wordpress\/wp-content\/uploads\/2016\/05\/flaggenaktion1-225x300.jpg 225w, http:\/\/www.maria-koenigin.de\/wordpress\/wp-content\/uploads\/2016\/05\/flaggenaktion1-624x832.jpg 624w\" sizes=\"auto, (max-width: 650px) 100vw, 650px\" \/><!--more--><\/p>\n<p><img loading=\"lazy\" decoding=\"async\" class=\"alignleft size-full wp-image-4895\" src=\"http:\/\/www.maria-koenigin.de\/wordpress\/wp-content\/uploads\/2016\/05\/flaggenaktion2.jpg\" alt=\"flaggenaktion2\" width=\"650\" height=\"1617\" srcset=\"http:\/\/www.maria-koenigin.de\/wordpress\/wp-content\/uploads\/2016\/05\/flaggenaktion2.jpg 650w, http:\/\/www.maria-koenigin.de\/wordpress\/wp-content\/uploads\/2016\/05\/flaggenaktion2-121x300.jpg 121w, http:\/\/www.maria-koenigin.de\/wordpress\/wp-content\/uploads\/2016\/05\/flaggenaktion2-412x1024.jpg 412w, http:\/\/www.maria-koenigin.de\/wordpress\/wp-content\/uploads\/2016\/05\/flaggenaktion2-624x1552.jpg 624w\" sizes=\"auto, (max-width: 650px) 100vw, 650px\" \/><\/p>\n","protected":false},"excerpt":{"rendered":"<p>Auch am Gymnasium Maria K\u00f6nigin in Lennestadt h\u00e4ngt nun eine Flagge f\u00fcr Vielfalt und Fremdenfreundlichkeit. Ansgar Kaufmann, der die Aktion im Erzbistum Paderborn mit initiiert hat, freut sich mit einem Religionskurs der Jahrgangsstufe 11 \u00fcber die Flaggenaktion und deren gro\u00dfe Resonanz.<\/p>\n","protected":false},"author":1,"featured_media":0,"comment_status":"closed","ping_status":"closed","sticky":false,"template":"","format":"standard","meta":{"ngg_post_thumbnail":0,"footnotes":""},"categories":[4],"tags":[],"class_list":["post-4893","post","type-post","status-publish","format-standard","hentry","category-aktuelles"],"_links":{"self":[{"href":"http:\/\/www.maria-koenigin.de\/index.php?rest_route=\/wp\/v2\/posts\/4893","targetHints":{"allow":["GET"]}}],"collection":[{"href":"http:\/\/www.maria-koenigin.de\/index.php?rest_route=\/wp\/v2\/posts"}],"about":[{"href":"http:\/\/www.maria-koenigin.de\/index.php?rest_route=\/wp\/v2\/types\/post"}],"author":[{"embeddable":true,"href":"http:\/\/www.maria-koenigin.de\/index.php?rest_route=\/wp\/v2\/users\/1"}],"replies":[{"embeddable":true,"href":"http:\/\/www.maria-koenigin.de\/index.php?rest_route=%2Fwp%2Fv2%2Fcomments&post=4893"}],"version-history":[{"count":2,"href":"http:\/\/www.maria-koenigin.de\/index.php?rest_route=\/wp\/v2\/posts\/4893\/revisions"}],"predecessor-version":[{"id":4897,"href":"http:\/\/www.maria-koenigin.de\/index.php?rest_route=\/wp\/v2\/posts\/4893\/revisions\/4897"}],"wp:attachment":[{"href":"http:\/\/www.maria-koenigin.de\/index.php?rest_route=%2Fwp%2Fv2%2Fmedia&parent=4893"}],"wp:term":[{"taxonomy":"category","embeddable":true,"href":"http:\/\/www.maria-koenigin.de\/index.php?rest_route=%2Fwp%2Fv2%2Fcategories&post=4893"},{"taxonomy":"post_tag","embeddable":true,"href":"http:\/\/www.maria-koenigin.de\/index.php?rest_route=%2Fwp%2Fv2%2Ftags&post=4893"}],"curies":[{"name":"wp","href":"https:\/\/api.w.org\/{rel}","templated":true}]}}