{"id":5270,"date":"2016-09-08T14:31:46","date_gmt":"2016-09-08T12:31:46","guid":{"rendered":"http:\/\/www.maria-koenigin.de\/?p=5270"},"modified":"2016-09-08T16:21:09","modified_gmt":"2016-09-08T14:21:09","slug":"eine-heilige-als-vorbild-fuer-maria-koenigin","status":"publish","type":"post","link":"http:\/\/www.maria-koenigin.de\/?p=5270","title":{"rendered":"Eine Heilige als Vorbild f\u00fcr Maria K\u00f6nigin"},"content":{"rendered":"<p><img loading=\"lazy\" decoding=\"async\" class=\"size-full wp-image-5271 aligncenter\" src=\"http:\/\/www.maria-koenigin.de\/wordpress\/wp-content\/uploads\/2016\/09\/p1020052-Kopie.jpg\" alt=\"p1020052-kopie\" width=\"600\" height=\"450\" srcset=\"http:\/\/www.maria-koenigin.de\/wordpress\/wp-content\/uploads\/2016\/09\/p1020052-Kopie.jpg 600w, http:\/\/www.maria-koenigin.de\/wordpress\/wp-content\/uploads\/2016\/09\/p1020052-Kopie-300x225.jpg 300w\" sizes=\"auto, (max-width: 600px) 100vw, 600px\" \/><\/p>\n<p style=\"text-align: justify;\">\u201eL\u00e4chelt einander an, schafft Zeit f\u00fcreinander.\u201c Mit dieser Aufforderung beendete Mutter Teresa ihre Rede am 10. Dezember 1979 in Oslo, wo sie den Friedensnobelpreis erhielt. Das Festbankett zu ihren Ehren lie\u00df sie ausfallen und verwendete dieses Geld und ihr Preisgeld von 1,12 Millionen Euro f\u00fcr karitative Projekte.<\/p>\n<p style=\"text-align: justify;\"><!--more--><\/p>\n<p style=\"text-align: justify;\">Die Sch\u00fclerinnen und Sch\u00fcler von MARIA K\u00d6NIGIN waren beeindruckt von dem Lebenslauf und dem Wirken der albanischen Frau, die am 26. August 1910 im heutigen Skopje in Mazedonien als Anjez\u00eb Gonxha Bojaxhiu geboren wurde. Schon mit 18 Jahren entschied sie sich f\u00fcr das Ordensleben. Etwa 20 Jahre sp\u00e4ter findet die Ordensfrau ihre zweite Berufung, als sie mit dem Zug durch Kalkutta f\u00e4hrt und all die Menschen sieht, die in Pappkartons auf der Stra\u00dfe hausen und sterben. Arm und mittellos beginnt sie, in den Slums zu arbeiten. 1950 gr\u00fcndet sie die \u201eMissionarinnen der N\u00e4chstenliebe\u201c. Ihr Sterbehaus in Kalkutta, wo sie mit ihren Mitschwestern liebevoll Todkranke pflegt, macht sie weltweit ber\u00fchmt. Sie k\u00fcmmert sich nicht nur um Sterbende, sondern, wie sie es selbst sagt, \u201ebek\u00e4mpft Abtreibung durch Adoption\u201c und sorgt bei \u00fcber 4.000 Kindern daf\u00fcr, dass sie geboren werden und ein Zuhause finden.<\/p>\n<p style=\"text-align: justify;\"><img loading=\"lazy\" decoding=\"async\" class=\"size-full wp-image-5273 aligncenter\" src=\"http:\/\/www.maria-koenigin.de\/wordpress\/wp-content\/uploads\/2016\/09\/mutter-teresa-3_content_relaunch.png\" alt=\"mutter-teresa-3_content_relaunch\" width=\"650\" height=\"366\" srcset=\"http:\/\/www.maria-koenigin.de\/wordpress\/wp-content\/uploads\/2016\/09\/mutter-teresa-3_content_relaunch.png 650w, http:\/\/www.maria-koenigin.de\/wordpress\/wp-content\/uploads\/2016\/09\/mutter-teresa-3_content_relaunch-300x169.png 300w, http:\/\/www.maria-koenigin.de\/wordpress\/wp-content\/uploads\/2016\/09\/mutter-teresa-3_content_relaunch-624x351.png 624w\" sizes=\"auto, (max-width: 650px) 100vw, 650px\" \/><\/p>\n<p style=\"text-align: justify;\">Mutter Teresa starb am 5. September 1997 im Alter von 87 Jahren in Kalkutta. Am 19. Oktober 2003 wurde Mutter Teresa seliggesprochen, am vorigen Sonntag wurde sie in Rom heiliggesprochen. Die Gemeinschaft der Missionarinnen der N\u00e4chstenliebe breitete sich mit insgesamt 4.500 Schwestern weltweit in \u00fcber 130 L\u00e4ndern aus.<\/p>\n<p style=\"text-align: justify;\">Die Schulgemeinde von Maria K\u00f6nigin thematisiert Leben und Wirken Mutter Teresas im Unterricht und gedenkt der Heiligen unter anderem durch eine Plakatausstellung im Foyer der Schule.<\/p>\n","protected":false},"excerpt":{"rendered":"<p>\u201eL\u00e4chelt einander an, schafft Zeit f\u00fcreinander.\u201c Mit dieser Aufforderung beendete Mutter Teresa ihre Rede am 10. Dezember 1979 in Oslo, wo sie den Friedensnobelpreis erhielt. Das Festbankett zu ihren Ehren lie\u00df sie ausfallen und verwendete dieses Geld und ihr Preisgeld von 1,12 Millionen Euro f\u00fcr karitative Projekte.<\/p>\n","protected":false},"author":8,"featured_media":0,"comment_status":"closed","ping_status":"closed","sticky":false,"template":"","format":"standard","meta":{"ngg_post_thumbnail":0,"footnotes":""},"categories":[4],"tags":[],"class_list":["post-5270","post","type-post","status-publish","format-standard","hentry","category-aktuelles"],"_links":{"self":[{"href":"http:\/\/www.maria-koenigin.de\/index.php?rest_route=\/wp\/v2\/posts\/5270","targetHints":{"allow":["GET"]}}],"collection":[{"href":"http:\/\/www.maria-koenigin.de\/index.php?rest_route=\/wp\/v2\/posts"}],"about":[{"href":"http:\/\/www.maria-koenigin.de\/index.php?rest_route=\/wp\/v2\/types\/post"}],"author":[{"embeddable":true,"href":"http:\/\/www.maria-koenigin.de\/index.php?rest_route=\/wp\/v2\/users\/8"}],"replies":[{"embeddable":true,"href":"http:\/\/www.maria-koenigin.de\/index.php?rest_route=%2Fwp%2Fv2%2Fcomments&post=5270"}],"version-history":[{"count":2,"href":"http:\/\/www.maria-koenigin.de\/index.php?rest_route=\/wp\/v2\/posts\/5270\/revisions"}],"predecessor-version":[{"id":5275,"href":"http:\/\/www.maria-koenigin.de\/index.php?rest_route=\/wp\/v2\/posts\/5270\/revisions\/5275"}],"wp:attachment":[{"href":"http:\/\/www.maria-koenigin.de\/index.php?rest_route=%2Fwp%2Fv2%2Fmedia&parent=5270"}],"wp:term":[{"taxonomy":"category","embeddable":true,"href":"http:\/\/www.maria-koenigin.de\/index.php?rest_route=%2Fwp%2Fv2%2Fcategories&post=5270"},{"taxonomy":"post_tag","embeddable":true,"href":"http:\/\/www.maria-koenigin.de\/index.php?rest_route=%2Fwp%2Fv2%2Ftags&post=5270"}],"curies":[{"name":"wp","href":"https:\/\/api.w.org\/{rel}","templated":true}]}}