{"id":5755,"date":"2017-03-21T06:13:06","date_gmt":"2017-03-21T05:13:06","guid":{"rendered":"http:\/\/www.maria-koenigin.de\/?p=5755"},"modified":"2017-03-21T06:13:06","modified_gmt":"2017-03-21T05:13:06","slug":"podiumsdiskussion-am-gymnasium-maria-koenigin","status":"publish","type":"post","link":"http:\/\/www.maria-koenigin.de\/?p=5755","title":{"rendered":"Podiumsdiskussion am Gymnasium Maria K\u00f6nigin"},"content":{"rendered":"<div id=\"attachment_5756\" style=\"width: 660px\" class=\"wp-caption alignnone\"><img loading=\"lazy\" decoding=\"async\" aria-describedby=\"caption-attachment-5756\" class=\"wp-image-5756 size-full\" src=\"http:\/\/www.maria-koenigin.de\/wordpress\/wp-content\/uploads\/2017\/03\/podium1.jpg\" alt=\"\" width=\"650\" height=\"433\" srcset=\"http:\/\/www.maria-koenigin.de\/wordpress\/wp-content\/uploads\/2017\/03\/podium1.jpg 650w, http:\/\/www.maria-koenigin.de\/wordpress\/wp-content\/uploads\/2017\/03\/podium1-300x200.jpg 300w, http:\/\/www.maria-koenigin.de\/wordpress\/wp-content\/uploads\/2017\/03\/podium1-624x416.jpg 624w\" sizes=\"auto, (max-width: 650px) 100vw, 650px\" \/><p id=\"caption-attachment-5756\" class=\"wp-caption-text\">v.l.n.r.: Wolfgang Langenohl (SPD), Bastian Halbe (Piratenpartei Deutschland), Jochen Ritter (CDU), Gregor Kaiser (B\u00fcndnis 90\/ Die Gr\u00fcnen)<\/p><\/div>\n<p style=\"text-align: justify;\">Am 14. Mai ist Muttertag. Ein bedeutsamer Tag f\u00fcr alle Familien. Bedeutsam aber auch, da an diesem Tag die Landtagswahlen in Nordrhein-Westfalen stattfinden. Aus diesem Grunde lud die Fachschaft <!--more-->Sozialwissenschaften die Kandidaten der f\u00fcnf im Landtag vertretenen Parteien zu einer Podiumsdiskussion ein. Die Kandidaten Wolfgang Langenohl (SPD), Jochen Ritter (CDU), Gregor Kaiser (B\u00fcndnis 90\/ DIE GR\u00dcNEN) und&nbsp; Bastian Halbe (Piratenpartei Deutschland) waren dieser Einladung gefolgt und stellten sich den Fragen der Sch\u00fclerinnen und Sch\u00fcler aus den Jahrgangsstufen 11 und 12.<\/p>\n<p style=\"text-align: justify;\"><img loading=\"lazy\" decoding=\"async\" class=\"alignnone size-full wp-image-5758\" src=\"http:\/\/www.maria-koenigin.de\/wordpress\/wp-content\/uploads\/2017\/03\/Podium3.jpg\" alt=\"\" width=\"650\" height=\"433\" srcset=\"http:\/\/www.maria-koenigin.de\/wordpress\/wp-content\/uploads\/2017\/03\/Podium3.jpg 650w, http:\/\/www.maria-koenigin.de\/wordpress\/wp-content\/uploads\/2017\/03\/Podium3-300x200.jpg 300w, http:\/\/www.maria-koenigin.de\/wordpress\/wp-content\/uploads\/2017\/03\/Podium3-624x416.jpg 624w\" sizes=\"auto, (max-width: 650px) 100vw, 650px\" \/><\/p>\n<p style=\"text-align: justify;\">Neben den intensiven Diskussionen zu landespolitischen Themen aus den Bereichen Bildungs- sowie Fl\u00fcchtlings- und Integrationspolitik ging es u.a. auch um eine m\u00f6gliche Herabsetzung des Wahlalters bei Landtagswahlen auf 16 Jahre.<\/p>\n<p style=\"text-align: justify;\"><img loading=\"lazy\" decoding=\"async\" class=\"alignnone size-full wp-image-5757\" src=\"http:\/\/www.maria-koenigin.de\/wordpress\/wp-content\/uploads\/2017\/03\/podium2.jpg\" alt=\"\" width=\"650\" height=\"433\" srcset=\"http:\/\/www.maria-koenigin.de\/wordpress\/wp-content\/uploads\/2017\/03\/podium2.jpg 650w, http:\/\/www.maria-koenigin.de\/wordpress\/wp-content\/uploads\/2017\/03\/podium2-300x200.jpg 300w, http:\/\/www.maria-koenigin.de\/wordpress\/wp-content\/uploads\/2017\/03\/podium2-624x416.jpg 624w\" sizes=\"auto, (max-width: 650px) 100vw, 650px\" \/><\/p>\n<p style=\"text-align: justify;\">Am Ende der intensiven 90-min\u00fctigen Diskussion bekamen die Kandidaten abschlie\u00dfend die Gelegenheit, in einem 1-min\u00fctigen Statement f\u00fcr sich und ihre Partei zu werben. Abschlie\u00dfend konnten alle Beteiligten zufrieden auf eine interessante Diskussion zur\u00fcckblicken, in der den Sch\u00fclern neben den inhaltlichen Zielen der Parteien auch ein Blick auf die Personen geboten wurde.<\/p>\n<p style=\"text-align: right;\">Manuel Vormweg<\/p>\n","protected":false},"excerpt":{"rendered":"<p>Am 14. Mai ist Muttertag. Ein bedeutsamer Tag f\u00fcr alle Familien. Bedeutsam aber auch, da an diesem Tag die Landtagswahlen in Nordrhein-Westfalen stattfinden. Aus diesem Grunde lud die Fachschaft<\/p>\n","protected":false},"author":1,"featured_media":0,"comment_status":"closed","ping_status":"closed","sticky":false,"template":"","format":"standard","meta":{"ngg_post_thumbnail":0,"footnotes":""},"categories":[4],"tags":[],"class_list":["post-5755","post","type-post","status-publish","format-standard","hentry","category-aktuelles"],"_links":{"self":[{"href":"http:\/\/www.maria-koenigin.de\/index.php?rest_route=\/wp\/v2\/posts\/5755","targetHints":{"allow":["GET"]}}],"collection":[{"href":"http:\/\/www.maria-koenigin.de\/index.php?rest_route=\/wp\/v2\/posts"}],"about":[{"href":"http:\/\/www.maria-koenigin.de\/index.php?rest_route=\/wp\/v2\/types\/post"}],"author":[{"embeddable":true,"href":"http:\/\/www.maria-koenigin.de\/index.php?rest_route=\/wp\/v2\/users\/1"}],"replies":[{"embeddable":true,"href":"http:\/\/www.maria-koenigin.de\/index.php?rest_route=%2Fwp%2Fv2%2Fcomments&post=5755"}],"version-history":[{"count":1,"href":"http:\/\/www.maria-koenigin.de\/index.php?rest_route=\/wp\/v2\/posts\/5755\/revisions"}],"predecessor-version":[{"id":5759,"href":"http:\/\/www.maria-koenigin.de\/index.php?rest_route=\/wp\/v2\/posts\/5755\/revisions\/5759"}],"wp:attachment":[{"href":"http:\/\/www.maria-koenigin.de\/index.php?rest_route=%2Fwp%2Fv2%2Fmedia&parent=5755"}],"wp:term":[{"taxonomy":"category","embeddable":true,"href":"http:\/\/www.maria-koenigin.de\/index.php?rest_route=%2Fwp%2Fv2%2Fcategories&post=5755"},{"taxonomy":"post_tag","embeddable":true,"href":"http:\/\/www.maria-koenigin.de\/index.php?rest_route=%2Fwp%2Fv2%2Ftags&post=5755"}],"curies":[{"name":"wp","href":"https:\/\/api.w.org\/{rel}","templated":true}]}}