{"id":6077,"date":"2017-06-03T13:50:05","date_gmt":"2017-06-03T11:50:05","guid":{"rendered":"http:\/\/www.maria-koenigin.de\/?p=6077"},"modified":"2017-06-03T13:50:05","modified_gmt":"2017-06-03T11:50:05","slug":"schatten-werden-lebendig-theaterauffuehrung-am-8-06-und-9-06-im-pz-meggen","status":"publish","type":"post","link":"http:\/\/www.maria-koenigin.de\/?p=6077","title":{"rendered":"Schatten werden lebendig <br>Theaterauff\u00fchrung am 8.06. und 9.06. im PZ Meggen"},"content":{"rendered":"<p style=\"text-align: justify;\"><img loading=\"lazy\" decoding=\"async\" class=\"alignleft size-full wp-image-6078\" src=\"http:\/\/www.maria-koenigin.de\/wordpress\/wp-content\/uploads\/2017\/06\/bild_schattenkabinett_17.jpg\" alt=\"\" width=\"650\" height=\"413\" srcset=\"http:\/\/www.maria-koenigin.de\/wordpress\/wp-content\/uploads\/2017\/06\/bild_schattenkabinett_17.jpg 650w, http:\/\/www.maria-koenigin.de\/wordpress\/wp-content\/uploads\/2017\/06\/bild_schattenkabinett_17-300x191.jpg 300w, http:\/\/www.maria-koenigin.de\/wordpress\/wp-content\/uploads\/2017\/06\/bild_schattenkabinett_17-624x396.jpg 624w\" sizes=\"auto, (max-width: 650px) 100vw, 650px\" \/><br \/>\nDie Theater-AG Spielraum.unlimited am Gymnasium Maria K\u00f6nigin spielt die Eigenproduktion \u201eDas Schattenkabinett\u201c am Donnerstag, dem 8.06. und am Freitag, dem 9.06., jeweils um 19 Uhr im <!--more-->P\u00e4dagogischen Zentrum Meggen.<\/p>\n<p style=\"text-align: justify;\">Eine Schulklasse wird unter Quarant\u00e4ne gestellt, weil die Schatten der Sch\u00fcler und ihres Lehrers lebendig werden. Man bef\u00fcrchtet eine Epidemie, die sich ausbreitet. Die Beh\u00f6rden wissen nicht, wie sie mit der Situation umgehen sollen: Welche Risiken birgt eine Trennung von Besitzern und Schatten? Erf\u00fcllen die Schatten vielleicht eine Aufgabe?<\/p>\n<p style=\"text-align: justify;\"><img loading=\"lazy\" decoding=\"async\" class=\"alignleft size-full wp-image-6079\" src=\"http:\/\/www.maria-koenigin.de\/wordpress\/wp-content\/uploads\/2017\/06\/theater_schattenkabinett_17.jpg\" alt=\"\" width=\"650\" height=\"919\" srcset=\"http:\/\/www.maria-koenigin.de\/wordpress\/wp-content\/uploads\/2017\/06\/theater_schattenkabinett_17.jpg 650w, http:\/\/www.maria-koenigin.de\/wordpress\/wp-content\/uploads\/2017\/06\/theater_schattenkabinett_17-212x300.jpg 212w, http:\/\/www.maria-koenigin.de\/wordpress\/wp-content\/uploads\/2017\/06\/theater_schattenkabinett_17-624x882.jpg 624w\" sizes=\"auto, (max-width: 650px) 100vw, 650px\" \/><br \/>\nDas Theaterst\u00fcck \u201eDas Schattenkabinett\u201c wurde von Marlene Skala auf der Basis von Figuren, die die Teilnehmer der Theater-AG erfunden haben, geschrieben: Es sind Sch\u00fcler und Erwachsene, die ihre Eigenheiten, Macken und M\u00e4ngel haben und sei es der Anspruch, perfekt zu sein. Diesen Figuren gesellen sich Schatten zu, die die Schwierigkeiten ihrer Besitzer widerspiegeln. Als Schatten erscheinen zum Beispiel eine lange verstorbene Schwester, die ber\u00fchmte S\u00e4ngerin Elodie, aber auch M\u00fctterchen Russland und Mutter Natur. Sie k\u00e4mpfen mit ihren Besitzern im Verlauf des St\u00fcckes um die Vormacht und um einen guten Ausgang.<\/p>\n<p style=\"text-align: justify;\">Die 19 Teilnehmer der Theater-AG aus den Klassen 7 bis 12 proben unter der Leitung von Ulrike Wesely und Marlene Skala und spielen am 8. und 9. Juni um 19:00 Uhr im PZ in Meggen. Der Eintritt betr\u00e4gt 6 \u20ac; f\u00fcr Sch\u00fcler und Studenten 4\u20ac.<\/p>\n","protected":false},"excerpt":{"rendered":"<p>Die Theater-AG Spielraum.unlimited am Gymnasium Maria K\u00f6nigin spielt die Eigenproduktion \u201eDas Schattenkabinett\u201c am Donnerstag, dem 8.06. und am Freitag, dem 9.06., jeweils um 19 Uhr im<\/p>\n","protected":false},"author":1,"featured_media":0,"comment_status":"closed","ping_status":"closed","sticky":false,"template":"","format":"standard","meta":{"ngg_post_thumbnail":0,"footnotes":""},"categories":[4],"tags":[],"class_list":["post-6077","post","type-post","status-publish","format-standard","hentry","category-aktuelles"],"_links":{"self":[{"href":"http:\/\/www.maria-koenigin.de\/index.php?rest_route=\/wp\/v2\/posts\/6077","targetHints":{"allow":["GET"]}}],"collection":[{"href":"http:\/\/www.maria-koenigin.de\/index.php?rest_route=\/wp\/v2\/posts"}],"about":[{"href":"http:\/\/www.maria-koenigin.de\/index.php?rest_route=\/wp\/v2\/types\/post"}],"author":[{"embeddable":true,"href":"http:\/\/www.maria-koenigin.de\/index.php?rest_route=\/wp\/v2\/users\/1"}],"replies":[{"embeddable":true,"href":"http:\/\/www.maria-koenigin.de\/index.php?rest_route=%2Fwp%2Fv2%2Fcomments&post=6077"}],"version-history":[{"count":1,"href":"http:\/\/www.maria-koenigin.de\/index.php?rest_route=\/wp\/v2\/posts\/6077\/revisions"}],"predecessor-version":[{"id":6080,"href":"http:\/\/www.maria-koenigin.de\/index.php?rest_route=\/wp\/v2\/posts\/6077\/revisions\/6080"}],"wp:attachment":[{"href":"http:\/\/www.maria-koenigin.de\/index.php?rest_route=%2Fwp%2Fv2%2Fmedia&parent=6077"}],"wp:term":[{"taxonomy":"category","embeddable":true,"href":"http:\/\/www.maria-koenigin.de\/index.php?rest_route=%2Fwp%2Fv2%2Fcategories&post=6077"},{"taxonomy":"post_tag","embeddable":true,"href":"http:\/\/www.maria-koenigin.de\/index.php?rest_route=%2Fwp%2Fv2%2Ftags&post=6077"}],"curies":[{"name":"wp","href":"https:\/\/api.w.org\/{rel}","templated":true}]}}