{"id":6289,"date":"2017-06-24T14:17:05","date_gmt":"2017-06-24T12:17:05","guid":{"rendered":"http:\/\/www.maria-koenigin.de\/?p=6289"},"modified":"2017-06-24T14:17:05","modified_gmt":"2017-06-24T12:17:05","slug":"der-leistungskurs-kunst-gestaltet-den-kleffweg-in-albaum","status":"publish","type":"post","link":"http:\/\/www.maria-koenigin.de\/?p=6289","title":{"rendered":"Der Leistungskurs Kunst gestaltet den Kleffweg in Albaum"},"content":{"rendered":"<p><img loading=\"lazy\" decoding=\"async\" class=\"alignleft size-full wp-image-6290\" src=\"http:\/\/www.maria-koenigin.de\/wordpress\/wp-content\/uploads\/2017\/06\/kunst_marlene_17.jpg\" alt=\"\" width=\"650\" height=\"433\" srcset=\"http:\/\/www.maria-koenigin.de\/wordpress\/wp-content\/uploads\/2017\/06\/kunst_marlene_17.jpg 650w, http:\/\/www.maria-koenigin.de\/wordpress\/wp-content\/uploads\/2017\/06\/kunst_marlene_17-300x200.jpg 300w, http:\/\/www.maria-koenigin.de\/wordpress\/wp-content\/uploads\/2017\/06\/kunst_marlene_17-624x416.jpg 624w\" sizes=\"auto, (max-width: 650px) 100vw, 650px\" \/><\/p>\n<p style=\"text-align: justify;\">Kunst in der freien Natur entlang eines Hangwegs zwischen alten B\u00e4umen \u2013 diese&nbsp; reizvolle Gelegenheit bietet sich dem LK Kunst im Rahmen eines Projektes, das durch Mittel aus dem F\u00f6rderprogramm \u201eRegionale Kulturpolitik\u201c des Landes <!--more-->Nordrhein-Westfalen und Sponsoren gro\u00dfz\u00fcgig finanziert wird.<\/p>\n<p style=\"text-align: justify;\">\u201egeschichtet-verwoben\u201c lautet das Rahmenthema f\u00fcr die entstehenden Kunstwerke. Es geht um den Naturraum, seine Entstehung und Nutzung und um die Verwobenheit der Menschen mit ihrer Heimat. Die Kunst-Objekte sind auf diesen konkreten Ort bezogen.<\/p>\n<p style=\"text-align: justify;\">Voraussetzung daf\u00fcr war nat\u00fcrlich Ortskenntnis. Der LK besuchte bereits im Januar den metallverarbeitenden Betrieb HERA. Dabei ging es um das Material Metall: Erzvorkommen und die Energiequellen Wasser und Holz haben in den T\u00e4lern des Sauerlandes die Industrialisierung em\u00f6glicht. Chiara Dietz arbeitet an drei Lampions, die diese Aspekte unter dem Thema \u201eEnergie\u201c aufgreifen. Lena W\u00fcllner wird bei ihren Figuren aus Stein und Draht durch HERA technisch unterst\u00fctzt.<\/p>\n<p style=\"text-align: justify;\">Der zweite Besuch in Albaum galt der Landes-Fischeranstalt des LANUV und dem Thema Wasser. Der Kurs holte sich bei einer engagierten F\u00fchrung durch den Ausbildungsleiter des Landesinstituts, Herrn Holtegel, und im Gespr\u00e4ch mit Auszubildenden zum Fischwirt wertvolle Informationen \u00fcber den Bach, das Wasser und die Fische. Die jungen M\u00e4nner erz\u00e4hlten von der Wanderung der Lachse, vom Versuch, die vom Aussterben bedrohte Flussperlmuschel zu erhalten, und von ihrer Begeisterung f\u00fcr das vielf\u00e4ltige Leben unter der Wasseroberfl\u00e4che. Lisa Willmes und Jessica Unruh beziehen sich mit ihren Arbeiten \u201eR\u00fcckenfigur Angler\u201c und \u201eFischreuse in den B\u00e4umen\u201c auf ihre Eindr\u00fccke dort. Es soll auch ein Denkmal f\u00fcr die Flussperlmuschel entstehen.<\/p>\n<p style=\"text-align: justify;\">Ein Vortrag \u00fcber die Entstehung und die Geologie der Albaumer Klippen im Gymnasium von Andreas Emmerling-Skala rundete das \u201eInspirations-Programm\u201c ab. Anna-Lena Schultes Erdzeitalter (Kugeln aus Beton) werden darauf Bezug nehmen.<\/p>\n<p style=\"text-align: justify;\">Die Arbeiten von Jennifer Fot und Emma Tigges besch\u00e4ftigen sich mit den Ortssagen aus Albaum. So entstehen auch zwei Schanollen als symbolische Hilfsgeister f\u00fcr den Kleffweg.<\/p>\n<p style=\"text-align: justify;\">Besonders beeindruckt hat die Sch\u00fclerinnen der Kampf der Albaumer um ihren Weg. Er wurde wegen Bauf\u00e4lligkeit geschlossen und die Renovierung erschien auf Grundlage des ersten Gutachtens zu teuer. Die B\u00fcrger erbrachten ein Gegengutachten und setzten sich durch. Einige Kunstwerke greifen dieses Engagement auf. So wird es von Choice Pokolm eine \u201eSiegess\u00e4ule\u201c geben und unter dem Motto \u201eWir befreien den Weg\u201c eine Hecke aus \u00c4sten, durch die sich Arbeitsger\u00e4te hindurchschlagen, die von Bewohnern aus Albaum gespendet werden sollen (Eleni Hartmann, Madeleine Kebben und Antonia Rinke).<\/p>\n<p style=\"text-align: justify;\">Lorena Droste und Leonie Berens greifen die Themen Generationen, Tradition und Erinnerung auf, die sich mit solch einem Weg verbinden.<\/p>\n<p style=\"text-align: justify;\">Jana B\u00f6rger und Lena W\u00fcllner nehmen mit ihren Arbeiten direkt Bezug auf Aspekte des Ortes.<\/p>\n<p style=\"text-align: justify;\">Bei Wegbegehungen mit Vertretern des Ortes und der Gemeinde Kirchhundem sowie dem Revierf\u00f6rster Herrn Weiken holten sich die Sch\u00fclerin gr\u00fcnes Licht in Albaum. Auf einer B\u00fcrgerversammlung am 21.6.2017 wurden die Projekte vorgestellt und sehr positiv aufgenommen. Mit gro\u00dfem Einsatz aller Beteiligten wird in der unteren Pausenhalle und in Albaum gearbeitet. In der letzten Schulwoche werden die Sch\u00fclerinnen im Rahmen von Projekttagen ihre Arbeiten fertigstellen.<\/p>\n<p style=\"text-align: right;\">Marlene Skala<\/p>\n","protected":false},"excerpt":{"rendered":"<p>Kunst in der freien Natur entlang eines Hangwegs zwischen alten B\u00e4umen \u2013 diese&nbsp; reizvolle Gelegenheit bietet sich dem LK Kunst im Rahmen eines Projektes, das durch Mittel aus dem F\u00f6rderprogramm \u201eRegionale Kulturpolitik\u201c des Landes<\/p>\n","protected":false},"author":1,"featured_media":0,"comment_status":"closed","ping_status":"closed","sticky":false,"template":"","format":"standard","meta":{"ngg_post_thumbnail":0,"footnotes":""},"categories":[4],"tags":[],"class_list":["post-6289","post","type-post","status-publish","format-standard","hentry","category-aktuelles"],"_links":{"self":[{"href":"http:\/\/www.maria-koenigin.de\/index.php?rest_route=\/wp\/v2\/posts\/6289","targetHints":{"allow":["GET"]}}],"collection":[{"href":"http:\/\/www.maria-koenigin.de\/index.php?rest_route=\/wp\/v2\/posts"}],"about":[{"href":"http:\/\/www.maria-koenigin.de\/index.php?rest_route=\/wp\/v2\/types\/post"}],"author":[{"embeddable":true,"href":"http:\/\/www.maria-koenigin.de\/index.php?rest_route=\/wp\/v2\/users\/1"}],"replies":[{"embeddable":true,"href":"http:\/\/www.maria-koenigin.de\/index.php?rest_route=%2Fwp%2Fv2%2Fcomments&post=6289"}],"version-history":[{"count":1,"href":"http:\/\/www.maria-koenigin.de\/index.php?rest_route=\/wp\/v2\/posts\/6289\/revisions"}],"predecessor-version":[{"id":6291,"href":"http:\/\/www.maria-koenigin.de\/index.php?rest_route=\/wp\/v2\/posts\/6289\/revisions\/6291"}],"wp:attachment":[{"href":"http:\/\/www.maria-koenigin.de\/index.php?rest_route=%2Fwp%2Fv2%2Fmedia&parent=6289"}],"wp:term":[{"taxonomy":"category","embeddable":true,"href":"http:\/\/www.maria-koenigin.de\/index.php?rest_route=%2Fwp%2Fv2%2Fcategories&post=6289"},{"taxonomy":"post_tag","embeddable":true,"href":"http:\/\/www.maria-koenigin.de\/index.php?rest_route=%2Fwp%2Fv2%2Ftags&post=6289"}],"curies":[{"name":"wp","href":"https:\/\/api.w.org\/{rel}","templated":true}]}}