{"id":6534,"date":"2017-09-28T12:32:19","date_gmt":"2017-09-28T10:32:19","guid":{"rendered":"http:\/\/www.maria-koenigin.de\/?p=6534"},"modified":"2017-09-28T12:32:19","modified_gmt":"2017-09-28T10:32:19","slug":"der-gebuertige-briloner-jan-fabian-borys-wird-im-kommenden-jahr-neuer-schulleiter-am-gymnasium-maria-koenigin","status":"publish","type":"post","link":"http:\/\/www.maria-koenigin.de\/?p=6534","title":{"rendered":"Der geb\u00fcrtige Briloner Jan Fabian Borys wird im kommenden Jahr neuer Schulleiter am Gymnasium Maria K\u00f6nigin"},"content":{"rendered":"<p><img loading=\"lazy\" decoding=\"async\" class=\"alignleft size-full wp-image-6536\" src=\"http:\/\/www.maria-koenigin.de\/wordpress\/wp-content\/uploads\/2017\/09\/borys_hp.jpg\" alt=\"\" width=\"650\" height=\"433\" srcset=\"http:\/\/www.maria-koenigin.de\/wordpress\/wp-content\/uploads\/2017\/09\/borys_hp.jpg 650w, http:\/\/www.maria-koenigin.de\/wordpress\/wp-content\/uploads\/2017\/09\/borys_hp-300x200.jpg 300w, http:\/\/www.maria-koenigin.de\/wordpress\/wp-content\/uploads\/2017\/09\/borys_hp-624x416.jpg 624w\" sizes=\"auto, (max-width: 650px) 100vw, 650px\" \/><\/p>\n<p style=\"text-align: justify;\">Die Entscheidung ist gefallen: Am 1. August 2018 \u00fcbernimmt Jan Fabian Borys das Ruder auf dem Klosterberg und wird Nachfolger von Berthold Schleime, der mit Ablauf des 31.07.2018&nbsp; in den Ruhestand geht.<\/p>\n<p style=\"text-align: justify;\">Jan Fabian Borys ist <!--more-->geb\u00fcrtig aus Brilon, 42 Jahre alt, verheiratet, Vater von drei Kindern und wohnhaft in Schmallenberg-Lenne. Seit 2004 unterrichtet er Katholische Religion und Erdkunde am St\u00e4dtischen Gymnasium in Schmallenberg.<\/p>\n<p style=\"text-align: justify;\">Der Schultr\u00e4ger des Gymnasiums Maria K\u00f6nigin hatte die Direktorenstelle Anfang des Jahres ausgeschrieben. Von f\u00fcnf Bewerbern waren drei in das engere Verfahren gegangen.<\/p>\n<p style=\"text-align: justify;\">Die Mitglieder des Vorstandes des \u201eGymnasium Maria K\u00f6nigin e.V.\u201c entschieden sich f\u00fcr Jan Fabian Borys. Die Mitgliederversammlung des Tr\u00e4gervereins stimmte diesem Vorschlag am 25.09.2017 zu. Die Schule ist froh, dass die Nachfolge fr\u00fchzeitig gekl\u00e4rt werden konnte, so dass auch die Vorbereitungen f\u00fcr das Schuljahr 2018\/2019 in aller Ruhe ablaufen k\u00f6nnen.<\/p>\n","protected":false},"excerpt":{"rendered":"<p>Die Entscheidung ist gefallen: Am 1. August 2018 \u00fcbernimmt Jan Fabian Borys das Ruder auf dem Klosterberg und wird Nachfolger von Berthold Schleime, der mit Ablauf des 31.07.2018&nbsp; in den Ruhestand geht. Jan Fabian Borys ist<\/p>\n","protected":false},"author":1,"featured_media":0,"comment_status":"closed","ping_status":"closed","sticky":false,"template":"","format":"standard","meta":{"ngg_post_thumbnail":0,"footnotes":""},"categories":[4],"tags":[],"class_list":["post-6534","post","type-post","status-publish","format-standard","hentry","category-aktuelles"],"_links":{"self":[{"href":"http:\/\/www.maria-koenigin.de\/index.php?rest_route=\/wp\/v2\/posts\/6534","targetHints":{"allow":["GET"]}}],"collection":[{"href":"http:\/\/www.maria-koenigin.de\/index.php?rest_route=\/wp\/v2\/posts"}],"about":[{"href":"http:\/\/www.maria-koenigin.de\/index.php?rest_route=\/wp\/v2\/types\/post"}],"author":[{"embeddable":true,"href":"http:\/\/www.maria-koenigin.de\/index.php?rest_route=\/wp\/v2\/users\/1"}],"replies":[{"embeddable":true,"href":"http:\/\/www.maria-koenigin.de\/index.php?rest_route=%2Fwp%2Fv2%2Fcomments&post=6534"}],"version-history":[{"count":2,"href":"http:\/\/www.maria-koenigin.de\/index.php?rest_route=\/wp\/v2\/posts\/6534\/revisions"}],"predecessor-version":[{"id":6537,"href":"http:\/\/www.maria-koenigin.de\/index.php?rest_route=\/wp\/v2\/posts\/6534\/revisions\/6537"}],"wp:attachment":[{"href":"http:\/\/www.maria-koenigin.de\/index.php?rest_route=%2Fwp%2Fv2%2Fmedia&parent=6534"}],"wp:term":[{"taxonomy":"category","embeddable":true,"href":"http:\/\/www.maria-koenigin.de\/index.php?rest_route=%2Fwp%2Fv2%2Fcategories&post=6534"},{"taxonomy":"post_tag","embeddable":true,"href":"http:\/\/www.maria-koenigin.de\/index.php?rest_route=%2Fwp%2Fv2%2Ftags&post=6534"}],"curies":[{"name":"wp","href":"https:\/\/api.w.org\/{rel}","templated":true}]}}