{"id":6638,"date":"2017-11-04T11:42:48","date_gmt":"2017-11-04T10:42:48","guid":{"rendered":"http:\/\/www.maria-koenigin.de\/?p=6638"},"modified":"2017-11-04T11:42:48","modified_gmt":"2017-11-04T10:42:48","slug":"gemeinsam-glauben-oekumenischer-jugendgottesdienst-in-der-klosterkirche","status":"publish","type":"post","link":"http:\/\/www.maria-koenigin.de\/?p=6638","title":{"rendered":"\u201eGemeinsam Glauben\u201c <br>\u00d6kumenischer Jugendgottesdienst in der Klosterkirche"},"content":{"rendered":"<p><img loading=\"lazy\" decoding=\"async\" class=\"alignleft size-full wp-image-6639\" src=\"http:\/\/www.maria-koenigin.de\/wordpress\/wp-content\/uploads\/2017\/11\/jugodistern.jpg\" alt=\"\" height=\"433\" width=\"650\" srcset=\"http:\/\/www.maria-koenigin.de\/wordpress\/wp-content\/uploads\/2017\/11\/jugodistern.jpg 650w, http:\/\/www.maria-koenigin.de\/wordpress\/wp-content\/uploads\/2017\/11\/jugodistern-300x200.jpg 300w, http:\/\/www.maria-koenigin.de\/wordpress\/wp-content\/uploads\/2017\/11\/jugodistern-624x416.jpg 624w\" sizes=\"auto, (max-width: 650px) 100vw, 650px\" \/><\/p>\n<p style=\"text-align: justify;\">Anl\u00e4sslich des Reformationsjubil\u00e4ums l\u00e4dt die Junge Kirche Maria K\u00f6nigin zu einem \u00d6kumenischen Jugendgottesdienst ein. Am Sonntag, dem 12. November werden Pastor Martin Behrensmeyer und Pastor Ludger Wollweber unter dem Titel \u201eGemeinsam Glauben\u201c um 18 Uhr dem Gottesdienst in der Klosterkirche vorstehen. &nbsp;&nbsp;<\/p>\n<p style=\"text-align: justify;\">Dabei soll es weniger um das Trennende zwischen den Konfessionen gehen, als um die vielen<!--more--> Gemeinsamkeiten im Glauben. \u201eF\u00fcr Jugendliche spielen die Unterschiede der Konfessionen kaum eine Rolle. Sie erwarten von den Kirchen eine glaubw\u00fcrdige Botschaft, die mit ihrem Leben zu tun hat\u201c, erl\u00e4utert Katharina R\u00f6th vom Vorbereitungsteam.&nbsp;<\/p>\n<p style=\"text-align: justify;\">\u201eW\u00e4hrend es in fr\u00fcheren Zeiten noch gegenseitige Verurteilungen und Feindschaft gab, sind sich die Konfessionen heute doch sehr nahe. Dies hat auch das Reformationsjubil\u00e4um deutlich gemacht und dies soll auch in unserem Gottesdienst im gemeinsamen Beten und Singen sp\u00fcrbar werden.\u201c&nbsp;&nbsp; &nbsp;<\/p>\n<p style=\"text-align: justify;\">Auch in der musikalischen Gestaltung wird die \u00d6kumene deutlich. So sollen sowohl Lieder aus der evangelischen als auch aus der katholischen Tradition gesungen werden. \u201eGerade bei den modernen Gottesdienstliedern gibt es viele \u00dcberschneidungen und sehr sch\u00f6ne evangelische Lieder\u201c, erl\u00e4utert Hendrik Sch\u00f6rmann, der mit einer Sch\u00fclerband den Gottesdienst musikalisch begleitet.<\/p>\n<p style=\"text-align: right;\">Ansgar Kaufmann<\/p>\n","protected":false},"excerpt":{"rendered":"<p>Anl\u00e4sslich des Reformationsjubil\u00e4ums l\u00e4dt die Junge Kirche Maria K\u00f6nigin zu einem \u00d6kumenischen Jugendgottesdienst ein. Am Sonntag, dem 12. November werden Pastor Martin Behrensmeyer und Pastor Ludger Wollweber unter dem Titel \u201eGemeinsam Glauben\u201c um 18 Uhr dem Gottesdienst in der Klosterkirche vorstehen. &nbsp;&nbsp; Dabei soll es weniger um das Trennende zwischen den Konfessionen gehen, als um [&hellip;]<\/p>\n","protected":false},"author":1,"featured_media":0,"comment_status":"closed","ping_status":"closed","sticky":false,"template":"","format":"standard","meta":{"ngg_post_thumbnail":0,"footnotes":""},"categories":[4],"tags":[],"class_list":["post-6638","post","type-post","status-publish","format-standard","hentry","category-aktuelles"],"_links":{"self":[{"href":"http:\/\/www.maria-koenigin.de\/index.php?rest_route=\/wp\/v2\/posts\/6638","targetHints":{"allow":["GET"]}}],"collection":[{"href":"http:\/\/www.maria-koenigin.de\/index.php?rest_route=\/wp\/v2\/posts"}],"about":[{"href":"http:\/\/www.maria-koenigin.de\/index.php?rest_route=\/wp\/v2\/types\/post"}],"author":[{"embeddable":true,"href":"http:\/\/www.maria-koenigin.de\/index.php?rest_route=\/wp\/v2\/users\/1"}],"replies":[{"embeddable":true,"href":"http:\/\/www.maria-koenigin.de\/index.php?rest_route=%2Fwp%2Fv2%2Fcomments&post=6638"}],"version-history":[{"count":1,"href":"http:\/\/www.maria-koenigin.de\/index.php?rest_route=\/wp\/v2\/posts\/6638\/revisions"}],"predecessor-version":[{"id":6640,"href":"http:\/\/www.maria-koenigin.de\/index.php?rest_route=\/wp\/v2\/posts\/6638\/revisions\/6640"}],"wp:attachment":[{"href":"http:\/\/www.maria-koenigin.de\/index.php?rest_route=%2Fwp%2Fv2%2Fmedia&parent=6638"}],"wp:term":[{"taxonomy":"category","embeddable":true,"href":"http:\/\/www.maria-koenigin.de\/index.php?rest_route=%2Fwp%2Fv2%2Fcategories&post=6638"},{"taxonomy":"post_tag","embeddable":true,"href":"http:\/\/www.maria-koenigin.de\/index.php?rest_route=%2Fwp%2Fv2%2Ftags&post=6638"}],"curies":[{"name":"wp","href":"https:\/\/api.w.org\/{rel}","templated":true}]}}