{"id":6651,"date":"2017-11-09T09:12:45","date_gmt":"2017-11-09T08:12:45","guid":{"rendered":"http:\/\/www.maria-koenigin.de\/?p=6651"},"modified":"2017-11-22T10:16:31","modified_gmt":"2017-11-22T09:16:31","slug":"besuch-der-bekannten-jugendbuchautorin-hanna-jansen-an-mk","status":"publish","type":"post","link":"http:\/\/www.maria-koenigin.de\/?p=6651","title":{"rendered":"Besuch der bekannten Jugendbuchautorin Hanna Jansen"},"content":{"rendered":"<p><img loading=\"lazy\" decoding=\"async\" class=\"alignleft size-full wp-image-6652\" src=\"http:\/\/www.maria-koenigin.de\/wordpress\/wp-content\/uploads\/2017\/11\/lesetag17_jubuau.jpg\" alt=\"\" width=\"650\" height=\"447\" srcset=\"http:\/\/www.maria-koenigin.de\/wordpress\/wp-content\/uploads\/2017\/11\/lesetag17_jubuau.jpg 650w, http:\/\/www.maria-koenigin.de\/wordpress\/wp-content\/uploads\/2017\/11\/lesetag17_jubuau-300x206.jpg 300w, http:\/\/www.maria-koenigin.de\/wordpress\/wp-content\/uploads\/2017\/11\/lesetag17_jubuau-624x429.jpg 624w\" sizes=\"auto, (max-width: 650px) 100vw, 650px\" \/><\/p>\n<p style=\"text-align: justify;\">Im Rahmen der Veranstaltungsreihe \u201eLiterarischer Herbst Lennestadt\u201c der \u00f6ffentlichen B\u00fcchereien besuchte die bekannte Jugendbuchautorin Hanna Jansen an diesem Montag unsere Schule.<\/p>\n<p style=\"text-align: justify;\">Den fast hundert Sch\u00fclern der Jahrgangsstufe 8 pr\u00e4sentierte sich eine engagierte Schriftstellerin, die nicht nur mit <!--more-->ihren Werken, sondern auch mit ihrem sonstigen Wirken Blicke weit \u00fcber den normalen Alltagshorizont hinaus erm\u00f6glichte. So lernten die Achtkl\u00e4ssler ihr Buch \u201eHerzsteine\u201c kennen, das sich mit den pers\u00f6nlichen Folgen f\u00fcr die \u00dcberlebenden des V\u00f6lkermordes in Ruanda in den 90er Jahren des letzten Jahrhunderts besch\u00e4ftigt. Hanna Jansen las nicht nur Passagen aus diesem Buch rund um die Hauptfigur, den 16-j\u00e4hrigen Sam, vor, sondern machte auch ihre pers\u00f6nlichen Bez\u00fcge zu diesem Thema deutlich: Sie adoptierte mehrere B\u00fcrgerkriegswaisen aus Ruanda und die genauen Schilderungen in diesem atmosph\u00e4rischen Werk beruhen darauf, dass sie mit einer dieser Waisen Ruanda und die Hauptstadt Kigali sowie die Gedenkorte des V\u00f6lkermordes besuchte. Die Sch\u00fclerinnen und Sch\u00fcler waren sichtlich ergriffen von der Thematik und lauschten gebannt den vorgelesenen Textpassagen.<\/p>\n<p style=\"text-align: justify;\">Hanna Jansen gab den Sch\u00fclerinnen und Sch\u00fclern immer wieder die M\u00f6glichkeit, Fragen zu ihren B\u00fcchern, ihrem Leben und der Arbeit als Schriftstellerin zu stellen, was diese auch eifrig nutzten. Es entwickelten sich daraus interessante Gespr\u00e4che, in denen die Achtkl\u00e4ssler ihre eigenen Leseerfahrungen und \u2013interessen schilderten.<\/p>\n<p style=\"text-align: justify;\">Zum Abschluss stellte die Autorin ihr ber\u00fchmtes und mehrfach ausgezeichnetes Werk \u201e\u00dcber tausend H\u00fcgel wandere ich mit dir\u201c vor, dass sich ebenfalls mit dem V\u00f6lkermord in Ruanda besch\u00e4ftigt und bereits in mehrere Sprachen \u00fcbersetzt wurde. Es schildert die Erlebnisse ihrer Adoptivtochter Jeanne, die als einzige \u00dcberlebende ihrer Familie den schrecklichen Gr\u00e4ueltaten entkommen konnte. F\u00fcr die Sch\u00fclerinnen und Sch\u00fcler endeten damit bewegende eineinhalb Stunden, die sie sicher nicht so schnell vergessen werden.<\/p>\n<p style=\"text-align: right;\">Titus Birkner<\/p>\n","protected":false},"excerpt":{"rendered":"<p>Im Rahmen der Veranstaltungsreihe \u201eLiterarischer Herbst Lennestadt\u201c der \u00f6ffentlichen B\u00fcchereien besuchte die bekannte Jugendbuchautorin Hanna Jansen an diesem Montag unsere Schule. Den fast hundert Sch\u00fclern der Jahrgangsstufe 8 pr\u00e4sentierte sich eine engagierte Schriftstellerin, die nicht nur mit<\/p>\n","protected":false},"author":1,"featured_media":0,"comment_status":"closed","ping_status":"closed","sticky":false,"template":"","format":"standard","meta":{"ngg_post_thumbnail":0,"footnotes":""},"categories":[4],"tags":[],"class_list":["post-6651","post","type-post","status-publish","format-standard","hentry","category-aktuelles"],"_links":{"self":[{"href":"http:\/\/www.maria-koenigin.de\/index.php?rest_route=\/wp\/v2\/posts\/6651","targetHints":{"allow":["GET"]}}],"collection":[{"href":"http:\/\/www.maria-koenigin.de\/index.php?rest_route=\/wp\/v2\/posts"}],"about":[{"href":"http:\/\/www.maria-koenigin.de\/index.php?rest_route=\/wp\/v2\/types\/post"}],"author":[{"embeddable":true,"href":"http:\/\/www.maria-koenigin.de\/index.php?rest_route=\/wp\/v2\/users\/1"}],"replies":[{"embeddable":true,"href":"http:\/\/www.maria-koenigin.de\/index.php?rest_route=%2Fwp%2Fv2%2Fcomments&post=6651"}],"version-history":[{"count":3,"href":"http:\/\/www.maria-koenigin.de\/index.php?rest_route=\/wp\/v2\/posts\/6651\/revisions"}],"predecessor-version":[{"id":6680,"href":"http:\/\/www.maria-koenigin.de\/index.php?rest_route=\/wp\/v2\/posts\/6651\/revisions\/6680"}],"wp:attachment":[{"href":"http:\/\/www.maria-koenigin.de\/index.php?rest_route=%2Fwp%2Fv2%2Fmedia&parent=6651"}],"wp:term":[{"taxonomy":"category","embeddable":true,"href":"http:\/\/www.maria-koenigin.de\/index.php?rest_route=%2Fwp%2Fv2%2Fcategories&post=6651"},{"taxonomy":"post_tag","embeddable":true,"href":"http:\/\/www.maria-koenigin.de\/index.php?rest_route=%2Fwp%2Fv2%2Ftags&post=6651"}],"curies":[{"name":"wp","href":"https:\/\/api.w.org\/{rel}","templated":true}]}}