{"id":6901,"date":"2018-02-20T08:20:15","date_gmt":"2018-02-20T07:20:15","guid":{"rendered":"http:\/\/www.maria-koenigin.de\/?p=6901"},"modified":"2018-02-21T19:28:08","modified_gmt":"2018-02-21T18:28:08","slug":"deutsch-franzoesischer-schueleraustausch-2018","status":"publish","type":"post","link":"http:\/\/www.maria-koenigin.de\/?p=6901","title":{"rendered":"Deutsch-franz\u00f6sischer Sch\u00fcleraustausch 2018"},"content":{"rendered":"<p><img loading=\"lazy\" decoding=\"async\" class=\"alignleft size-full wp-image-6925\" src=\"http:\/\/www.maria-koenigin.de\/wordpress\/wp-content\/uploads\/2018\/02\/frankreich_18_2.jpg\" alt=\"\" width=\"650\" height=\"418\" srcset=\"http:\/\/www.maria-koenigin.de\/wordpress\/wp-content\/uploads\/2018\/02\/frankreich_18_2.jpg 650w, http:\/\/www.maria-koenigin.de\/wordpress\/wp-content\/uploads\/2018\/02\/frankreich_18_2-300x193.jpg 300w, http:\/\/www.maria-koenigin.de\/wordpress\/wp-content\/uploads\/2018\/02\/frankreich_18_2-624x401.jpg 624w\" sizes=\"auto, (max-width: 650px) 100vw, 650px\" \/><\/p>\n<p style=\"text-align: justify;\">Nicht zum ersten Mal kehren unsere Sch\u00fclerinnen und Sch\u00fcler Anfang Februar voller Begeisterung vom 12-t\u00e4gigen Sch\u00fcleraustausch aus <em>Th\u00f4nes<\/em> in Frankreich zur\u00fcck. Bereits seit fast <!--more-->30 Jahren existiert dieser Austausch mit dem franz\u00f6sischen <em>Coll\u00e8ge-lyc\u00e9e St. Joseph<\/em> in den franz\u00f6sischen Alpen.<\/p>\n<p style=\"text-align: justify;\">Die Sch\u00fclerinnen und Sch\u00fcler der Jahrgangsstufe 8 nutzten die Gelegenheit, in eine neue Kultur einzutauchen, Kontakte innerhalb der Familien zu kn\u00fcpfen und fanden sich mit ihren Sprachkenntnissen erstaunlich schnell zurecht.<\/p>\n<p><img loading=\"lazy\" decoding=\"async\" class=\"alignleft size-full wp-image-6924\" src=\"http:\/\/www.maria-koenigin.de\/wordpress\/wp-content\/uploads\/2018\/02\/frankreich_18_1.jpg\" alt=\"\" width=\"650\" height=\"441\" srcset=\"http:\/\/www.maria-koenigin.de\/wordpress\/wp-content\/uploads\/2018\/02\/frankreich_18_1.jpg 650w, http:\/\/www.maria-koenigin.de\/wordpress\/wp-content\/uploads\/2018\/02\/frankreich_18_1-300x204.jpg 300w, http:\/\/www.maria-koenigin.de\/wordpress\/wp-content\/uploads\/2018\/02\/frankreich_18_1-624x423.jpg 624w\" sizes=\"auto, (max-width: 650px) 100vw, 650px\" \/><\/p>\n<p style=\"text-align: justify;\">In diesem Jahr spielte das Wetter aber auch besonders gut mit und lie\u00df die Outdoor-Aktivit\u00e4ten wie Ski fahren, Wandern und Eislaufen zu einem wahren Vergn\u00fcgen werden. Schulbesuche, ein Museumsbesuch, die Besichtigung einer K\u00e4serei sowie einer M\u00f6belfabrik und vor allem die Besichtigung der Stadt Annecy mit ihrem unvergleichlich sch\u00f6nen See rundeten das Programm ab.<\/p>\n<p><img loading=\"lazy\" decoding=\"async\" class=\"alignleft size-full wp-image-6926\" src=\"http:\/\/www.maria-koenigin.de\/wordpress\/wp-content\/uploads\/2018\/02\/frankreich_18_3.jpg\" alt=\"\" width=\"650\" height=\"446\" srcset=\"http:\/\/www.maria-koenigin.de\/wordpress\/wp-content\/uploads\/2018\/02\/frankreich_18_3.jpg 650w, http:\/\/www.maria-koenigin.de\/wordpress\/wp-content\/uploads\/2018\/02\/frankreich_18_3-300x206.jpg 300w, http:\/\/www.maria-koenigin.de\/wordpress\/wp-content\/uploads\/2018\/02\/frankreich_18_3-624x428.jpg 624w\" sizes=\"auto, (max-width: 650px) 100vw, 650px\" \/><\/p>\n","protected":false},"excerpt":{"rendered":"<p>Nicht zum ersten Mal kehren unsere Sch\u00fclerinnen und Sch\u00fcler Anfang Februar voller Begeisterung vom 12-t\u00e4gigen Sch\u00fcleraustausch aus Th\u00f4nes in Frankreich zur\u00fcck. Bereits seit fast<\/p>\n","protected":false},"author":8,"featured_media":0,"comment_status":"closed","ping_status":"closed","sticky":false,"template":"","format":"standard","meta":{"ngg_post_thumbnail":0,"footnotes":""},"categories":[4],"tags":[],"class_list":["post-6901","post","type-post","status-publish","format-standard","hentry","category-aktuelles"],"_links":{"self":[{"href":"http:\/\/www.maria-koenigin.de\/index.php?rest_route=\/wp\/v2\/posts\/6901","targetHints":{"allow":["GET"]}}],"collection":[{"href":"http:\/\/www.maria-koenigin.de\/index.php?rest_route=\/wp\/v2\/posts"}],"about":[{"href":"http:\/\/www.maria-koenigin.de\/index.php?rest_route=\/wp\/v2\/types\/post"}],"author":[{"embeddable":true,"href":"http:\/\/www.maria-koenigin.de\/index.php?rest_route=\/wp\/v2\/users\/8"}],"replies":[{"embeddable":true,"href":"http:\/\/www.maria-koenigin.de\/index.php?rest_route=%2Fwp%2Fv2%2Fcomments&post=6901"}],"version-history":[{"count":4,"href":"http:\/\/www.maria-koenigin.de\/index.php?rest_route=\/wp\/v2\/posts\/6901\/revisions"}],"predecessor-version":[{"id":6937,"href":"http:\/\/www.maria-koenigin.de\/index.php?rest_route=\/wp\/v2\/posts\/6901\/revisions\/6937"}],"wp:attachment":[{"href":"http:\/\/www.maria-koenigin.de\/index.php?rest_route=%2Fwp%2Fv2%2Fmedia&parent=6901"}],"wp:term":[{"taxonomy":"category","embeddable":true,"href":"http:\/\/www.maria-koenigin.de\/index.php?rest_route=%2Fwp%2Fv2%2Fcategories&post=6901"},{"taxonomy":"post_tag","embeddable":true,"href":"http:\/\/www.maria-koenigin.de\/index.php?rest_route=%2Fwp%2Fv2%2Ftags&post=6901"}],"curies":[{"name":"wp","href":"https:\/\/api.w.org\/{rel}","templated":true}]}}