{"id":6987,"date":"2018-03-17T13:03:51","date_gmt":"2018-03-17T12:03:51","guid":{"rendered":"http:\/\/www.maria-koenigin.de\/?p=6987"},"modified":"2018-04-06T09:55:15","modified_gmt":"2018-04-06T07:55:15","slug":"nonnen-rocken-den-klosterberg","status":"publish","type":"post","link":"http:\/\/www.maria-koenigin.de\/?p=6987","title":{"rendered":"Nonnen rocken den Klosterberg"},"content":{"rendered":"<p><img loading=\"lazy\" decoding=\"async\" class=\"alignleft size-large wp-image-6988\" src=\"http:\/\/www.maria-koenigin.de\/wordpress\/wp-content\/uploads\/2018\/03\/musical_18_06-1024x683.jpg\" alt=\"\" width=\"625\" height=\"417\" srcset=\"http:\/\/www.maria-koenigin.de\/wordpress\/wp-content\/uploads\/2018\/03\/musical_18_06.jpg 1024w, http:\/\/www.maria-koenigin.de\/wordpress\/wp-content\/uploads\/2018\/03\/musical_18_06-300x200.jpg 300w, http:\/\/www.maria-koenigin.de\/wordpress\/wp-content\/uploads\/2018\/03\/musical_18_06-768x512.jpg 768w, http:\/\/www.maria-koenigin.de\/wordpress\/wp-content\/uploads\/2018\/03\/musical_18_06-624x416.jpg 624w\" sizes=\"auto, (max-width: 625px) 100vw, 625px\" \/><\/p>\n<p style=\"text-align: justify;\">Eine gro\u00dfartige Premiere des Show-Choire mit Elementen aus \u201eSister Act\u201c erlebten 400 Besucher am Freitagabend in der Sporthalle des Gymnasiums Maria K\u00f6nigin. Alle beteiligten Gruppen, von der Klasse 5a \u00fcber die 9er-Band und -T\u00e4nzer, die Theater AG und nat\u00fcrlich der beeindruckende Nonnen-<!--more-->Chor und die Hauptdarsteller \u00fcberzeugten mit einer gelungenen Auff\u00fchrung. Zum gelungenen Rahmen trugen auch die Licht- und Tontechnik und viele Helferinnen und Helfer im Catering, vor und hinter der B\u00fchne bei. Chiara Dietz als Deloris und David Assmann als Priester zeigten neben ihrem Gesang gro\u00dfartige schauspielerische Leistungen. Dies gilt aber genauso f\u00fcr das gesamte Ensemble, von den Darstellerinnen der Nonnen bis zu den wundersch\u00f6nen Traumszenen der Theater-AG.<\/p>\n<p style=\"text-align: justify;\">Auch die zweite Auff\u00fchrung am Samstagnachmittag mit einer anderen Besetzung begeisterte das Publikum. Lisa Willmes als Deloris und Jan-Luca Engelmann als Pastor \u00fcberzeugten mit ihren schauspielerischen Leistungen. Und die Spielfreude des Chores und der gesamten Besetzung w\u00e4chst mit jedem Auftritt.<\/p>\n<p style=\"text-align: justify;\">Noch zwei weitere Vorstellungen, am Sonntag, um 14.30 und um 18.30 Uhr, finden an diesem Wochenende statt. Karten gibt es noch an der Abendkasse, die 45 Minuten vor der Vorstellung \u00f6ffnet.<\/p>\n<p style=\"text-align: right;\">Ansgar Kaufmann<\/p>\n<p style=\"text-align: left;\">ngg_shortcode_0_placeholder<\/p>\n","protected":false},"excerpt":{"rendered":"<p>Eine gro\u00dfartige Premiere des Show-Choire mit Elementen aus \u201eSister Act\u201c erlebten 400 Besucher am Freitagabend in der Sporthalle des Gymnasiums Maria K\u00f6nigin. Alle beteiligten Gruppen, von der Klasse 5a \u00fcber die 9er-Band und -T\u00e4nzer, die Theater AG und nat\u00fcrlich der beeindruckende Nonnen-<\/p>\n","protected":false},"author":1,"featured_media":0,"comment_status":"closed","ping_status":"closed","sticky":false,"template":"","format":"standard","meta":{"ngg_post_thumbnail":0,"footnotes":""},"categories":[4],"tags":[],"class_list":["post-6987","post","type-post","status-publish","format-standard","hentry","category-aktuelles"],"_links":{"self":[{"href":"http:\/\/www.maria-koenigin.de\/index.php?rest_route=\/wp\/v2\/posts\/6987","targetHints":{"allow":["GET"]}}],"collection":[{"href":"http:\/\/www.maria-koenigin.de\/index.php?rest_route=\/wp\/v2\/posts"}],"about":[{"href":"http:\/\/www.maria-koenigin.de\/index.php?rest_route=\/wp\/v2\/types\/post"}],"author":[{"embeddable":true,"href":"http:\/\/www.maria-koenigin.de\/index.php?rest_route=\/wp\/v2\/users\/1"}],"replies":[{"embeddable":true,"href":"http:\/\/www.maria-koenigin.de\/index.php?rest_route=%2Fwp%2Fv2%2Fcomments&post=6987"}],"version-history":[{"count":5,"href":"http:\/\/www.maria-koenigin.de\/index.php?rest_route=\/wp\/v2\/posts\/6987\/revisions"}],"predecessor-version":[{"id":7130,"href":"http:\/\/www.maria-koenigin.de\/index.php?rest_route=\/wp\/v2\/posts\/6987\/revisions\/7130"}],"wp:attachment":[{"href":"http:\/\/www.maria-koenigin.de\/index.php?rest_route=%2Fwp%2Fv2%2Fmedia&parent=6987"}],"wp:term":[{"taxonomy":"category","embeddable":true,"href":"http:\/\/www.maria-koenigin.de\/index.php?rest_route=%2Fwp%2Fv2%2Fcategories&post=6987"},{"taxonomy":"post_tag","embeddable":true,"href":"http:\/\/www.maria-koenigin.de\/index.php?rest_route=%2Fwp%2Fv2%2Ftags&post=6987"}],"curies":[{"name":"wp","href":"https:\/\/api.w.org\/{rel}","templated":true}]}}