{"id":7150,"date":"2018-04-20T09:43:38","date_gmt":"2018-04-20T07:43:38","guid":{"rendered":"http:\/\/www.maria-koenigin.de\/?p=7150"},"modified":"2018-04-20T09:43:38","modified_gmt":"2018-04-20T07:43:38","slug":"schuelerakademie-konsum-und-globales","status":"publish","type":"post","link":"http:\/\/www.maria-koenigin.de\/?p=7150","title":{"rendered":"Sch\u00fclerakademie \u201eKonsum und Globales\u201c"},"content":{"rendered":"<p><img loading=\"lazy\" decoding=\"async\" class=\"alignleft size-full wp-image-7151\" src=\"http:\/\/www.maria-koenigin.de\/wordpress\/wp-content\/uploads\/2018\/04\/nua_18_1.jpg\" alt=\"\" width=\"650\" height=\"464\" srcset=\"http:\/\/www.maria-koenigin.de\/wordpress\/wp-content\/uploads\/2018\/04\/nua_18_1.jpg 650w, http:\/\/www.maria-koenigin.de\/wordpress\/wp-content\/uploads\/2018\/04\/nua_18_1-300x214.jpg 300w, http:\/\/www.maria-koenigin.de\/wordpress\/wp-content\/uploads\/2018\/04\/nua_18_1-624x445.jpg 624w\" sizes=\"auto, (max-width: 650px) 100vw, 650px\" \/><\/p>\n<p style=\"text-align: justify;\">Seit dem Jahr 2008 nimmt unsere Schule &nbsp;an der Kampagne \u201eSchule der Zukunft \u2013 Bildung f\u00fcr Nachhaltigkeit\u201c teil. Zwei Mal sind wir bereits f\u00fcr unser Engagement insbesondere im Rahmen des Projektes<!--more--> Servir und des Klimaschutzes &nbsp;ausgezeichnet worden.<\/p>\n<p style=\"text-align: justify;\">Um neue Impulse f\u00fcr die Weiterarbeit&nbsp; zu erhalten fuhren 5 Sch\u00fclerinnen und ein Sch\u00fcler der Jahrgangsstufe 7 gemeinsam mit Herrn Kaufmann und Frau Mevenkamp am Mittwoch nach D\u00fcsseldorf und nahmen an einer Sch\u00fclerakademie zu den Themen Nachhaltigkeit und Globale Gerechtigkeit, die von der NUA \u2013 Natur- und Umweltschutz-Akademie NRW &#8211;&nbsp; organisiert wurde, &nbsp;teil.<\/p>\n<p><img loading=\"lazy\" decoding=\"async\" class=\"alignleft size-full wp-image-7152\" src=\"http:\/\/www.maria-koenigin.de\/wordpress\/wp-content\/uploads\/2018\/04\/nua_18_2.jpg\" alt=\"\" width=\"650\" height=\"537\" srcset=\"http:\/\/www.maria-koenigin.de\/wordpress\/wp-content\/uploads\/2018\/04\/nua_18_2.jpg 650w, http:\/\/www.maria-koenigin.de\/wordpress\/wp-content\/uploads\/2018\/04\/nua_18_2-300x248.jpg 300w, http:\/\/www.maria-koenigin.de\/wordpress\/wp-content\/uploads\/2018\/04\/nua_18_2-624x516.jpg 624w\" sizes=\"auto, (max-width: 650px) 100vw, 650px\" \/><\/p>\n<p style=\"text-align: justify;\">Nach einer langen Anreise mit Bahn und U-Bahn kamen wir rechtzeitig an und konnten &nbsp;zun\u00e4chst im Rahmen eines Weltverteilungsspiels das Wissen rund um Klimawandel, CO2-Produktion und deren Verursacher auffrischen und aktualisieren. Anschlie\u00dfend besch\u00e4ftigten sich die Sch\u00fcler mit der Frage: \u201eWas hat mein Alltagsverhalten konkret mit dem Klimawandel zu tun?\u201c, indem sie unter anderem ein klimafreundliches Mittagessen planten oder berechneten, wie hoch ihr pers\u00f6nlicher Verbrauch an nat\u00fcrlichen Ressourcen ist.<\/p>\n<p style=\"text-align: justify;\">Nach dieser ordentlichen Portion Theorie lernten die Sch\u00fcler am Nachmittag in verschiedenen Workshops M\u00f6glichkeiten der praktischen Umsetzung an der Schule kennen. Bereits zuhause konnten sie sich zwischen den Themenfeldern \u201eMinikompost im Einmachglas\u201c, \u201eCO2 und Mode\u201c, \u201eMach was draus! Upcycling aus Alltagsdingen\u201c und \u201eFairer Handel und Fairtrade-School\u201c entscheiden. Nach diesen praktischen &nbsp;Erfahrungen \u00fcberlegten&nbsp; die Schulgruppen intern, welche Aktivit\u00e4ten sie gerne an der eigenen Schule umsetzen w\u00fcrden.<\/p>\n<p><img loading=\"lazy\" decoding=\"async\" class=\"alignleft size-full wp-image-7153\" src=\"http:\/\/www.maria-koenigin.de\/wordpress\/wp-content\/uploads\/2018\/04\/nua_18_3.jpg\" alt=\"\" width=\"650\" height=\"423\" srcset=\"http:\/\/www.maria-koenigin.de\/wordpress\/wp-content\/uploads\/2018\/04\/nua_18_3.jpg 650w, http:\/\/www.maria-koenigin.de\/wordpress\/wp-content\/uploads\/2018\/04\/nua_18_3-300x195.jpg 300w, http:\/\/www.maria-koenigin.de\/wordpress\/wp-content\/uploads\/2018\/04\/nua_18_3-624x406.jpg 624w\" sizes=\"auto, (max-width: 650px) 100vw, 650px\" \/><\/p>\n<p style=\"text-align: justify;\">Unsere Sch\u00fcler waren sich einig, dass sich dieser Tag trotz der aufw\u00e4ndigen und langen Anreise gelohnt hat und ein Nachtreffen gemeinsam mit Mitsch\u00fclern zur Weitergabe der neuen Erfahrungen&nbsp; ist bereits in Planung.<\/p>\n<p style=\"text-align: right;\">Birgitt Mevenkamp<\/p>\n","protected":false},"excerpt":{"rendered":"<p>Seit dem Jahr 2008 nimmt unsere Schule &nbsp;an der Kampagne \u201eSchule der Zukunft \u2013 Bildung f\u00fcr Nachhaltigkeit\u201c teil. Zwei Mal sind wir bereits f\u00fcr unser Engagement insbesondere im Rahmen des Projektes<\/p>\n","protected":false},"author":1,"featured_media":0,"comment_status":"closed","ping_status":"closed","sticky":false,"template":"","format":"standard","meta":{"ngg_post_thumbnail":0,"footnotes":""},"categories":[4],"tags":[],"class_list":["post-7150","post","type-post","status-publish","format-standard","hentry","category-aktuelles"],"_links":{"self":[{"href":"http:\/\/www.maria-koenigin.de\/index.php?rest_route=\/wp\/v2\/posts\/7150","targetHints":{"allow":["GET"]}}],"collection":[{"href":"http:\/\/www.maria-koenigin.de\/index.php?rest_route=\/wp\/v2\/posts"}],"about":[{"href":"http:\/\/www.maria-koenigin.de\/index.php?rest_route=\/wp\/v2\/types\/post"}],"author":[{"embeddable":true,"href":"http:\/\/www.maria-koenigin.de\/index.php?rest_route=\/wp\/v2\/users\/1"}],"replies":[{"embeddable":true,"href":"http:\/\/www.maria-koenigin.de\/index.php?rest_route=%2Fwp%2Fv2%2Fcomments&post=7150"}],"version-history":[{"count":1,"href":"http:\/\/www.maria-koenigin.de\/index.php?rest_route=\/wp\/v2\/posts\/7150\/revisions"}],"predecessor-version":[{"id":7154,"href":"http:\/\/www.maria-koenigin.de\/index.php?rest_route=\/wp\/v2\/posts\/7150\/revisions\/7154"}],"wp:attachment":[{"href":"http:\/\/www.maria-koenigin.de\/index.php?rest_route=%2Fwp%2Fv2%2Fmedia&parent=7150"}],"wp:term":[{"taxonomy":"category","embeddable":true,"href":"http:\/\/www.maria-koenigin.de\/index.php?rest_route=%2Fwp%2Fv2%2Fcategories&post=7150"},{"taxonomy":"post_tag","embeddable":true,"href":"http:\/\/www.maria-koenigin.de\/index.php?rest_route=%2Fwp%2Fv2%2Ftags&post=7150"}],"curies":[{"name":"wp","href":"https:\/\/api.w.org\/{rel}","templated":true}]}}