{"id":7159,"date":"2018-04-26T07:16:48","date_gmt":"2018-04-26T05:16:48","guid":{"rendered":"http:\/\/www.maria-koenigin.de\/?p=7159"},"modified":"2018-04-26T07:19:34","modified_gmt":"2018-04-26T05:19:34","slug":"maria-koenigin-empfaengt-gaeste-aus-otwock","status":"publish","type":"post","link":"http:\/\/www.maria-koenigin.de\/?p=7159","title":{"rendered":"MARIA K\u00d6NIGIN empf\u00e4ngt G\u00e4ste aus Otwock"},"content":{"rendered":"<p><img loading=\"lazy\" decoding=\"async\" class=\"alignleft size-full wp-image-7161\" src=\"http:\/\/www.maria-koenigin.de\/wordpress\/wp-content\/uploads\/2018\/04\/polen_18_2.jpg\" alt=\"\" width=\"650\" height=\"373\" srcset=\"http:\/\/www.maria-koenigin.de\/wordpress\/wp-content\/uploads\/2018\/04\/polen_18_2.jpg 650w, http:\/\/www.maria-koenigin.de\/wordpress\/wp-content\/uploads\/2018\/04\/polen_18_2-300x172.jpg 300w, http:\/\/www.maria-koenigin.de\/wordpress\/wp-content\/uploads\/2018\/04\/polen_18_2-624x358.jpg 624w\" sizes=\"auto, (max-width: 650px) 100vw, 650px\" \/><\/p>\n<p style=\"text-align: justify;\">Witamy serdecznie! \u2013 Herzlich willkommen! Diesmal galt dieser Gru\u00df \u2013 wegen der Schulreform in Polen \u2013 einer \u201edoppelten\u201c Sch\u00fclergruppe aus Otwock \u2013 insgesamt 28 Sch\u00fclerinnen und Sch\u00fcler in Begleitung ihrer<!--more--> drei Lehrerinnen. Die Jugendlichen verbrachten eine Woche (19.-25. April) im Sauerland. Bereits zum siebzehnten Mal findet im Rahmen des Schulprojektes des Gymnasiums MARIA K\u00d6NIGIN ein Sch\u00fcleraustausch mit dem Gymnasium Nr. 1 in Otwock statt. Untergebracht waren die Sch\u00fcler der 7. und 8. Klassen bei den Familien der gleichaltrigen deutschen Sch\u00fclerinnen und Sch\u00fcler, die im September ihren Gegenbesuch in Polen antreten werden. Neben der Teilnahme am Unterricht (\u201eDie Schule f\u00e4ngt hier immer so fr\u00fch an.\u201c) lernten die jungen Otwocker das Sauerland kennen: So besuchten sie die Kreisstadt Olpe, erkundeten die Wendener H\u00fctte und durchstreiften die Atta-H\u00f6hle. Eine Fahrt nach K\u00f6ln mit Besichtigung von Dom, Altstadt und Sportmuseum sowie der Besuch eines Kletterparks und ein abendliches Grillfest gemeinsam mit den Gastfamilien rundeten das Besuchsprogramm ab.<\/p>\n<p><img loading=\"lazy\" decoding=\"async\" class=\"alignleft size-full wp-image-7160\" src=\"http:\/\/www.maria-koenigin.de\/wordpress\/wp-content\/uploads\/2018\/04\/polen_18_1.jpg\" alt=\"\" width=\"650\" height=\"433\" srcset=\"http:\/\/www.maria-koenigin.de\/wordpress\/wp-content\/uploads\/2018\/04\/polen_18_1.jpg 650w, http:\/\/www.maria-koenigin.de\/wordpress\/wp-content\/uploads\/2018\/04\/polen_18_1-300x200.jpg 300w, http:\/\/www.maria-koenigin.de\/wordpress\/wp-content\/uploads\/2018\/04\/polen_18_1-624x416.jpg 624w\" sizes=\"auto, (max-width: 650px) 100vw, 650px\" \/><\/p>\n<p style=\"text-align: justify;\">Zum Abschluss gab es einen Empfang im Lennest\u00e4dter Rathaus, bevor es wieder hie\u00df: Cze\u015b\u0107 \u2013 bis zum Gegenbesuch im Herbst!<\/p>\n<p style=\"text-align: right;\">Manfred Linder<\/p>\n","protected":false},"excerpt":{"rendered":"<p>Witamy serdecznie! \u2013 Herzlich willkommen! Diesmal galt dieser Gru\u00df \u2013 wegen der Schulreform in Polen \u2013 einer \u201edoppelten\u201c Sch\u00fclergruppe aus Otwock \u2013 insgesamt 28 Sch\u00fclerinnen und Sch\u00fcler in Begleitung ihrer<\/p>\n","protected":false},"author":1,"featured_media":0,"comment_status":"closed","ping_status":"closed","sticky":false,"template":"","format":"standard","meta":{"ngg_post_thumbnail":0,"footnotes":""},"categories":[4],"tags":[],"class_list":["post-7159","post","type-post","status-publish","format-standard","hentry","category-aktuelles"],"_links":{"self":[{"href":"http:\/\/www.maria-koenigin.de\/index.php?rest_route=\/wp\/v2\/posts\/7159","targetHints":{"allow":["GET"]}}],"collection":[{"href":"http:\/\/www.maria-koenigin.de\/index.php?rest_route=\/wp\/v2\/posts"}],"about":[{"href":"http:\/\/www.maria-koenigin.de\/index.php?rest_route=\/wp\/v2\/types\/post"}],"author":[{"embeddable":true,"href":"http:\/\/www.maria-koenigin.de\/index.php?rest_route=\/wp\/v2\/users\/1"}],"replies":[{"embeddable":true,"href":"http:\/\/www.maria-koenigin.de\/index.php?rest_route=%2Fwp%2Fv2%2Fcomments&post=7159"}],"version-history":[{"count":3,"href":"http:\/\/www.maria-koenigin.de\/index.php?rest_route=\/wp\/v2\/posts\/7159\/revisions"}],"predecessor-version":[{"id":7164,"href":"http:\/\/www.maria-koenigin.de\/index.php?rest_route=\/wp\/v2\/posts\/7159\/revisions\/7164"}],"wp:attachment":[{"href":"http:\/\/www.maria-koenigin.de\/index.php?rest_route=%2Fwp%2Fv2%2Fmedia&parent=7159"}],"wp:term":[{"taxonomy":"category","embeddable":true,"href":"http:\/\/www.maria-koenigin.de\/index.php?rest_route=%2Fwp%2Fv2%2Fcategories&post=7159"},{"taxonomy":"post_tag","embeddable":true,"href":"http:\/\/www.maria-koenigin.de\/index.php?rest_route=%2Fwp%2Fv2%2Ftags&post=7159"}],"curies":[{"name":"wp","href":"https:\/\/api.w.org\/{rel}","templated":true}]}}