{"id":7167,"date":"2018-05-06T09:33:00","date_gmt":"2018-05-06T07:33:00","guid":{"rendered":"http:\/\/www.maria-koenigin.de\/?p=7167"},"modified":"2018-05-06T09:33:00","modified_gmt":"2018-05-06T07:33:00","slug":"feierliche-einweihung-des-jugendhofes","status":"publish","type":"post","link":"http:\/\/www.maria-koenigin.de\/?p=7167","title":{"rendered":"Feierliche Einweihung des Jugendhofes"},"content":{"rendered":"<p><img loading=\"lazy\" decoding=\"async\" class=\"alignleft size-full wp-image-7172\" src=\"http:\/\/www.maria-koenigin.de\/wordpress\/wp-content\/uploads\/2018\/05\/Pallotti6.jpg\" alt=\"\" width=\"650\" height=\"433\" srcset=\"http:\/\/www.maria-koenigin.de\/wordpress\/wp-content\/uploads\/2018\/05\/Pallotti6.jpg 650w, http:\/\/www.maria-koenigin.de\/wordpress\/wp-content\/uploads\/2018\/05\/Pallotti6-300x200.jpg 300w, http:\/\/www.maria-koenigin.de\/wordpress\/wp-content\/uploads\/2018\/05\/Pallotti6-624x416.jpg 624w\" sizes=\"auto, (max-width: 650px) 100vw, 650px\" \/><\/p>\n<p style=\"text-align: justify;\">Zu einer fr\u00f6hlichen Einweihungsfeier des Jugendhofes Pallottihaus waren bei strahlendem Sonnenschein zahlreiche G\u00e4ste auf den Klosterberg gekommen. Pr\u00e4lat Thomas Dornseifer aus Paderborn war<!--more--> Hauptzelebrant des festlichen Gottesdienstes, in dem Dechant Andreas Neuser und der Vizeprovinzial Pater Michael Pfenning sowie viele weitere Pallottiner-Patres und auch Pater Heinrich B\u00fcdenbender als Vertreter der Missionare der Heiligen Familie konzelebrierten. F\u00fcr die Musik sorgten die Sch\u00fcler Dustin Modic, Jan Schr\u00fcllkamp, David Oberste-Dommes, Benedikt W\u00fcllner und Leah Hufnagel und auch die Messdiener waren Sch\u00fclerinnen und Sch\u00fcler unseres Gymnasiums.<\/p>\n<p><img loading=\"lazy\" decoding=\"async\" class=\"alignleft size-full wp-image-7168\" src=\"http:\/\/www.maria-koenigin.de\/wordpress\/wp-content\/uploads\/2018\/05\/Pallotti1.jpg\" alt=\"\" width=\"650\" height=\"433\" srcset=\"http:\/\/www.maria-koenigin.de\/wordpress\/wp-content\/uploads\/2018\/05\/Pallotti1.jpg 650w, http:\/\/www.maria-koenigin.de\/wordpress\/wp-content\/uploads\/2018\/05\/Pallotti1-300x200.jpg 300w, http:\/\/www.maria-koenigin.de\/wordpress\/wp-content\/uploads\/2018\/05\/Pallotti1-624x416.jpg 624w\" sizes=\"auto, (max-width: 650px) 100vw, 650px\" \/><\/p>\n<p style=\"text-align: justify;\">Die enge Verbundenheit und die gut angelaufene Kooperation von Jugendhof und Gymnasium wurde auch beim anschlie\u00dfenden Festakt im Innenhof des ehemaligen Klosters von allen Beteiligten gelobt. Andreas B\u00f6lker richtete als Vorsitzender des Tr\u00e4gervereins ein Gru\u00dfwort an die G\u00e4ste aus Kirche, Politik, Schule und Jugendarbeit, in dem er hervorhob, wie gl\u00fccklich der Tr\u00e4ger \u00fcber die neuen Nachbarn sei.&nbsp; Als kleines Geschenk \u00fcberreichten Schulleiter Berthold Scheime und der k\u00fcnftige stellvertretende Schulleiter Christoph Tebr\u00fcgge ein Fahne mit dem Logo des Jugendhofes. Neben zahlreichen Lehrern und Lehrerinnen und Vertretern des Tr\u00e4gervereins nahm auch der neue Schulleiter Fabian Borys &nbsp;an der Einweihung teil.&nbsp;<\/p>\n<p><img loading=\"lazy\" decoding=\"async\" class=\"alignleft size-full wp-image-7169\" src=\"http:\/\/www.maria-koenigin.de\/wordpress\/wp-content\/uploads\/2018\/05\/Pallotti2.jpg\" alt=\"\" width=\"650\" height=\"433\" srcset=\"http:\/\/www.maria-koenigin.de\/wordpress\/wp-content\/uploads\/2018\/05\/Pallotti2.jpg 650w, http:\/\/www.maria-koenigin.de\/wordpress\/wp-content\/uploads\/2018\/05\/Pallotti2-300x200.jpg 300w, http:\/\/www.maria-koenigin.de\/wordpress\/wp-content\/uploads\/2018\/05\/Pallotti2-624x416.jpg 624w\" sizes=\"auto, (max-width: 650px) 100vw, 650px\" \/><\/p>\n<p style=\"text-align: justify;\">Auch die anwesenden Patres der Missionare der Heiligen Familie, Pater Johannes Nies, Pater Josef Vodde, Pater Adolf Reiners und Pater Heinrich B\u00fcdenbender, besichtigten sehr interessiert die neugestalteten R\u00e4umlichkeiten und waren voll des Lobes f\u00fcr den gelungenen Umbau.<\/p>\n<p><img loading=\"lazy\" decoding=\"async\" class=\"alignleft size-full wp-image-7171\" src=\"http:\/\/www.maria-koenigin.de\/wordpress\/wp-content\/uploads\/2018\/05\/Pallotti5.jpg\" alt=\"\" width=\"650\" height=\"433\" srcset=\"http:\/\/www.maria-koenigin.de\/wordpress\/wp-content\/uploads\/2018\/05\/Pallotti5.jpg 650w, http:\/\/www.maria-koenigin.de\/wordpress\/wp-content\/uploads\/2018\/05\/Pallotti5-300x200.jpg 300w, http:\/\/www.maria-koenigin.de\/wordpress\/wp-content\/uploads\/2018\/05\/Pallotti5-624x416.jpg 624w\" sizes=\"auto, (max-width: 650px) 100vw, 650px\" \/><\/p>\n<p style=\"text-align: justify;\">Deutlich wurde bei den Einweihungsfeierlichkeiten aber auch, was f\u00fcr ein Kraftakt der Umbau und der Umzug des Jugendhofes von Olpe nach Altenhundem gewesen ist.&nbsp; Hier galt der besondere Dank aller Anwesenden Georg Hunold, dem Leiter des Jugendhofes f\u00fcr seinen unerm\u00fcdlichen Einsatz und sein planerisches Geschick. Dieser dankte wiederum seinem Stellvertreter Christoph Schnellbacher und dem gesamten Team f\u00fcr ihren Einsatz.<\/p>\n<p><img loading=\"lazy\" decoding=\"async\" class=\"alignleft size-full wp-image-7173\" src=\"http:\/\/www.maria-koenigin.de\/wordpress\/wp-content\/uploads\/2018\/05\/Pallotti7.jpg\" alt=\"\" width=\"650\" height=\"433\" srcset=\"http:\/\/www.maria-koenigin.de\/wordpress\/wp-content\/uploads\/2018\/05\/Pallotti7.jpg 650w, http:\/\/www.maria-koenigin.de\/wordpress\/wp-content\/uploads\/2018\/05\/Pallotti7-300x200.jpg 300w, http:\/\/www.maria-koenigin.de\/wordpress\/wp-content\/uploads\/2018\/05\/Pallotti7-624x416.jpg 624w\" sizes=\"auto, (max-width: 650px) 100vw, 650px\" \/><\/p>\n<p style=\"text-align: justify;\">Im Anschluss an die Segnung der R\u00e4umlichkeiten durch Pr\u00e4lat Dornseifer nutzten viele G\u00e4ste die M\u00f6glichkeit zum Gespr\u00e4ch und zur Besichtigung des Jugendhofes.<\/p>\n<p style=\"text-align: right;\"><em>Ansgar Kaufmann<\/em><\/p>\n","protected":false},"excerpt":{"rendered":"<p>Zu einer fr\u00f6hlichen Einweihungsfeier des Jugendhofes Pallottihaus waren bei strahlendem Sonnenschein zahlreiche G\u00e4ste auf den Klosterberg gekommen. Pr\u00e4lat Thomas Dornseifer aus Paderborn war<\/p>\n","protected":false},"author":1,"featured_media":0,"comment_status":"closed","ping_status":"closed","sticky":false,"template":"","format":"standard","meta":{"ngg_post_thumbnail":0,"footnotes":""},"categories":[4],"tags":[],"class_list":["post-7167","post","type-post","status-publish","format-standard","hentry","category-aktuelles"],"_links":{"self":[{"href":"http:\/\/www.maria-koenigin.de\/index.php?rest_route=\/wp\/v2\/posts\/7167","targetHints":{"allow":["GET"]}}],"collection":[{"href":"http:\/\/www.maria-koenigin.de\/index.php?rest_route=\/wp\/v2\/posts"}],"about":[{"href":"http:\/\/www.maria-koenigin.de\/index.php?rest_route=\/wp\/v2\/types\/post"}],"author":[{"embeddable":true,"href":"http:\/\/www.maria-koenigin.de\/index.php?rest_route=\/wp\/v2\/users\/1"}],"replies":[{"embeddable":true,"href":"http:\/\/www.maria-koenigin.de\/index.php?rest_route=%2Fwp%2Fv2%2Fcomments&post=7167"}],"version-history":[{"count":1,"href":"http:\/\/www.maria-koenigin.de\/index.php?rest_route=\/wp\/v2\/posts\/7167\/revisions"}],"predecessor-version":[{"id":7174,"href":"http:\/\/www.maria-koenigin.de\/index.php?rest_route=\/wp\/v2\/posts\/7167\/revisions\/7174"}],"wp:attachment":[{"href":"http:\/\/www.maria-koenigin.de\/index.php?rest_route=%2Fwp%2Fv2%2Fmedia&parent=7167"}],"wp:term":[{"taxonomy":"category","embeddable":true,"href":"http:\/\/www.maria-koenigin.de\/index.php?rest_route=%2Fwp%2Fv2%2Fcategories&post=7167"},{"taxonomy":"post_tag","embeddable":true,"href":"http:\/\/www.maria-koenigin.de\/index.php?rest_route=%2Fwp%2Fv2%2Ftags&post=7167"}],"curies":[{"name":"wp","href":"https:\/\/api.w.org\/{rel}","templated":true}]}}