{"id":7182,"date":"2018-05-08T21:43:42","date_gmt":"2018-05-08T19:43:42","guid":{"rendered":"http:\/\/www.maria-koenigin.de\/?p=7182"},"modified":"2018-05-08T21:43:42","modified_gmt":"2018-05-08T19:43:42","slug":"groesste-helfergruppe-des-katholikentages","status":"publish","type":"post","link":"http:\/\/www.maria-koenigin.de\/?p=7182","title":{"rendered":"Gr\u00f6\u00dfte Helfergruppe des Katholikentages"},"content":{"rendered":"<p><img loading=\"lazy\" decoding=\"async\" class=\"alignleft size-full wp-image-7184\" src=\"http:\/\/www.maria-koenigin.de\/wordpress\/wp-content\/uploads\/2018\/05\/kathotag18_2.jpg\" alt=\"\" width=\"650\" height=\"460\" srcset=\"http:\/\/www.maria-koenigin.de\/wordpress\/wp-content\/uploads\/2018\/05\/kathotag18_2.jpg 650w, http:\/\/www.maria-koenigin.de\/wordpress\/wp-content\/uploads\/2018\/05\/kathotag18_2-300x212.jpg 300w, http:\/\/www.maria-koenigin.de\/wordpress\/wp-content\/uploads\/2018\/05\/kathotag18_2-624x442.jpg 624w\" sizes=\"auto, (max-width: 650px) 100vw, 650px\" \/><\/p>\n<p style=\"text-align: justify;\">Es ist mittlerweile schon Tradition: Bei Katholikentagen kommt die gr\u00f6\u00dfte Helfergruppe aus dem S\u00fcdsauerland. So ist es auch wieder in M\u00fcnster, wenn sich Gruppen der drei katholischen Gymnasien im Kreis Olpe, St. Franziskus Olpe, St. Ursula Attendorn und Maria K\u00f6nigin Lennestadt gemeinsam mit <!--more-->Jugendlichen aus dem Pastoralverbund Wendener Land auf den Weg zum 101. Deutschen Katholikentag machen. Hinzu kommt noch eine Gruppe von Jugendlichen aus dem Raum Lennestadt unter Begleitung von Pastor Ludger Wollweber. Insgesamt sind es so 150 Helfer, die bei den Gro\u00dfveranstaltungen in der Halle M\u00fcnsterland und im Freien eingesetzt sein werden.<\/p>\n<p style=\"text-align: justify;\">Die Vorfreude auf M\u00fcnster ist bei allen Beteiligten gro\u00df, zumal schon absehbar ist, dass der Katholikentag sehr viele Besucher, allein bis zu 50.000 Dauerteilnehmer, anziehen wird. Auch das Motto des Katholikentages ist hochaktuell: \u201eSuche Frieden\u201c ist eine Aufforderung, die aus der christlichen Botschaft abgeleitet ist und f\u00fcr Konflikte im Kleinen wie im Gro\u00dfen zutrifft.<\/p>\n<p><img loading=\"lazy\" decoding=\"async\" class=\"alignleft size-full wp-image-7183\" src=\"http:\/\/www.maria-koenigin.de\/wordpress\/wp-content\/uploads\/2018\/05\/kathotag18_1.jpg\" alt=\"\" width=\"650\" height=\"282\" srcset=\"http:\/\/www.maria-koenigin.de\/wordpress\/wp-content\/uploads\/2018\/05\/kathotag18_1.jpg 650w, http:\/\/www.maria-koenigin.de\/wordpress\/wp-content\/uploads\/2018\/05\/kathotag18_1-300x130.jpg 300w, http:\/\/www.maria-koenigin.de\/wordpress\/wp-content\/uploads\/2018\/05\/kathotag18_1-624x271.jpg 624w\" sizes=\"auto, (max-width: 650px) 100vw, 650px\" \/><\/p>\n<p style=\"text-align: justify;\">Die Gesamtleitung der S\u00fcdsauerl\u00e4nder Gruppe liegt bei Andreas Stein, Leiter der KOT Wenden, der schon seit vielen Jahren verantwortlich Veranstaltungsorte bei Katholikentagen betreut.&nbsp; Stein ist auch \u00fcberzeugt, dass die Jugendlichen aus dem Kreis Olpe wieder zuverl\u00e4ssig arbeiten werden: \u201eDie Begeisterung der Helfer ist riesengro\u00df und dass sie auch schwierige Aufgaben bew\u00e4ltigen k\u00f6nnen, haben sie schon mehrfach bewiesen.\u201c Zu den Aufgaben geh\u00f6rt die Betreuung von Veranstaltungen mit Bundespr\u00e4sident Steinmeier, Bundeskanzlerin Merkel und vielen weiteren Politikern. Aber auch Vortr\u00e4ge von Dr. Eckhart von Hirschhausen, die \u201eNacht der Lichter\u201c mit den Br\u00fcdern aus Taiz\u00e9 und ein inklusiver Gottesdienst mit sehr vielen Rollstuhlfahrern werden von den S\u00fcdsauerl\u00e4ndern betreut. &nbsp;Neben den Eins\u00e4tzen als Helfer werden die Jugendlichen aber auch noch gen\u00fcgend Zeit haben, um selbst Veranstaltungen des Katholikentages zu erleben. Die bunte und fr\u00f6hliche Vielfalt wird dabei ebenso zu erleben sein, wie eher nachdenkliche und kritische T\u00f6ne zu aktuellen kirchlichen und gesellschaftlichen Fragen und Problemen.<\/p>\n<p><img loading=\"lazy\" decoding=\"async\" class=\"alignleft size-full wp-image-7185\" src=\"http:\/\/www.maria-koenigin.de\/wordpress\/wp-content\/uploads\/2018\/05\/kathotag18_3.jpg\" alt=\"\" width=\"650\" height=\"460\" srcset=\"http:\/\/www.maria-koenigin.de\/wordpress\/wp-content\/uploads\/2018\/05\/kathotag18_3.jpg 650w, http:\/\/www.maria-koenigin.de\/wordpress\/wp-content\/uploads\/2018\/05\/kathotag18_3-300x212.jpg 300w, http:\/\/www.maria-koenigin.de\/wordpress\/wp-content\/uploads\/2018\/05\/kathotag18_3-624x442.jpg 624w\" sizes=\"auto, (max-width: 650px) 100vw, 650px\" \/><\/p>\n<p style=\"text-align: justify;\">Ansgar Kaufmann vom Gymnasium Maria K\u00f6nigin, der bereits zum 6. Mal mit dabei ist, ist \u00fcberzeugt: \u201eDie Teilnahme am Katholikentag ist f\u00fcr unsere Sch\u00fcler eine gute Gelegenheit, die Kirche und den Glauben in der ganzen Vielfalt zu erleben.\u201c&nbsp; Bereits am Dienstag hat sich eine erste Gruppe von Jugendlichen auf den Weg nach M\u00fcnster gemacht, um schon bei den Vorbereitungen f\u00fcr das Gro\u00dfereignis mitzuhelfen. Bis zum Sonntag wird dann sicher neben vielen Eindr\u00fccken und Erlebnissen des Kirchenfestes auch ein wenig Zeit bleiben, um die Stadt M\u00fcnster kennenzulernen.<\/p>\n<p style=\"text-align: right;\">Ansgar Kaufmann<\/p>\n","protected":false},"excerpt":{"rendered":"<p>Es ist mittlerweile schon Tradition: Bei Katholikentagen kommt die gr\u00f6\u00dfte Helfergruppe aus dem S\u00fcdsauerland. So ist es auch wieder in M\u00fcnster, wenn sich Gruppen der drei katholischen Gymnasien im Kreis Olpe, St. Franziskus Olpe, St. Ursula Attendorn und Maria K\u00f6nigin Lennestadt gemeinsam mit<\/p>\n","protected":false},"author":1,"featured_media":0,"comment_status":"closed","ping_status":"closed","sticky":false,"template":"","format":"standard","meta":{"ngg_post_thumbnail":0,"footnotes":""},"categories":[4],"tags":[],"class_list":["post-7182","post","type-post","status-publish","format-standard","hentry","category-aktuelles"],"_links":{"self":[{"href":"http:\/\/www.maria-koenigin.de\/index.php?rest_route=\/wp\/v2\/posts\/7182","targetHints":{"allow":["GET"]}}],"collection":[{"href":"http:\/\/www.maria-koenigin.de\/index.php?rest_route=\/wp\/v2\/posts"}],"about":[{"href":"http:\/\/www.maria-koenigin.de\/index.php?rest_route=\/wp\/v2\/types\/post"}],"author":[{"embeddable":true,"href":"http:\/\/www.maria-koenigin.de\/index.php?rest_route=\/wp\/v2\/users\/1"}],"replies":[{"embeddable":true,"href":"http:\/\/www.maria-koenigin.de\/index.php?rest_route=%2Fwp%2Fv2%2Fcomments&post=7182"}],"version-history":[{"count":1,"href":"http:\/\/www.maria-koenigin.de\/index.php?rest_route=\/wp\/v2\/posts\/7182\/revisions"}],"predecessor-version":[{"id":7186,"href":"http:\/\/www.maria-koenigin.de\/index.php?rest_route=\/wp\/v2\/posts\/7182\/revisions\/7186"}],"wp:attachment":[{"href":"http:\/\/www.maria-koenigin.de\/index.php?rest_route=%2Fwp%2Fv2%2Fmedia&parent=7182"}],"wp:term":[{"taxonomy":"category","embeddable":true,"href":"http:\/\/www.maria-koenigin.de\/index.php?rest_route=%2Fwp%2Fv2%2Fcategories&post=7182"},{"taxonomy":"post_tag","embeddable":true,"href":"http:\/\/www.maria-koenigin.de\/index.php?rest_route=%2Fwp%2Fv2%2Ftags&post=7182"}],"curies":[{"name":"wp","href":"https:\/\/api.w.org\/{rel}","templated":true}]}}