{"id":7188,"date":"2018-05-13T10:35:51","date_gmt":"2018-05-13T08:35:51","guid":{"rendered":"http:\/\/www.maria-koenigin.de\/?p=7188"},"modified":"2018-05-13T10:36:17","modified_gmt":"2018-05-13T08:36:17","slug":"schnupperstudium-an-der-universitaet-zu-marburg-2","status":"publish","type":"post","link":"http:\/\/www.maria-koenigin.de\/?p=7188","title":{"rendered":"\u201eSchnupperstudium\u201c an der Universit\u00e4t zu Marburg"},"content":{"rendered":"<p><img loading=\"lazy\" decoding=\"async\" class=\"alignleft size-full wp-image-7189\" src=\"http:\/\/www.maria-koenigin.de\/wordpress\/wp-content\/uploads\/2018\/05\/marburg_18_1.jpg\" alt=\"\" width=\"650\" height=\"476\" srcset=\"http:\/\/www.maria-koenigin.de\/wordpress\/wp-content\/uploads\/2018\/05\/marburg_18_1.jpg 650w, http:\/\/www.maria-koenigin.de\/wordpress\/wp-content\/uploads\/2018\/05\/marburg_18_1-300x220.jpg 300w, http:\/\/www.maria-koenigin.de\/wordpress\/wp-content\/uploads\/2018\/05\/marburg_18_1-624x457.jpg 624w\" sizes=\"auto, (max-width: 650px) 100vw, 650px\" \/><\/p>\n<p style=\"text-align: justify;\">Zwei interessante aber auch arbeitsreiche Tage verbrachten die beiden Leistungskurse Biologie der Qualifikationsphase 1 unter Leitung von Herrn Tebr\u00fcgge und Frau Mevenkamp an der Universit\u00e4t Marburg. Sie besuchten das dortige <!--more-->Sch\u00fclerlabor mit dem Ziel, das im Unterricht Erlernte zu vertiefen, aber vor allem praktisch zu arbeiten \u2013 was in dieser Intensit\u00e4t&nbsp; im Rahmen des Unterrichts in der Schule nicht m\u00f6glich ist &#8211; und nicht zuletzt einen Eindruck von Inhalten und Arbeitsweisen im Biologiestudium zu erhalten.<\/p>\n<p><img loading=\"lazy\" decoding=\"async\" class=\"alignleft size-full wp-image-7194\" src=\"http:\/\/www.maria-koenigin.de\/wordpress\/wp-content\/uploads\/2018\/05\/marburg_18_6.jpg\" alt=\"\" width=\"650\" height=\"488\" srcset=\"http:\/\/www.maria-koenigin.de\/wordpress\/wp-content\/uploads\/2018\/05\/marburg_18_6.jpg 650w, http:\/\/www.maria-koenigin.de\/wordpress\/wp-content\/uploads\/2018\/05\/marburg_18_6-300x225.jpg 300w, http:\/\/www.maria-koenigin.de\/wordpress\/wp-content\/uploads\/2018\/05\/marburg_18_6-624x468.jpg 624w\" sizes=\"auto, (max-width: 650px) 100vw, 650px\" \/><\/p>\n<p style=\"text-align: justify;\">So stellte jeder Sch\u00fcler im Rahmen des Genetikkurses seinen eigenen \u201eGenetischen Fingerabdruck\u201c her. Am zweiten Kurstag lag der Schwerpunkt im Bereich der Botanik, indem zum einen die Pflanzenwelt mit ihren Anpassungen an unterschiedliche Umweltbedingungen in den Gew\u00e4chsh\u00e4usern des Botanischen Gartens erkundet wurde und zum anderen biochemische Reaktionswege der Fotosynthese im Labor untersucht wurden.<\/p>\n<p><img loading=\"lazy\" decoding=\"async\" class=\"alignleft size-full wp-image-7193\" src=\"http:\/\/www.maria-koenigin.de\/wordpress\/wp-content\/uploads\/2018\/05\/marburg_18_5.jpg\" alt=\"\" width=\"650\" height=\"488\" srcset=\"http:\/\/www.maria-koenigin.de\/wordpress\/wp-content\/uploads\/2018\/05\/marburg_18_5.jpg 650w, http:\/\/www.maria-koenigin.de\/wordpress\/wp-content\/uploads\/2018\/05\/marburg_18_5-300x225.jpg 300w, http:\/\/www.maria-koenigin.de\/wordpress\/wp-content\/uploads\/2018\/05\/marburg_18_5-624x468.jpg 624w\" sizes=\"auto, (max-width: 650px) 100vw, 650px\" \/><\/p>\n<p style=\"text-align: justify;\">In den Pausen stand den Sch\u00fclern bei sch\u00f6nstem Wetter das weitl\u00e4ufige Gel\u00e4nde des Botanischen Gartens zur Verf\u00fcgung und der Abend fand seinen gem\u00fctlichen Ausklang am Lahnufer oder in der sch\u00f6nen Altstadt der Studentenstadt Marburg.<\/p>\n<p style=\"text-align: right;\">Birgitt Mevenkamp<\/p>\n<p><img loading=\"lazy\" decoding=\"async\" class=\"size-full wp-image-7190 aligncenter\" src=\"http:\/\/www.maria-koenigin.de\/wordpress\/wp-content\/uploads\/2018\/05\/marburg_18_2.jpg\" alt=\"\" width=\"350\" height=\"466\" srcset=\"http:\/\/www.maria-koenigin.de\/wordpress\/wp-content\/uploads\/2018\/05\/marburg_18_2.jpg 350w, http:\/\/www.maria-koenigin.de\/wordpress\/wp-content\/uploads\/2018\/05\/marburg_18_2-225x300.jpg 225w\" sizes=\"auto, (max-width: 350px) 100vw, 350px\" \/><\/p>\n<p><img loading=\"lazy\" decoding=\"async\" class=\"size-full wp-image-7192 aligncenter\" src=\"http:\/\/www.maria-koenigin.de\/wordpress\/wp-content\/uploads\/2018\/05\/marburg_18_4.jpg\" alt=\"\" width=\"650\" height=\"456\" srcset=\"http:\/\/www.maria-koenigin.de\/wordpress\/wp-content\/uploads\/2018\/05\/marburg_18_4.jpg 650w, http:\/\/www.maria-koenigin.de\/wordpress\/wp-content\/uploads\/2018\/05\/marburg_18_4-300x210.jpg 300w, http:\/\/www.maria-koenigin.de\/wordpress\/wp-content\/uploads\/2018\/05\/marburg_18_4-624x438.jpg 624w\" sizes=\"auto, (max-width: 650px) 100vw, 650px\" \/><img loading=\"lazy\" decoding=\"async\" class=\"size-full wp-image-7195 aligncenter\" src=\"http:\/\/www.maria-koenigin.de\/wordpress\/wp-content\/uploads\/2018\/05\/marburg_18_7.jpg\" alt=\"\" width=\"350\" height=\"467\" srcset=\"http:\/\/www.maria-koenigin.de\/wordpress\/wp-content\/uploads\/2018\/05\/marburg_18_7.jpg 350w, http:\/\/www.maria-koenigin.de\/wordpress\/wp-content\/uploads\/2018\/05\/marburg_18_7-225x300.jpg 225w\" sizes=\"auto, (max-width: 350px) 100vw, 350px\" \/><\/p>\n<p><img loading=\"lazy\" decoding=\"async\" class=\"size-full wp-image-7191 aligncenter\" src=\"http:\/\/www.maria-koenigin.de\/wordpress\/wp-content\/uploads\/2018\/05\/marburg_18_3.jpg\" alt=\"\" width=\"650\" height=\"488\" srcset=\"http:\/\/www.maria-koenigin.de\/wordpress\/wp-content\/uploads\/2018\/05\/marburg_18_3.jpg 650w, http:\/\/www.maria-koenigin.de\/wordpress\/wp-content\/uploads\/2018\/05\/marburg_18_3-300x225.jpg 300w, http:\/\/www.maria-koenigin.de\/wordpress\/wp-content\/uploads\/2018\/05\/marburg_18_3-624x468.jpg 624w\" sizes=\"auto, (max-width: 650px) 100vw, 650px\" \/><\/p>\n","protected":false},"excerpt":{"rendered":"<p>Zwei interessante aber auch arbeitsreiche Tage verbrachten die beiden Leistungskurse Biologie der Qualifikationsphase 1 unter Leitung von Herrn Tebr\u00fcgge und Frau Mevenkamp an der Universit\u00e4t Marburg. Sie besuchten das dortige<\/p>\n","protected":false},"author":1,"featured_media":0,"comment_status":"closed","ping_status":"closed","sticky":false,"template":"","format":"standard","meta":{"ngg_post_thumbnail":0,"footnotes":""},"categories":[4],"tags":[],"class_list":["post-7188","post","type-post","status-publish","format-standard","hentry","category-aktuelles"],"_links":{"self":[{"href":"http:\/\/www.maria-koenigin.de\/index.php?rest_route=\/wp\/v2\/posts\/7188","targetHints":{"allow":["GET"]}}],"collection":[{"href":"http:\/\/www.maria-koenigin.de\/index.php?rest_route=\/wp\/v2\/posts"}],"about":[{"href":"http:\/\/www.maria-koenigin.de\/index.php?rest_route=\/wp\/v2\/types\/post"}],"author":[{"embeddable":true,"href":"http:\/\/www.maria-koenigin.de\/index.php?rest_route=\/wp\/v2\/users\/1"}],"replies":[{"embeddable":true,"href":"http:\/\/www.maria-koenigin.de\/index.php?rest_route=%2Fwp%2Fv2%2Fcomments&post=7188"}],"version-history":[{"count":4,"href":"http:\/\/www.maria-koenigin.de\/index.php?rest_route=\/wp\/v2\/posts\/7188\/revisions"}],"predecessor-version":[{"id":12042,"href":"http:\/\/www.maria-koenigin.de\/index.php?rest_route=\/wp\/v2\/posts\/7188\/revisions\/12042"}],"wp:attachment":[{"href":"http:\/\/www.maria-koenigin.de\/index.php?rest_route=%2Fwp%2Fv2%2Fmedia&parent=7188"}],"wp:term":[{"taxonomy":"category","embeddable":true,"href":"http:\/\/www.maria-koenigin.de\/index.php?rest_route=%2Fwp%2Fv2%2Fcategories&post=7188"},{"taxonomy":"post_tag","embeddable":true,"href":"http:\/\/www.maria-koenigin.de\/index.php?rest_route=%2Fwp%2Fv2%2Ftags&post=7188"}],"curies":[{"name":"wp","href":"https:\/\/api.w.org\/{rel}","templated":true}]}}