{"id":7212,"date":"2018-05-17T08:10:12","date_gmt":"2018-05-17T06:10:12","guid":{"rendered":"http:\/\/www.maria-koenigin.de\/?p=7212"},"modified":"2018-05-17T08:10:12","modified_gmt":"2018-05-17T06:10:12","slug":"friedensstadt-lichtermeer-und-lob-von-hoechster-stelle","status":"publish","type":"post","link":"http:\/\/www.maria-koenigin.de\/?p=7212","title":{"rendered":"Friedensstadt, Lichtermeer und Lob von h\u00f6chster Stelle"},"content":{"rendered":"<p><img loading=\"lazy\" decoding=\"async\" class=\"alignleft size-full wp-image-7213\" src=\"http:\/\/www.maria-koenigin.de\/wordpress\/wp-content\/uploads\/2018\/05\/kathotag_1.jpg\" alt=\"\" width=\"650\" height=\"522\" srcset=\"http:\/\/www.maria-koenigin.de\/wordpress\/wp-content\/uploads\/2018\/05\/kathotag_1.jpg 650w, http:\/\/www.maria-koenigin.de\/wordpress\/wp-content\/uploads\/2018\/05\/kathotag_1-300x241.jpg 300w, http:\/\/www.maria-koenigin.de\/wordpress\/wp-content\/uploads\/2018\/05\/kathotag_1-624x501.jpg 624w\" sizes=\"auto, (max-width: 650px) 100vw, 650px\" \/><\/p>\n<p style=\"text-align: justify;\">Nach sechs, anstrengenden, aber auch begeisternden Tagen in M\u00fcnster ist die Sauerl\u00e4nder Helfergruppe wieder in der Heimat eingetroffen.<\/p>\n<p style=\"text-align: justify;\">Fast 150 Jugendliche und ihre Begleiter waren bei diesem gro\u00dfen Katholikentreffen vor allem bei gro\u00dfen <!--more-->Diskussionsveranstaltungen in der Halle M\u00fcnsterland eingesetzt. Sie erlebten bei weitgehend sch\u00f6nem Wetter einen fr\u00f6hlichen, bunten und politischen Katholikentag und eine gro\u00dfartige Gastgeberstadt M\u00fcnster, die ihrem Titel Friedensstadt voll gerecht wurde. Der Katholikentag unter dem Motto \u201eSuche Frieden\u201c war ein gro\u00dfes Glaubensfest mit dem eindringlichen Appell, sich f\u00fcr Frieden, Toleranz und N\u00e4chstenliebe einzusetzen.&nbsp;<\/p>\n<p><img loading=\"lazy\" decoding=\"async\" class=\"alignleft size-full wp-image-7218\" src=\"http:\/\/www.maria-koenigin.de\/wordpress\/wp-content\/uploads\/2018\/05\/kathotag_4.jpg\" alt=\"\" width=\"650\" height=\"488\" srcset=\"http:\/\/www.maria-koenigin.de\/wordpress\/wp-content\/uploads\/2018\/05\/kathotag_4.jpg 650w, http:\/\/www.maria-koenigin.de\/wordpress\/wp-content\/uploads\/2018\/05\/kathotag_4-300x225.jpg 300w, http:\/\/www.maria-koenigin.de\/wordpress\/wp-content\/uploads\/2018\/05\/kathotag_4-624x468.jpg 624w\" sizes=\"auto, (max-width: 650px) 100vw, 650px\" \/><\/p>\n<p style=\"text-align: justify;\">Nachdem die Sch\u00fcler aus Attendorn, Olpe und Lennestadt und die Firmlinge aus Wenden und Meggen am Er\u00f6ffnungsabend noch die Zug\u00e4nge zum Domplatz regeln mussten und die meisten dabei kaum zum Einsatz kamen, da alles reibungslos verlief, wurde es an den weiteren Tagen interessanter, aber auch anstrengender. Bei den gro\u00dfen Veranstaltungen mit Bundespr\u00e4sident Frank-Walter Steinmeier und Bundeskanzlerin Angela Merkel waren sie f\u00fcr den Einlass, die Ordnung in der Halle, das Herrichten der B\u00fchnen und das Sammeln von Fragen zust\u00e4ndig. Dabei kamen sie den Politikern sehr nahe und konnten sich auch ein Bild von den enormen Sicherheitsvorkehrungen bei einem solchen Auftritt machen. Gemeindereferent Christoph Kinkel und Pfarrer Ludger Wollweber hatten die Ehre, die Bundeskanzlerin mit Getr\u00e4nken zu bedienen.<\/p>\n<p><img loading=\"lazy\" decoding=\"async\" class=\"alignleft size-full wp-image-7216\" src=\"http:\/\/www.maria-koenigin.de\/wordpress\/wp-content\/uploads\/2018\/05\/steinmeier_katho.jpg\" alt=\"\" width=\"650\" height=\"488\" srcset=\"http:\/\/www.maria-koenigin.de\/wordpress\/wp-content\/uploads\/2018\/05\/steinmeier_katho.jpg 650w, http:\/\/www.maria-koenigin.de\/wordpress\/wp-content\/uploads\/2018\/05\/steinmeier_katho-300x225.jpg 300w, http:\/\/www.maria-koenigin.de\/wordpress\/wp-content\/uploads\/2018\/05\/steinmeier_katho-624x468.jpg 624w\" sizes=\"auto, (max-width: 650px) 100vw, 650px\" \/><\/p>\n<p style=\"text-align: justify;\">Viel Freude machten auch die Dienste bei den Auftritten von Eckhart von Hirschhausen, der gleich mit mehreren Veranstaltungen in der Halle M\u00fcnsterland vertreten war. Mit viel Humor thematisierte von Hirschhausen die dr\u00e4ngenden Probleme unserer Gesellschaft, etwa den Pflegenotstand.<\/p>\n<p style=\"text-align: justify;\">Mit der \u201eNacht der Lichter\u201c und den Br\u00fcdern von Taiz\u00e9 war dann eine ganz andere Erfahrung verbunden. Mehrere tausend Menschen verwandelten die kalte Betonhalle in ein warmes Lichtermeer. Die Taiz\u00e9-Ges\u00e4nge und -Gebete und die dichte spirituelle Atmosph\u00e4re waren ein starkes Erlebnis.<\/p>\n<p><img loading=\"lazy\" decoding=\"async\" class=\"alignleft size-full wp-image-7215\" src=\"http:\/\/www.maria-koenigin.de\/wordpress\/wp-content\/uploads\/2018\/05\/kathotag_3.jpg\" alt=\"\" width=\"650\" height=\"433\" srcset=\"http:\/\/www.maria-koenigin.de\/wordpress\/wp-content\/uploads\/2018\/05\/kathotag_3.jpg 650w, http:\/\/www.maria-koenigin.de\/wordpress\/wp-content\/uploads\/2018\/05\/kathotag_3-300x200.jpg 300w, http:\/\/www.maria-koenigin.de\/wordpress\/wp-content\/uploads\/2018\/05\/kathotag_3-624x416.jpg 624w\" sizes=\"auto, (max-width: 650px) 100vw, 650px\" \/><\/p>\n<p style=\"text-align: justify;\">Eine Diskussion unter dem Titel \u201eWie hast du\u2019s mit der Religion?\u201c hatte im Vorfeld des Katholikentages schon f\u00fcr viele Diskussionen gesorgt. Grund war die Beteiligung eines Politikers der AfD. Auch bei dieser spannungsgeladenen Veranstaltung waren die Sauerl\u00e4nder Helfer im Einsatz.<\/p>\n<p style=\"text-align: justify;\">Bei vielen weiteren Veranstaltungen, auch beim gro\u00dfen Abschlussgottesdienst auf dem Schlossplatz, sorgten die Jugendlichen f\u00fcr einen reibungslosen Ablauf und beantworteten viele Fragen. Ihre Freundlichkeit und Zuverl\u00e4ssigkeit wurden dann auch von h\u00f6chster Stelle gelobt. Wolfgang Klose, Vizepr\u00e4sident des Zentralkomitees der Deutschen Katholiken und auch der Landespolizeichef von NRW, hoben die gute Arbeit der Helfergruppe aus dem Sauerland hervor.&nbsp;<\/p>\n<p><img loading=\"lazy\" decoding=\"async\" class=\"alignleft size-full wp-image-7214\" src=\"http:\/\/www.maria-koenigin.de\/wordpress\/wp-content\/uploads\/2018\/05\/kathotag_2.jpg\" alt=\"\" width=\"650\" height=\"433\" srcset=\"http:\/\/www.maria-koenigin.de\/wordpress\/wp-content\/uploads\/2018\/05\/kathotag_2.jpg 650w, http:\/\/www.maria-koenigin.de\/wordpress\/wp-content\/uploads\/2018\/05\/kathotag_2-300x200.jpg 300w, http:\/\/www.maria-koenigin.de\/wordpress\/wp-content\/uploads\/2018\/05\/kathotag_2-624x416.jpg 624w\" sizes=\"auto, (max-width: 650px) 100vw, 650px\" \/><\/p>\n<p style=\"text-align: justify;\">Bereits zum sechsten Mal seit 2008 war eine gro\u00dfe Helfergruppe aus dem Kreis Olpe beim Katholikentag. Erm\u00f6glicht hat dies Andreas Stein, Leiter der Kleinen offenen T\u00fcr in Wenden, der auch diesmal wieder den Helfereinsatz koordiniert hat und gemeinsam mit Lehrern, ehemaligen Sch\u00fclern und Engagierten aus den Kirchengemeinden die Leitung der Gruppe hatte.<\/p>\n<p style=\"text-align: right;\">Ansgar Kaufmann<\/p>\n<p><a href=\"https:\/\/www.youpax.de\/content\/3251266404.php\" target=\"_blank\" rel=\"noopener\">Weitere Informationen auf Youpax<\/a><\/p>\n","protected":false},"excerpt":{"rendered":"<p>Nach sechs, anstrengenden, aber auch begeisternden Tagen in M\u00fcnster ist die Sauerl\u00e4nder Helfergruppe wieder in der Heimat eingetroffen. Fast 150 Jugendliche und ihre Begleiter waren bei diesem gro\u00dfen Katholikentreffen vor allem bei gro\u00dfen<\/p>\n","protected":false},"author":1,"featured_media":0,"comment_status":"closed","ping_status":"closed","sticky":false,"template":"","format":"standard","meta":{"ngg_post_thumbnail":0,"footnotes":""},"categories":[4],"tags":[],"class_list":["post-7212","post","type-post","status-publish","format-standard","hentry","category-aktuelles"],"_links":{"self":[{"href":"http:\/\/www.maria-koenigin.de\/index.php?rest_route=\/wp\/v2\/posts\/7212","targetHints":{"allow":["GET"]}}],"collection":[{"href":"http:\/\/www.maria-koenigin.de\/index.php?rest_route=\/wp\/v2\/posts"}],"about":[{"href":"http:\/\/www.maria-koenigin.de\/index.php?rest_route=\/wp\/v2\/types\/post"}],"author":[{"embeddable":true,"href":"http:\/\/www.maria-koenigin.de\/index.php?rest_route=\/wp\/v2\/users\/1"}],"replies":[{"embeddable":true,"href":"http:\/\/www.maria-koenigin.de\/index.php?rest_route=%2Fwp%2Fv2%2Fcomments&post=7212"}],"version-history":[{"count":1,"href":"http:\/\/www.maria-koenigin.de\/index.php?rest_route=\/wp\/v2\/posts\/7212\/revisions"}],"predecessor-version":[{"id":7219,"href":"http:\/\/www.maria-koenigin.de\/index.php?rest_route=\/wp\/v2\/posts\/7212\/revisions\/7219"}],"wp:attachment":[{"href":"http:\/\/www.maria-koenigin.de\/index.php?rest_route=%2Fwp%2Fv2%2Fmedia&parent=7212"}],"wp:term":[{"taxonomy":"category","embeddable":true,"href":"http:\/\/www.maria-koenigin.de\/index.php?rest_route=%2Fwp%2Fv2%2Fcategories&post=7212"},{"taxonomy":"post_tag","embeddable":true,"href":"http:\/\/www.maria-koenigin.de\/index.php?rest_route=%2Fwp%2Fv2%2Ftags&post=7212"}],"curies":[{"name":"wp","href":"https:\/\/api.w.org\/{rel}","templated":true}]}}