{"id":7266,"date":"2018-06-06T10:40:42","date_gmt":"2018-06-06T08:40:42","guid":{"rendered":"http:\/\/www.maria-koenigin.de\/?p=7266"},"modified":"2018-06-04T18:09:42","modified_gmt":"2018-06-04T16:09:42","slug":"musikalischer-sommerabend-an-mk","status":"publish","type":"post","link":"http:\/\/www.maria-koenigin.de\/?p=7266","title":{"rendered":""},"content":{"rendered":"<p><img loading=\"lazy\" decoding=\"async\" class=\"alignnone size-full wp-image-7267\" src=\"http:\/\/www.maria-koenigin.de\/wordpress\/wp-content\/uploads\/2018\/06\/Plakat_final2.jpg\" alt=\"\" width=\"640\" height=\"905\" srcset=\"http:\/\/www.maria-koenigin.de\/wordpress\/wp-content\/uploads\/2018\/06\/Plakat_final2.jpg 640w, http:\/\/www.maria-koenigin.de\/wordpress\/wp-content\/uploads\/2018\/06\/Plakat_final2-212x300.jpg 212w, http:\/\/www.maria-koenigin.de\/wordpress\/wp-content\/uploads\/2018\/06\/Plakat_final2-624x882.jpg 624w\" sizes=\"auto, (max-width: 640px) 100vw, 640px\" \/><\/p>\n<p>\u201eLieder vom Leben\u201c hei\u00dft es auch zum vierten Mal, wenn die Band&nbsp;\u201eAmeling and friends\u201c&nbsp;zu einem musikalischen Sommerabend am <!--more-->Gymnasium Maria K\u00f6nigin einl\u00e4dt.<\/p>\n<p>Das Konzert beginnt am Freitag, 22.06.2018 um&nbsp;18.00 Uhr&nbsp;im frisch renovierten Klosterinnenhof des Gymnasiums und des Jugendhofs Pallotti Lennestadt.<br \/>\nDen Anfang macht die junge Lennest\u00e4dter Band \u201eThe Oak Yard\u201c, die in den letzten Jahren mit frischer, handgemachter Folkmusik \u00fcberzeugt hat.<br \/>\nAnschlie\u00dfend wird Michael Ameling, Lehrer f\u00fcr Religion, Geschichte und Latein, mit seiner Band aus dem Leben erz\u00e4hlen.<\/p>\n<p>Mit ausnahmslos selbstkomponierter Musik und selbstgeschriebenen Texten wurde auch schon in der Vergangenheit ein stetig wachsendes Publikum begeistert. Neue Lieder sind hinzugekommen, bereits bekannte Lieder wurden \u00fcberarbeitet und werden teilweise in neuen Versionen zu h\u00f6ren sein. Ob rockig oder melancholisch, gesellschaftskritisch oder heiter \u2013 \u201eAmeling and friends\u201c verbinden ehrliche Texte mit mitrei\u00dfenden und eing\u00e4ngigen Melodien.<\/p>\n<p>Musikalisch unterst\u00fctzt wird Michael Ameling als S\u00e4nger und Bassist der Band von aktuellen und ehemaligen Sch\u00fclern: Marius Albers und Jan Schr\u00fcllkamp an den Gitarren, Dustin Modic am Keyboard, Felix Griese am Schlagzeug und&nbsp;Martin Berens an den Percussions. Durch eine Gastmusikerin an der Geige wird einigen Liedern ein au\u00dfergew\u00f6hnlicher Klang verliehen.<\/p>\n<p>In der besonderen Atmosph\u00e4re des neuen Klosterinnenhofes erwartet die Besucher ein musikalisch interessanter und abwechslungsreicher Abend. F\u00fcr das leibliche Wohl ist gesorgt.<\/p>\n<p>Der Eintritt betr\u00e4gt&nbsp;10&nbsp;Euro f\u00fcr Erwachsene und&nbsp;7&nbsp;Euro f\u00fcr&nbsp;Sch\u00fclerinnen und Sch\u00fcler.<br \/>\nKarten gibt es an der Abendkasse oder ab sofort im Vorverkauf im Sekretariat des Gymnasiums Maria K\u00f6nigin, Tel. 02723\/68780.<br \/>\nBei schlechtem Wetter findet das Konzert in der unteren Pausenhalle der Schule statt.<\/p>\n","protected":false},"excerpt":{"rendered":"<p>\u201eLieder vom Leben\u201c hei\u00dft es auch zum vierten Mal, wenn die Band&nbsp;\u201eAmeling and friends\u201c&nbsp;zu einem musikalischen Sommerabend am<\/p>\n","protected":false},"author":8,"featured_media":0,"comment_status":"closed","ping_status":"closed","sticky":false,"template":"","format":"standard","meta":{"ngg_post_thumbnail":0,"footnotes":""},"categories":[4],"tags":[],"class_list":["post-7266","post","type-post","status-publish","format-standard","hentry","category-aktuelles"],"_links":{"self":[{"href":"http:\/\/www.maria-koenigin.de\/index.php?rest_route=\/wp\/v2\/posts\/7266","targetHints":{"allow":["GET"]}}],"collection":[{"href":"http:\/\/www.maria-koenigin.de\/index.php?rest_route=\/wp\/v2\/posts"}],"about":[{"href":"http:\/\/www.maria-koenigin.de\/index.php?rest_route=\/wp\/v2\/types\/post"}],"author":[{"embeddable":true,"href":"http:\/\/www.maria-koenigin.de\/index.php?rest_route=\/wp\/v2\/users\/8"}],"replies":[{"embeddable":true,"href":"http:\/\/www.maria-koenigin.de\/index.php?rest_route=%2Fwp%2Fv2%2Fcomments&post=7266"}],"version-history":[{"count":3,"href":"http:\/\/www.maria-koenigin.de\/index.php?rest_route=\/wp\/v2\/posts\/7266\/revisions"}],"predecessor-version":[{"id":7269,"href":"http:\/\/www.maria-koenigin.de\/index.php?rest_route=\/wp\/v2\/posts\/7266\/revisions\/7269"}],"wp:attachment":[{"href":"http:\/\/www.maria-koenigin.de\/index.php?rest_route=%2Fwp%2Fv2%2Fmedia&parent=7266"}],"wp:term":[{"taxonomy":"category","embeddable":true,"href":"http:\/\/www.maria-koenigin.de\/index.php?rest_route=%2Fwp%2Fv2%2Fcategories&post=7266"},{"taxonomy":"post_tag","embeddable":true,"href":"http:\/\/www.maria-koenigin.de\/index.php?rest_route=%2Fwp%2Fv2%2Ftags&post=7266"}],"curies":[{"name":"wp","href":"https:\/\/api.w.org\/{rel}","templated":true}]}}