{"id":7272,"date":"2018-06-06T11:21:27","date_gmt":"2018-06-06T09:21:27","guid":{"rendered":"http:\/\/www.maria-koenigin.de\/?p=7272"},"modified":"2018-06-06T11:22:45","modified_gmt":"2018-06-06T09:22:45","slug":"suche-friedenjugendgottesdienst-an-maria-koenigin","status":"publish","type":"post","link":"http:\/\/www.maria-koenigin.de\/?p=7272","title":{"rendered":"\u201eSuche Frieden!\u201c<br>Jugendgottesdienst an Maria K\u00f6nigin"},"content":{"rendered":"<p><img loading=\"lazy\" decoding=\"async\" class=\"alignleft size-full wp-image-7215\" src=\"http:\/\/www.maria-koenigin.de\/wordpress\/wp-content\/uploads\/2018\/05\/kathotag_3.jpg\" alt=\"\" width=\"650\" height=\"433\" srcset=\"http:\/\/www.maria-koenigin.de\/wordpress\/wp-content\/uploads\/2018\/05\/kathotag_3.jpg 650w, http:\/\/www.maria-koenigin.de\/wordpress\/wp-content\/uploads\/2018\/05\/kathotag_3-300x200.jpg 300w, http:\/\/www.maria-koenigin.de\/wordpress\/wp-content\/uploads\/2018\/05\/kathotag_3-624x416.jpg 624w\" sizes=\"auto, (max-width: 650px) 100vw, 650px\" \/><\/p>\n<p style=\"text-align: justify;\">Mit einem Jugendgottesdient am kommenden Sonntag und dem Thema \u201eSuche Frieden!\u201c kn\u00fcpft das Team der Jungen Kirche an Maria K\u00f6nigin an den Katholikentag in M\u00fcnster an.<\/p>\n<p style=\"text-align: justify;\">Am Sonntag, dem 10.06., um 18 Uhr wird Pastor G\u00fcnter Eickelmann aus <!--more-->dem Pastoralen Raum Lennestadt den Gottesdienst mit der Jungen Kirche feiern. Bei gutem Wetter wird die Messfeier im Innenhof des Klostergeb\u00e4udes stattfinden, sollte das Wetter unsicher sein, in der Klosterkirche.<\/p>\n<p style=\"text-align: justify;\">\u201eSuche Frieden!\u201c war das Motto des Katholikentags in M\u00fcnster, an dem auch zahlreiche Sch\u00fclerinnen und Sch\u00fcler des Gymnasiums Maria K\u00f6nigin teilgenommen haben.<\/p>\n<p style=\"text-align: justify;\">Das Team der Jungen Kirche schreibt: \u201eAngesichts immer wieder aufflammender Konflikte in vielen Teilen der Welt, angesichts eines unberechenbaren amerikanischen Pr\u00e4sidenten und angesichts einer ungewissen Zukunft Europas soll in dem Gottesdienst um Frieden und Wege zur Vers\u00f6hnung gebetet werden. Aber auch im pers\u00f6nlichen Bereich ist die Suche nach Frieden wichtig f\u00fcr ein gelingendes Leben. Die Botschaft Jesu gibt dazu Orientierung und Hilfe. Wir haben den Auftrag Friedensbotschafter zu sein und uns f\u00fcr Gerechtigkeit und Frieden einzusetzen.\u201c<\/p>\n<p style=\"text-align: justify;\">Die musikalische Gestaltung liegt bei einer Sch\u00fclerband unter Leitung von Hendrik Sch\u00f6rmann.<\/p>\n<p style=\"text-align: right;\">Ansgar Kaufmann<\/p>\n","protected":false},"excerpt":{"rendered":"<p>Mit einem Jugendgottesdient am kommenden Sonntag und dem Thema \u201eSuche Frieden!\u201c kn\u00fcpft das Team der Jungen Kirche an Maria K\u00f6nigin an den Katholikentag in M\u00fcnster an. Am Sonntag, dem 10.06., um 18 Uhr wird Pastor G\u00fcnter Eickelmann aus<\/p>\n","protected":false},"author":1,"featured_media":0,"comment_status":"closed","ping_status":"closed","sticky":false,"template":"","format":"standard","meta":{"ngg_post_thumbnail":0,"footnotes":""},"categories":[4],"tags":[],"class_list":["post-7272","post","type-post","status-publish","format-standard","hentry","category-aktuelles"],"_links":{"self":[{"href":"http:\/\/www.maria-koenigin.de\/index.php?rest_route=\/wp\/v2\/posts\/7272","targetHints":{"allow":["GET"]}}],"collection":[{"href":"http:\/\/www.maria-koenigin.de\/index.php?rest_route=\/wp\/v2\/posts"}],"about":[{"href":"http:\/\/www.maria-koenigin.de\/index.php?rest_route=\/wp\/v2\/types\/post"}],"author":[{"embeddable":true,"href":"http:\/\/www.maria-koenigin.de\/index.php?rest_route=\/wp\/v2\/users\/1"}],"replies":[{"embeddable":true,"href":"http:\/\/www.maria-koenigin.de\/index.php?rest_route=%2Fwp%2Fv2%2Fcomments&post=7272"}],"version-history":[{"count":3,"href":"http:\/\/www.maria-koenigin.de\/index.php?rest_route=\/wp\/v2\/posts\/7272\/revisions"}],"predecessor-version":[{"id":7275,"href":"http:\/\/www.maria-koenigin.de\/index.php?rest_route=\/wp\/v2\/posts\/7272\/revisions\/7275"}],"wp:attachment":[{"href":"http:\/\/www.maria-koenigin.de\/index.php?rest_route=%2Fwp%2Fv2%2Fmedia&parent=7272"}],"wp:term":[{"taxonomy":"category","embeddable":true,"href":"http:\/\/www.maria-koenigin.de\/index.php?rest_route=%2Fwp%2Fv2%2Fcategories&post=7272"},{"taxonomy":"post_tag","embeddable":true,"href":"http:\/\/www.maria-koenigin.de\/index.php?rest_route=%2Fwp%2Fv2%2Ftags&post=7272"}],"curies":[{"name":"wp","href":"https:\/\/api.w.org\/{rel}","templated":true}]}}