{"id":7277,"date":"2018-06-11T08:43:43","date_gmt":"2018-06-11T06:43:43","guid":{"rendered":"http:\/\/www.maria-koenigin.de\/?p=7277"},"modified":"2018-06-07T08:49:38","modified_gmt":"2018-06-07T06:49:38","slug":"berlin-berlin-wir-fahren-nach-berlin-wer","status":"publish","type":"post","link":"http:\/\/www.maria-koenigin.de\/?p=7277","title":{"rendered":"BERLIN, BERLIN, wir fahren nach Berlin! Wer?"},"content":{"rendered":"<p style=\"text-align: justify;\"><img loading=\"lazy\" decoding=\"async\" class=\"alignnone size-full wp-image-7278\" src=\"http:\/\/www.maria-koenigin.de\/wordpress\/wp-content\/uploads\/2018\/06\/Berlin-2018.jpg\" alt=\"\" width=\"640\" height=\"480\" srcset=\"http:\/\/www.maria-koenigin.de\/wordpress\/wp-content\/uploads\/2018\/06\/Berlin-2018.jpg 640w, http:\/\/www.maria-koenigin.de\/wordpress\/wp-content\/uploads\/2018\/06\/Berlin-2018-300x225.jpg 300w, http:\/\/www.maria-koenigin.de\/wordpress\/wp-content\/uploads\/2018\/06\/Berlin-2018-624x468.jpg 624w\" sizes=\"auto, (max-width: 640px) 100vw, 640px\" \/><\/p>\n<p style=\"text-align: justify;\">Das sind wir, der Sowi LK der Q1 und vom 31.05.18 bis 03.06.18 starteten wir unser Abenteuer Berlin.<\/p>\n<p style=\"text-align: justify;\">Angekommen in Berlin ging es f\u00fcr uns nach dem <!--more-->Einzug in unser Hotel und einer \u201ekleinen St\u00e4rkung\u201c direkt in das Musical der \u201eBlue Man Group\u201c- eine sehr ausgefallene und unterhaltsame Show!<\/p>\n<p style=\"text-align: justify;\">Am n\u00e4chsten Tag machten wir uns nach dem Fr\u00fchst\u00fcck auf den Weg, um die politische Seite Berlins zu erkunden. Daf\u00fcr besuchten wir den Bundestag, wo wir auf der Trib\u00fcne des Plenarsaals interessiert einem Vortrag lauschten.<\/p>\n<p style=\"text-align: justify;\">Anschlie\u00dfend stand f\u00fcr uns noch ein Gespr\u00e4ch mit einer Mitarbeiterin aus dem B\u00fcro von Johannes Vogel, einem Abgeordneten der FDP des Kreises Olpe, auf dem Plan, um durch von uns gestellte Fragen noch mehr \u00fcber den Bundestag und die Arbeit dort zu erfahren sowie \u00fcber aktuelle Entwicklungen in der Politik zu debattieren. Im Anschluss hatten wir die M\u00f6glichkeit die Dachterrasse und die Kuppel zu erkunden. Von dort aus hatten wir einen wundersch\u00f6nen Blick \u00fcber Berlin.<\/p>\n<p style=\"text-align: justify;\">Nach diesen informationsreichen Stunden hatten wir Zeit Berlin auf eigene Faust zu entdecken, wobei f\u00fcr manche eine kleine Shoppingtour nat\u00fcrlich nicht ausblieb.<\/p>\n<p><img loading=\"lazy\" decoding=\"async\" class=\"alignnone size-large wp-image-7279\" src=\"http:\/\/www.maria-koenigin.de\/wordpress\/wp-content\/uploads\/2018\/06\/Berlin-1-1024x768.jpg\" alt=\"\" width=\"625\" height=\"469\" srcset=\"http:\/\/www.maria-koenigin.de\/wordpress\/wp-content\/uploads\/2018\/06\/Berlin-1-1024x768.jpg 1024w, http:\/\/www.maria-koenigin.de\/wordpress\/wp-content\/uploads\/2018\/06\/Berlin-1-300x225.jpg 300w, http:\/\/www.maria-koenigin.de\/wordpress\/wp-content\/uploads\/2018\/06\/Berlin-1-768x576.jpg 768w, http:\/\/www.maria-koenigin.de\/wordpress\/wp-content\/uploads\/2018\/06\/Berlin-1-624x468.jpg 624w, http:\/\/www.maria-koenigin.de\/wordpress\/wp-content\/uploads\/2018\/06\/Berlin-1.jpg 1280w\" sizes=\"auto, (max-width: 625px) 100vw, 625px\" \/><\/p>\n<p style=\"text-align: justify;\">Den darauffolgenden Tag verbrachten wir zun\u00e4chst mit einer selbst geplanten Sightseeing-Tour, in der wir uns die Haupt-Sehensw\u00fcrdigkeiten, unter anderem das Brandenburger Tor, die Berliner Mauer und das Holocaust-Mahnmal gegenseitig vorstellten.<\/p>\n<p style=\"text-align: justify;\">Am Abend trafen wir wieder als Gruppe zusammen, um eine Schiffstour auf der Spree zu machen. Auf der Tour wurde unser Wissen \u00fcber die Geschichte Berlins noch weiter vertieft und wir konnten viele Teile Berlins, die wir vorher noch nicht gesehen hatten, vom Wasser aus betrachten.<\/p>\n<p style=\"text-align: justify;\">Insgesamt waren die Tage in Berlin super sch\u00f6n. Wir haben viel zusammen erlebt, gesehen und Spa\u00df gehabt und nat\u00fcrlich haben wir auch einiges gelernt.<\/p>\n<p style=\"text-align: right;\">Viola Vollenberg, Patricia Camen<\/p>\n","protected":false},"excerpt":{"rendered":"<p>Das sind wir, der Sowi LK der Q1 und vom 31.05.18 bis 03.06.18 starteten wir unser Abenteuer Berlin. Angekommen in Berlin ging es f\u00fcr uns nach dem<\/p>\n","protected":false},"author":8,"featured_media":0,"comment_status":"closed","ping_status":"closed","sticky":false,"template":"","format":"standard","meta":{"ngg_post_thumbnail":0,"footnotes":""},"categories":[4],"tags":[],"class_list":["post-7277","post","type-post","status-publish","format-standard","hentry","category-aktuelles"],"_links":{"self":[{"href":"http:\/\/www.maria-koenigin.de\/index.php?rest_route=\/wp\/v2\/posts\/7277","targetHints":{"allow":["GET"]}}],"collection":[{"href":"http:\/\/www.maria-koenigin.de\/index.php?rest_route=\/wp\/v2\/posts"}],"about":[{"href":"http:\/\/www.maria-koenigin.de\/index.php?rest_route=\/wp\/v2\/types\/post"}],"author":[{"embeddable":true,"href":"http:\/\/www.maria-koenigin.de\/index.php?rest_route=\/wp\/v2\/users\/8"}],"replies":[{"embeddable":true,"href":"http:\/\/www.maria-koenigin.de\/index.php?rest_route=%2Fwp%2Fv2%2Fcomments&post=7277"}],"version-history":[{"count":1,"href":"http:\/\/www.maria-koenigin.de\/index.php?rest_route=\/wp\/v2\/posts\/7277\/revisions"}],"predecessor-version":[{"id":7280,"href":"http:\/\/www.maria-koenigin.de\/index.php?rest_route=\/wp\/v2\/posts\/7277\/revisions\/7280"}],"wp:attachment":[{"href":"http:\/\/www.maria-koenigin.de\/index.php?rest_route=%2Fwp%2Fv2%2Fmedia&parent=7277"}],"wp:term":[{"taxonomy":"category","embeddable":true,"href":"http:\/\/www.maria-koenigin.de\/index.php?rest_route=%2Fwp%2Fv2%2Fcategories&post=7277"},{"taxonomy":"post_tag","embeddable":true,"href":"http:\/\/www.maria-koenigin.de\/index.php?rest_route=%2Fwp%2Fv2%2Ftags&post=7277"}],"curies":[{"name":"wp","href":"https:\/\/api.w.org\/{rel}","templated":true}]}}