{"id":7303,"date":"2018-07-07T08:45:14","date_gmt":"2018-07-07T06:45:14","guid":{"rendered":"http:\/\/www.maria-koenigin.de\/?p=7303"},"modified":"2018-07-07T08:45:14","modified_gmt":"2018-07-07T06:45:14","slug":"moritz-vente-unter-den-besten-25-erdkundeschuelern-in-nrw","status":"publish","type":"post","link":"http:\/\/www.maria-koenigin.de\/?p=7303","title":{"rendered":"Moritz Vente unter den besten 25 Erdkundesch\u00fclern in NRW"},"content":{"rendered":"<p style=\"text-align: justify;\"><img loading=\"lazy\" decoding=\"async\" class=\"alignleft size-full wp-image-7304\" src=\"http:\/\/www.maria-koenigin.de\/wordpress\/wp-content\/uploads\/2018\/07\/geowettb18.jpg\" alt=\"\" width=\"300\" height=\"409\" srcset=\"http:\/\/www.maria-koenigin.de\/wordpress\/wp-content\/uploads\/2018\/07\/geowettb18.jpg 300w, http:\/\/www.maria-koenigin.de\/wordpress\/wp-content\/uploads\/2018\/07\/geowettb18-220x300.jpg 220w\" sizes=\"auto, (max-width: 300px) 100vw, 300px\" \/>Moritz Vente aus der 9b kennt sich aus in der Welt. Nachdem er beim gr\u00f6\u00dften deutschen Geographiewettbewerb zun\u00e4chst Sieger auf Klassen- und Schulebene wurde, erreichte er beim landesweiten Ausscheid einen hervorragenden 25. Platz.<\/p>\n<p style=\"text-align: justify;\">Insgesamt beteiligten sich \u00fcber 33.000 Sch\u00fclerinnen und Sch\u00fcler aus NRW am diesj\u00e4hrigen Erdkundewettbewerb, bei dem traditionell Fragen aus den Kategorien Deutschland, Europa, Welt und Allgemeine Geographie beantwortet werden sollen.<\/p>\n<p style=\"text-align: justify;\">Hinzu kommen so genannte Karten-Aufgaben. Moritz erkl\u00e4rt: \u201eMan bekommt zum Beispiel eine Weltkarte, auf der die Umrisse aller Staaten eingetragen sind. Dann muss man beispielsweise markieren, wo S\u00fcdkorea, das Karibische Meer oder aber Kalifornien liegen.\u201c<!--more--><\/p>\n<p style=\"text-align: justify;\">Sein Interesse am Fach Erdkunde ist dabei nicht neu: \u201eIn meinem Zimmer hatte ich irgendwann einmal einen Globus stehen und dann habe ich angefangen, die L\u00e4nder und Kontinente auswendig zu lernen\u201c, so der 14-j\u00e4hrige.<\/p>\n<p style=\"text-align: justify;\">Gerade in Zeiten von Navigationsger\u00e4ten, GPS &amp; Co. ist es gut, wenn Sch\u00fcler wie Moritz die Orientierung behalten.<\/p>\n<p style=\"text-align: right;\">Manuel Vormweg<\/p>\n","protected":false},"excerpt":{"rendered":"<p>Moritz Vente aus der 9b kennt sich aus in der Welt. Nachdem er beim gr\u00f6\u00dften deutschen Geographiewettbewerb zun\u00e4chst Sieger auf Klassen- und Schulebene wurde, erreichte er beim landesweiten Ausscheid einen hervorragenden 25. Platz. Insgesamt beteiligten sich \u00fcber 33.000 Sch\u00fclerinnen und Sch\u00fcler aus NRW am diesj\u00e4hrigen Erdkundewettbewerb, bei dem traditionell Fragen aus den Kategorien Deutschland, Europa, [&hellip;]<\/p>\n","protected":false},"author":1,"featured_media":0,"comment_status":"closed","ping_status":"closed","sticky":false,"template":"","format":"standard","meta":{"ngg_post_thumbnail":0,"footnotes":""},"categories":[4],"tags":[],"class_list":["post-7303","post","type-post","status-publish","format-standard","hentry","category-aktuelles"],"_links":{"self":[{"href":"http:\/\/www.maria-koenigin.de\/index.php?rest_route=\/wp\/v2\/posts\/7303","targetHints":{"allow":["GET"]}}],"collection":[{"href":"http:\/\/www.maria-koenigin.de\/index.php?rest_route=\/wp\/v2\/posts"}],"about":[{"href":"http:\/\/www.maria-koenigin.de\/index.php?rest_route=\/wp\/v2\/types\/post"}],"author":[{"embeddable":true,"href":"http:\/\/www.maria-koenigin.de\/index.php?rest_route=\/wp\/v2\/users\/1"}],"replies":[{"embeddable":true,"href":"http:\/\/www.maria-koenigin.de\/index.php?rest_route=%2Fwp%2Fv2%2Fcomments&post=7303"}],"version-history":[{"count":1,"href":"http:\/\/www.maria-koenigin.de\/index.php?rest_route=\/wp\/v2\/posts\/7303\/revisions"}],"predecessor-version":[{"id":7305,"href":"http:\/\/www.maria-koenigin.de\/index.php?rest_route=\/wp\/v2\/posts\/7303\/revisions\/7305"}],"wp:attachment":[{"href":"http:\/\/www.maria-koenigin.de\/index.php?rest_route=%2Fwp%2Fv2%2Fmedia&parent=7303"}],"wp:term":[{"taxonomy":"category","embeddable":true,"href":"http:\/\/www.maria-koenigin.de\/index.php?rest_route=%2Fwp%2Fv2%2Fcategories&post=7303"},{"taxonomy":"post_tag","embeddable":true,"href":"http:\/\/www.maria-koenigin.de\/index.php?rest_route=%2Fwp%2Fv2%2Ftags&post=7303"}],"curies":[{"name":"wp","href":"https:\/\/api.w.org\/{rel}","templated":true}]}}