{"id":7309,"date":"2018-07-11T19:32:19","date_gmt":"2018-07-11T17:32:19","guid":{"rendered":"http:\/\/www.maria-koenigin.de\/?p=7309"},"modified":"2018-07-11T19:37:07","modified_gmt":"2018-07-11T17:37:07","slug":"maria-koenigin-sagt-danke","status":"publish","type":"post","link":"http:\/\/www.maria-koenigin.de\/?p=7309","title":{"rendered":"Maria K\u00f6nigin sagt \u201edanke!\u201c"},"content":{"rendered":"<p><img loading=\"lazy\" decoding=\"async\" class=\"alignleft size-full wp-image-7310\" src=\"http:\/\/www.maria-koenigin.de\/wordpress\/wp-content\/uploads\/2018\/07\/danke_1.jpg\" alt=\"\" width=\"650\" height=\"296\" srcset=\"http:\/\/www.maria-koenigin.de\/wordpress\/wp-content\/uploads\/2018\/07\/danke_1.jpg 650w, http:\/\/www.maria-koenigin.de\/wordpress\/wp-content\/uploads\/2018\/07\/danke_1-300x137.jpg 300w, http:\/\/www.maria-koenigin.de\/wordpress\/wp-content\/uploads\/2018\/07\/danke_1-624x284.jpg 624w\" sizes=\"auto, (max-width: 650px) 100vw, 650px\" \/><\/p>\n<p style=\"text-align: justify;\">Nach 21 Jahren als Schulleitung am Gymnasium Maria K\u00f6nigin scheiden Oberstudiendirektor Berthold Schleime und sein Stellvertreter Studiendirektor J\u00fcrgen Lambrecht zum Schuljahresende <!--more-->aus dem Dienst. Um den beiden in geb\u00fchrender Weise Danke f\u00fcr ihre langj\u00e4hrige T\u00e4tigkeit zu sagen, versammelten sich am Mittwoch alle 750 Sch\u00fclerinnen und Sch\u00fcler auf dem Kleinspielfeld der Schule. Mit gro\u00dfen gelben Papptafeln bildeten sie in 10 Meter gro\u00dfen Buchstaben das Wort \u201eDanke!\u201c Die Sch\u00fclersprecherinnen Jule Steffen und Julia Nies dankten Berthold Schleime und J\u00fcrgen Lambrecht f\u00fcr ihre kompetente und sch\u00fclerfreundliche Leitung der Schule und w\u00fcnschten ihnen f\u00fcr ihre Zukunft alles Gute. Die j\u00fcngsten Sch\u00fclerinnen und Sch\u00fcler lie\u00dfen dann noch umweltfreundliche Luftballons in den Himmel steigen und mit einer gro\u00dfen Laola-Welle verabschiedeten sich alle von den beliebten Schulleitern.<\/p>\n<p><img loading=\"lazy\" decoding=\"async\" class=\"alignleft size-full wp-image-7311\" src=\"http:\/\/www.maria-koenigin.de\/wordpress\/wp-content\/uploads\/2018\/07\/danke_2.jpg\" alt=\"\" width=\"650\" height=\"448\" srcset=\"http:\/\/www.maria-koenigin.de\/wordpress\/wp-content\/uploads\/2018\/07\/danke_2.jpg 650w, http:\/\/www.maria-koenigin.de\/wordpress\/wp-content\/uploads\/2018\/07\/danke_2-300x207.jpg 300w, http:\/\/www.maria-koenigin.de\/wordpress\/wp-content\/uploads\/2018\/07\/danke_2-624x430.jpg 624w\" sizes=\"auto, (max-width: 650px) 100vw, 650px\" \/><\/p>\n<p style=\"text-align: justify;\">Die offizielle Verabschiedung der alten und gelichzeitig die Einf\u00fchrung der neuen Schulleitung findet nach den Sommerferien, am 12. September statt.<\/p>\n<p><img loading=\"lazy\" decoding=\"async\" class=\"alignleft size-full wp-image-7312\" src=\"http:\/\/www.maria-koenigin.de\/wordpress\/wp-content\/uploads\/2018\/07\/danke_3.jpg\" alt=\"\" width=\"650\" height=\"433\" srcset=\"http:\/\/www.maria-koenigin.de\/wordpress\/wp-content\/uploads\/2018\/07\/danke_3.jpg 650w, http:\/\/www.maria-koenigin.de\/wordpress\/wp-content\/uploads\/2018\/07\/danke_3-300x200.jpg 300w, http:\/\/www.maria-koenigin.de\/wordpress\/wp-content\/uploads\/2018\/07\/danke_3-624x416.jpg 624w\" sizes=\"auto, (max-width: 650px) 100vw, 650px\" \/><\/p>\n","protected":false},"excerpt":{"rendered":"<p>Nach 21 Jahren als Schulleitung am Gymnasium Maria K\u00f6nigin scheiden Oberstudiendirektor Berthold Schleime und sein Stellvertreter Studiendirektor J\u00fcrgen Lambrecht zum Schuljahresende<\/p>\n","protected":false},"author":1,"featured_media":0,"comment_status":"closed","ping_status":"closed","sticky":false,"template":"","format":"standard","meta":{"ngg_post_thumbnail":0,"footnotes":""},"categories":[4],"tags":[],"class_list":["post-7309","post","type-post","status-publish","format-standard","hentry","category-aktuelles"],"_links":{"self":[{"href":"http:\/\/www.maria-koenigin.de\/index.php?rest_route=\/wp\/v2\/posts\/7309","targetHints":{"allow":["GET"]}}],"collection":[{"href":"http:\/\/www.maria-koenigin.de\/index.php?rest_route=\/wp\/v2\/posts"}],"about":[{"href":"http:\/\/www.maria-koenigin.de\/index.php?rest_route=\/wp\/v2\/types\/post"}],"author":[{"embeddable":true,"href":"http:\/\/www.maria-koenigin.de\/index.php?rest_route=\/wp\/v2\/users\/1"}],"replies":[{"embeddable":true,"href":"http:\/\/www.maria-koenigin.de\/index.php?rest_route=%2Fwp%2Fv2%2Fcomments&post=7309"}],"version-history":[{"count":2,"href":"http:\/\/www.maria-koenigin.de\/index.php?rest_route=\/wp\/v2\/posts\/7309\/revisions"}],"predecessor-version":[{"id":7314,"href":"http:\/\/www.maria-koenigin.de\/index.php?rest_route=\/wp\/v2\/posts\/7309\/revisions\/7314"}],"wp:attachment":[{"href":"http:\/\/www.maria-koenigin.de\/index.php?rest_route=%2Fwp%2Fv2%2Fmedia&parent=7309"}],"wp:term":[{"taxonomy":"category","embeddable":true,"href":"http:\/\/www.maria-koenigin.de\/index.php?rest_route=%2Fwp%2Fv2%2Fcategories&post=7309"},{"taxonomy":"post_tag","embeddable":true,"href":"http:\/\/www.maria-koenigin.de\/index.php?rest_route=%2Fwp%2Fv2%2Ftags&post=7309"}],"curies":[{"name":"wp","href":"https:\/\/api.w.org\/{rel}","templated":true}]}}