{"id":7315,"date":"2018-07-13T08:23:52","date_gmt":"2018-07-13T06:23:52","guid":{"rendered":"http:\/\/www.maria-koenigin.de\/?p=7315"},"modified":"2018-07-13T08:23:52","modified_gmt":"2018-07-13T06:23:52","slug":"exkursion-der-q1-nach-barcelona","status":"publish","type":"post","link":"http:\/\/www.maria-koenigin.de\/?p=7315","title":{"rendered":"Exkursion der Q1 nach Barcelona"},"content":{"rendered":"<p style=\"text-align: justify;\"><img loading=\"lazy\" decoding=\"async\" class=\"alignnone size-full wp-image-7317\" src=\"http:\/\/www.maria-koenigin.de\/wordpress\/wp-content\/uploads\/2018\/07\/Barcelona5.jpg\" alt=\"\" width=\"640\" height=\"480\" srcset=\"http:\/\/www.maria-koenigin.de\/wordpress\/wp-content\/uploads\/2018\/07\/Barcelona5.jpg 640w, http:\/\/www.maria-koenigin.de\/wordpress\/wp-content\/uploads\/2018\/07\/Barcelona5-300x225.jpg 300w, http:\/\/www.maria-koenigin.de\/wordpress\/wp-content\/uploads\/2018\/07\/Barcelona5-624x468.jpg 624w\" sizes=\"auto, (max-width: 640px) 100vw, 640px\" \/>Vom 22. Juni bis zum 25. Juni 2018 starteten 21 Sch\u00fclerinnen und Sch\u00fcler aus den beiden Spanischkursen der Q1 gemeinsam mit den Lehrern Frau <!--more-->Weith und Herrn Linn eine spannende Reise nach Barcelona.&nbsp;Gegen 20 Uhr landeten wir an unserem Reiseziel und gingen nach kurzer Besichtigung unseres Hostels gemeinsam Essen.<br \/>\nAm n\u00e4chsten Tag besichtigten wir nach dem Fr\u00fchst\u00fcck den Pla\u00e7a de Catalunya, von dem wir durch die Stadt liefen, um uns von der Sch\u00f6nheit Barcelonas faszinieren zu lassen. Am Nachmittag machten wir uns auf zur Sagrada Fam\u00edlia, wo wir nach einer F\u00fchrung auf etwa 65 Metern einen bewundernswerten Blick \u00fcber die Stadt bis hin zum Meer erhielten.<\/p>\n<p style=\"text-align: justify;\"><img loading=\"lazy\" decoding=\"async\" class=\"alignnone size-full wp-image-7318\" src=\"http:\/\/www.maria-koenigin.de\/wordpress\/wp-content\/uploads\/2018\/07\/Barcelona2.jpg\" alt=\"\" width=\"640\" height=\"480\" srcset=\"http:\/\/www.maria-koenigin.de\/wordpress\/wp-content\/uploads\/2018\/07\/Barcelona2.jpg 640w, http:\/\/www.maria-koenigin.de\/wordpress\/wp-content\/uploads\/2018\/07\/Barcelona2-300x225.jpg 300w, http:\/\/www.maria-koenigin.de\/wordpress\/wp-content\/uploads\/2018\/07\/Barcelona2-624x468.jpg 624w\" sizes=\"auto, (max-width: 640px) 100vw, 640px\" \/>Den Abend verbrachten wir in einer Bar, wo wir das Fu\u00dfballspiel Deutschland gegen Schweden schauten. Nach dem Sieg der deutschen Mannschaft waren wir allerdings kaum in der Lage, die geforderte Bettruhe einzuhalten, sodass wir den Abend ausklingen lie\u00dfen, indem wir mit bester Laune durch die spanischen Gassen zogen.<br \/>\nAm Sonntag gingen wir nach einem gemeinsamen Fr\u00fchst\u00fcck ins Museo d\u00b4Hist\u00f2ria de Barcelona. Auf dem Weg dorthin wurden wir Zeugen eines katalanischen Volkstanzes, an dem einige Sch\u00fclerinnen und Sch\u00fcler von uns teilnahmen. Nachmittags gingen wir zum Strand, wo einige sonnige Stunden auf uns warteten. Den Abend lie\u00dfen wir am Pla\u00e7a de Espanya ausklingen. Dort sahen wir uns die \u00fcberw\u00e4ltigenden Wasserspiele an und lie\u00dfen den Abend gesellig mit ein paar (Sch\u00fctzenfest-)Liedern ausklingen.<\/p>\n<p style=\"text-align: justify;\"><img loading=\"lazy\" decoding=\"async\" class=\"alignnone size-full wp-image-7319\" src=\"http:\/\/www.maria-koenigin.de\/wordpress\/wp-content\/uploads\/2018\/07\/Barcelona1.jpg\" alt=\"\" width=\"640\" height=\"480\" srcset=\"http:\/\/www.maria-koenigin.de\/wordpress\/wp-content\/uploads\/2018\/07\/Barcelona1.jpg 640w, http:\/\/www.maria-koenigin.de\/wordpress\/wp-content\/uploads\/2018\/07\/Barcelona1-300x225.jpg 300w, http:\/\/www.maria-koenigin.de\/wordpress\/wp-content\/uploads\/2018\/07\/Barcelona1-624x468.jpg 624w\" sizes=\"auto, (max-width: 640px) 100vw, 640px\" \/>Der letzte Tag in Barcelona begann ebenfalls sehr fr\u00fch und wir machten uns bei sehr hei\u00dfen Temperaturen auf einen langen Weg zum Parc G\u00fcell auf, wo wir einen wundersch\u00f6nen Blick \u00fcber die gesamte Stadt erhielten. Am Nachmittag hatten wir im Stadtzentrum einige Stunden zur freien Verf\u00fcgung, bevor wir uns gegen 17 Uhr zum Flughafen aufmachten. Gegen 23.30 Uhr erreichten wir den Flughafen K\u00f6ln-Bonn, an dem unsere Reise leider endete.<\/p>\n<p style=\"text-align: justify;\"><img loading=\"lazy\" decoding=\"async\" class=\"alignnone size-full wp-image-7320\" src=\"http:\/\/www.maria-koenigin.de\/wordpress\/wp-content\/uploads\/2018\/07\/Barcelona4.jpg\" alt=\"\" width=\"640\" height=\"426\" srcset=\"http:\/\/www.maria-koenigin.de\/wordpress\/wp-content\/uploads\/2018\/07\/Barcelona4.jpg 640w, http:\/\/www.maria-koenigin.de\/wordpress\/wp-content\/uploads\/2018\/07\/Barcelona4-300x200.jpg 300w, http:\/\/www.maria-koenigin.de\/wordpress\/wp-content\/uploads\/2018\/07\/Barcelona4-624x415.jpg 624w\" sizes=\"auto, (max-width: 640px) 100vw, 640px\" \/>Alles in allem kann man sagen, dass Barcelona auf jeden Fall eine Reise wert ist und, dass wir einige wundersch\u00f6ne Tage gemeinsam erlebt haben, an denen wir einiges \u00fcber die katalanische Kultur und Geschichte gelernt haben.<\/p>\n<p style=\"text-align: justify;\">&nbsp; &nbsp; &nbsp; &nbsp; &nbsp; &nbsp; &nbsp; &nbsp; &nbsp; &nbsp; &nbsp; &nbsp; &nbsp; &nbsp; &nbsp; &nbsp; &nbsp; &nbsp; &nbsp; &nbsp; &nbsp; &nbsp; &nbsp; &nbsp; &nbsp; &nbsp; &nbsp; &nbsp; &nbsp; &nbsp; &nbsp; &nbsp; &nbsp; &nbsp; &nbsp; &nbsp; &nbsp; &nbsp; &nbsp; &nbsp; &nbsp; &nbsp; &nbsp; &nbsp; &nbsp; &nbsp; &nbsp; &nbsp; &nbsp; &nbsp; &nbsp; &nbsp; &nbsp; &nbsp; &nbsp; &nbsp; &nbsp; &nbsp; &nbsp; &nbsp; &nbsp; Carla Mertens, Marie Spies<\/p>\n","protected":false},"excerpt":{"rendered":"<p>Vom 22. Juni bis zum 25. Juni 2018 starteten 21 Sch\u00fclerinnen und Sch\u00fcler aus den beiden Spanischkursen der Q1 gemeinsam mit den Lehrern Frau<\/p>\n","protected":false},"author":8,"featured_media":0,"comment_status":"closed","ping_status":"closed","sticky":false,"template":"","format":"standard","meta":{"ngg_post_thumbnail":0,"footnotes":""},"categories":[4],"tags":[],"class_list":["post-7315","post","type-post","status-publish","format-standard","hentry","category-aktuelles"],"_links":{"self":[{"href":"http:\/\/www.maria-koenigin.de\/index.php?rest_route=\/wp\/v2\/posts\/7315","targetHints":{"allow":["GET"]}}],"collection":[{"href":"http:\/\/www.maria-koenigin.de\/index.php?rest_route=\/wp\/v2\/posts"}],"about":[{"href":"http:\/\/www.maria-koenigin.de\/index.php?rest_route=\/wp\/v2\/types\/post"}],"author":[{"embeddable":true,"href":"http:\/\/www.maria-koenigin.de\/index.php?rest_route=\/wp\/v2\/users\/8"}],"replies":[{"embeddable":true,"href":"http:\/\/www.maria-koenigin.de\/index.php?rest_route=%2Fwp%2Fv2%2Fcomments&post=7315"}],"version-history":[{"count":5,"href":"http:\/\/www.maria-koenigin.de\/index.php?rest_route=\/wp\/v2\/posts\/7315\/revisions"}],"predecessor-version":[{"id":7328,"href":"http:\/\/www.maria-koenigin.de\/index.php?rest_route=\/wp\/v2\/posts\/7315\/revisions\/7328"}],"wp:attachment":[{"href":"http:\/\/www.maria-koenigin.de\/index.php?rest_route=%2Fwp%2Fv2%2Fmedia&parent=7315"}],"wp:term":[{"taxonomy":"category","embeddable":true,"href":"http:\/\/www.maria-koenigin.de\/index.php?rest_route=%2Fwp%2Fv2%2Fcategories&post=7315"},{"taxonomy":"post_tag","embeddable":true,"href":"http:\/\/www.maria-koenigin.de\/index.php?rest_route=%2Fwp%2Fv2%2Ftags&post=7315"}],"curies":[{"name":"wp","href":"https:\/\/api.w.org\/{rel}","templated":true}]}}