{"id":7367,"date":"2018-08-08T10:55:26","date_gmt":"2018-08-08T08:55:26","guid":{"rendered":"http:\/\/www.maria-koenigin.de\/?p=7367"},"modified":"2018-08-08T10:56:18","modified_gmt":"2018-08-08T08:56:18","slug":"papst-franziskus-beeindruckt-schueler-von-maria-koenigin","status":"publish","type":"post","link":"http:\/\/www.maria-koenigin.de\/?p=7367","title":{"rendered":"Papst Franziskus beeindruckt Sch\u00fcler von Maria K\u00f6nigin"},"content":{"rendered":"<p><img loading=\"lazy\" decoding=\"async\" class=\"alignleft size-full wp-image-7368\" src=\"http:\/\/www.maria-koenigin.de\/wordpress\/wp-content\/uploads\/2018\/08\/franziskusfilm_1.jpg\" alt=\"\" width=\"650\" height=\"366\" srcset=\"http:\/\/www.maria-koenigin.de\/wordpress\/wp-content\/uploads\/2018\/08\/franziskusfilm_1.jpg 650w, http:\/\/www.maria-koenigin.de\/wordpress\/wp-content\/uploads\/2018\/08\/franziskusfilm_1-300x169.jpg 300w, http:\/\/www.maria-koenigin.de\/wordpress\/wp-content\/uploads\/2018\/08\/franziskusfilm_1-624x351.jpg 624w\" sizes=\"auto, (max-width: 650px) 100vw, 650px\" \/><\/p>\n<p style=\"text-align: justify;\">Zu einem ungew\u00f6hnlichen Kinobesuch waren kurz vor den Sommerferien die Sch\u00fclerinnen und Sch\u00fcler der Jahrgangsstufen 9 bis 11 des Gymnasiums Maria K\u00f6nigin im Altenhundemer Lichtspielhaus zu Gast. \u201ePapst Franziskus \u2013 ein Mann seines Wortes\u201c, der Film von <!--more-->Wim Wenders \u00fcber den Papst, war das Ziel der knapp 350 Jugendlichen.&nbsp; In eindrucksvollen Bildern und intensiven Interviewausschnitten f\u00e4ngt Regisseur Wenders die \u00dcberzeugungskraft und die gro\u00dfe Glaubw\u00fcrdigkeit des Papstes ein. Auch wenn der Film nicht den normalen Sehgewohnheiten der Sch\u00fcler entsprach, waren die R\u00fcckmeldungen \u00fcberwiegend positiv. \u201ePapst Franziskus nimmt man ab, dass es ihm ernst ist mit der Forderung nach einer Kirche f\u00fcr die Armen. Auch die Leidenschaft, mit der er sich f\u00fcr die Sch\u00f6pfung einsetzt, finde ich gut\u201c, erkl\u00e4rt Charlotte aus der Jahrgangsstufe 10. &nbsp;Und Larissa aus der 11 erg\u00e4nzt: \u201eMan beh\u00e4lt einen starken Eindruck vom Papst zur\u00fcck. Er lebt selbst bescheiden und nutzt sein Amt, um sich f\u00fcr Gerechtigkeit und Frieden einzusetzen und die Welt besser zu machen.\u201c &nbsp;&nbsp;<\/p>\n<p style=\"text-align: justify;\">Der Filmbesuch war im Religionsunterricht mit Informationen zum Papst, zu dessen Vorbild, dem Heiligen Franziskus, und zur Entstehung des Films vorbereitet worden. Kritisch sahen manche Sch\u00fcler, dass der Film die Originalsprachen des Papstes beibeh\u00e4lt und den deutschen Text nur mit Untertiteln pr\u00e4sentiert.<\/p>\n<p style=\"text-align: justify;\">Religionslehrer Ansgar Kaufmann zieht ein positives Fazit des Projektes: \u201eWir sind sehr zufrieden mit dem Kinobesuch, da der Film und nat\u00fcrlich vor allem die Person Papst Franziskus unsere Sch\u00fclerinnen und Sch\u00fcler beeindruckt hat. Die Appelle des Papstes zur Bewahrung der Umwelt und zu einem bescheideneren Lebensstil werden sicher noch lange nachwirken. Ich m\u00f6chte den Film aber nicht nur Katholiken empfehlen, sondern allen, die sich f\u00fcr die Fragen nach Gerechtigkeit und Frieden und nach der Zukunft unserer Erde interessieren.\u201c&nbsp;&nbsp;&nbsp; &nbsp;<\/p>\n<p style=\"text-align: right;\">Ansgar Kaufmann<\/p>\n","protected":false},"excerpt":{"rendered":"<p>Zu einem ungew\u00f6hnlichen Kinobesuch waren kurz vor den Sommerferien die Sch\u00fclerinnen und Sch\u00fcler der Jahrgangsstufen 9 bis 11 des Gymnasiums Maria K\u00f6nigin im Altenhundemer Lichtspielhaus zu Gast. \u201ePapst Franziskus \u2013 ein Mann seines Wortes\u201c, der Film von<\/p>\n","protected":false},"author":1,"featured_media":0,"comment_status":"closed","ping_status":"closed","sticky":false,"template":"","format":"standard","meta":{"ngg_post_thumbnail":0,"footnotes":""},"categories":[4],"tags":[],"class_list":["post-7367","post","type-post","status-publish","format-standard","hentry","category-aktuelles"],"_links":{"self":[{"href":"http:\/\/www.maria-koenigin.de\/index.php?rest_route=\/wp\/v2\/posts\/7367","targetHints":{"allow":["GET"]}}],"collection":[{"href":"http:\/\/www.maria-koenigin.de\/index.php?rest_route=\/wp\/v2\/posts"}],"about":[{"href":"http:\/\/www.maria-koenigin.de\/index.php?rest_route=\/wp\/v2\/types\/post"}],"author":[{"embeddable":true,"href":"http:\/\/www.maria-koenigin.de\/index.php?rest_route=\/wp\/v2\/users\/1"}],"replies":[{"embeddable":true,"href":"http:\/\/www.maria-koenigin.de\/index.php?rest_route=%2Fwp%2Fv2%2Fcomments&post=7367"}],"version-history":[{"count":2,"href":"http:\/\/www.maria-koenigin.de\/index.php?rest_route=\/wp\/v2\/posts\/7367\/revisions"}],"predecessor-version":[{"id":7370,"href":"http:\/\/www.maria-koenigin.de\/index.php?rest_route=\/wp\/v2\/posts\/7367\/revisions\/7370"}],"wp:attachment":[{"href":"http:\/\/www.maria-koenigin.de\/index.php?rest_route=%2Fwp%2Fv2%2Fmedia&parent=7367"}],"wp:term":[{"taxonomy":"category","embeddable":true,"href":"http:\/\/www.maria-koenigin.de\/index.php?rest_route=%2Fwp%2Fv2%2Fcategories&post=7367"},{"taxonomy":"post_tag","embeddable":true,"href":"http:\/\/www.maria-koenigin.de\/index.php?rest_route=%2Fwp%2Fv2%2Ftags&post=7367"}],"curies":[{"name":"wp","href":"https:\/\/api.w.org\/{rel}","templated":true}]}}