{"id":7545,"date":"2018-09-13T11:31:29","date_gmt":"2018-09-13T09:31:29","guid":{"rendered":"http:\/\/www.maria-koenigin.de\/?p=7545"},"modified":"2018-09-13T11:31:29","modified_gmt":"2018-09-13T09:31:29","slug":"eine-grossartige-aera-geht-zu-ende-und-ein-starkes-team-uebernimmt","status":"publish","type":"post","link":"http:\/\/www.maria-koenigin.de\/?p=7545","title":{"rendered":"Eine \u201egro\u00dfartige \u00c4ra\u201c geht zu Ende und ein \u201estarkes Team\u201c \u00fcbernimmt"},"content":{"rendered":"<p><img loading=\"lazy\" decoding=\"async\" class=\"alignleft size-full wp-image-7521\" src=\"http:\/\/www.maria-koenigin.de\/wordpress\/wp-content\/uploads\/2018\/09\/verabschiedung_18_01.jpg\" alt=\"\" width=\"650\" height=\"429\" srcset=\"http:\/\/www.maria-koenigin.de\/wordpress\/wp-content\/uploads\/2018\/09\/verabschiedung_18_01.jpg 650w, http:\/\/www.maria-koenigin.de\/wordpress\/wp-content\/uploads\/2018\/09\/verabschiedung_18_01-300x198.jpg 300w, http:\/\/www.maria-koenigin.de\/wordpress\/wp-content\/uploads\/2018\/09\/verabschiedung_18_01-624x412.jpg 624w\" sizes=\"auto, (max-width: 650px) 100vw, 650px\" \/><\/p>\n<p style=\"text-align: justify;\">Mit einem festlichen Gottesdienst und einem bunten und bewegenden Festakt wurde der Wechsel in der Schulleitung am Gymnasium Maria K\u00f6nigin vollzogen. Berthold Schleime und J\u00fcrgen Lambrecht haben genau 21 Jahre lang den Kurs des <!--more-->Schiffes Maria K\u00f6nigin bestimmt, wie es Sandra Clemens, Miriam Wirtz und Frederik Linn vom Lehrerrat in einem Bild ausdr\u00fcckten. Der Abschied der beliebten Schulleiter stand dann auch im Vordergrund der Veranstaltung. Vertreter der Schulverwaltung, des Erzbistums Paderborn, der Politik und der Schulgemeinde w\u00fcrdigten die gro\u00dfen Verdienste der beiden um die Entwicklung des Gymnasiums. Andreas B\u00f6lker, der Vorsitzende des Tr\u00e4gervereins, brachte auf den Punkt, was viele empfanden: \u201eWir verabschieden heute zwei wunderbare Menschen und eine gro\u00dfe Institution dieser Schule.\u201c Eva Jansen vom Erzbistum Paderborn schloss sich an: \u201eF\u00fcr sie war Schulleitung kein Beruf, sondern Berufung.\u201c Auch Lennestadts B\u00fcrgermeister Stefan Hundt fand anerkennende Worte f\u00fcr die scheidenden Schulleiter und bedankte sich f\u00fcr die gute Zusammenarbeit: \u201eMK steht auf soliden F\u00fc\u00dfen, die Schule ist gut in Schuss. Sie haben sich immer f\u00fcr die Schule eingesetzt und sich kooperativ in Lennestadt miteingebracht\u201c.<\/p>\n<p><img loading=\"lazy\" decoding=\"async\" class=\"alignleft size-full wp-image-7527\" src=\"http:\/\/www.maria-koenigin.de\/wordpress\/wp-content\/uploads\/2018\/09\/verabschiedung_18_07.jpg\" alt=\"\" width=\"650\" height=\"433\" srcset=\"http:\/\/www.maria-koenigin.de\/wordpress\/wp-content\/uploads\/2018\/09\/verabschiedung_18_07.jpg 650w, http:\/\/www.maria-koenigin.de\/wordpress\/wp-content\/uploads\/2018\/09\/verabschiedung_18_07-300x200.jpg 300w, http:\/\/www.maria-koenigin.de\/wordpress\/wp-content\/uploads\/2018\/09\/verabschiedung_18_07-624x416.jpg 624w\" sizes=\"auto, (max-width: 650px) 100vw, 650px\" \/><\/p>\n<p style=\"text-align: justify;\">Besonders herzlich fiel dann die Verabschiedung durch die Sch\u00fclersprecherinnen Jule Steffen und Julia Nies aus. Sie betonten, dass sie bei der Schulleitung immer ein offenes Ohr f\u00fcr ihre Anliegen gefunden h\u00e4tten und immer ein \u201eGespr\u00e4ch auf Augenh\u00f6he\u201c stattgefunden habe. Die Devise von Berthold Schleime sei gewesen: \u201eDie Schule ist wichtig, die Sch\u00fcler sind noch wichtiger.\u201c Die erfrischenden und herzlichen Videobeitr\u00e4ge einzelner Klassen, die die Rede erg\u00e4nzten, f\u00fchrten nicht nur bei der scheidenden Schulleitung zu der einen oder anderen Tr\u00e4ne. Im Vorfeld der Veranstaltung hatten jede Klasse und auch drei ehemalige Kolleginnen ein Video zum Abschied produziert. F\u00fcr die Eltern dankte Jens Eberts den scheidenden Schulleitern. Er betonte die gro\u00dfen Leistungen der beiden, die f\u00fcr das Gymnasium tats\u00e4chlich eine \u201egro\u00dfartige \u00c4ra\u201c bedeutet h\u00e4tten. Sie h\u00e4tten in den zwanzig Jahren im Amt auch ein \u201eFest der Ideen\u201c f\u00fcr ihre Schule initiiert. Martin Dornseifer sprach f\u00fcr die ehemaligen Sch\u00fclerinnen und Sch\u00fcler und dankte f\u00fcr das \u00fcberaus gro\u00dfe Engagement der Schulleitung in der Zusammenarbeit mit den schulischen Vereinen. Berthold Schleime und J\u00fcrgen Lambrecht dankten anschlie\u00dfend mit bewegenden Worten allen Anwesenden und besonders denjenigen, mit denen sie \u00fcber einundzwanzig Jahre zusammengearbeitet haben. Neben Sch\u00fclern, Eltern und Lehrern hoben sie besonders die Patres der Missionare von der Heiligen Familie, die Schulsekret\u00e4rinnen und die Hausmeister hervor.<\/p>\n<p><img loading=\"lazy\" decoding=\"async\" class=\"alignleft size-full wp-image-7529\" src=\"http:\/\/www.maria-koenigin.de\/wordpress\/wp-content\/uploads\/2018\/09\/verabschiedung_18_09.jpg\" alt=\"\" width=\"650\" height=\"433\" srcset=\"http:\/\/www.maria-koenigin.de\/wordpress\/wp-content\/uploads\/2018\/09\/verabschiedung_18_09.jpg 650w, http:\/\/www.maria-koenigin.de\/wordpress\/wp-content\/uploads\/2018\/09\/verabschiedung_18_09-300x200.jpg 300w, http:\/\/www.maria-koenigin.de\/wordpress\/wp-content\/uploads\/2018\/09\/verabschiedung_18_09-624x416.jpg 624w\" sizes=\"auto, (max-width: 650px) 100vw, 650px\" \/><\/p>\n<p style=\"text-align: justify;\">\u201eEs gibt Tage, die das Leben einer Schule nachhaltig pr\u00e4gen und bereichern. Heute ist einer dieser Tage.\u201c Diese Formulierung von Andreas B\u00f6lker, dem Vorsitzenden des Tr\u00e4gervereins Gymnasium Maria K\u00f6nigin, lie\u00df sich auch auf die Einf\u00fchrung der neuen Schulleitung beziehen. Fabian Borys und Christoph Tebr\u00fcgge erhielten viele gute W\u00fcnsche f\u00fcr ihre neue Aufgabe. In allen Redebeitr\u00e4gen klang aber auch die Gewissheit durch, dass diese beiden das Gymnasium als \u201estarkes Team\u201c weiter gut f\u00fchren werden. Der Lehrerrat \u00fcberreichte ihnen jeweils einen Kompass, damit sie die Orientierung in den vielen Erwartungen und Anspr\u00fcchen nicht verlieren. Der Leitende Regierungsschuldirektor Dr. Stefan Werth nutzte Bilder aus dem Bergbau und w\u00fcnschte ein herzliches \u201eGl\u00fcck auf!\u201c f\u00fcr die Neuen. Er warnte davor, nur das Bestehende zu verwalten. Wie unter Tage d\u00fcrfe es keinen Stillstand geben, sondern man m\u00fcsse die Schule st\u00e4ndig weiterentwickeln. Dass es dennoch in einer Zeit der Umbr\u00fcche keine Br\u00fcche geben werde, dessen war sich Berthold Schleime mit Blick auf seinen Nachfolger sicher.<\/p>\n<p><img loading=\"lazy\" decoding=\"async\" class=\"alignleft size-full wp-image-7526\" src=\"http:\/\/www.maria-koenigin.de\/wordpress\/wp-content\/uploads\/2018\/09\/verabschiedung_18_06.jpg\" alt=\"\" width=\"650\" height=\"433\" srcset=\"http:\/\/www.maria-koenigin.de\/wordpress\/wp-content\/uploads\/2018\/09\/verabschiedung_18_06.jpg 650w, http:\/\/www.maria-koenigin.de\/wordpress\/wp-content\/uploads\/2018\/09\/verabschiedung_18_06-300x200.jpg 300w, http:\/\/www.maria-koenigin.de\/wordpress\/wp-content\/uploads\/2018\/09\/verabschiedung_18_06-624x416.jpg 624w\" sizes=\"auto, (max-width: 650px) 100vw, 650px\" \/><\/p>\n<p style=\"text-align: justify;\">Und die abschlie\u00dfende programmatische Rede des neuen Schulleiters best\u00e4tigte diese Annahme nachdr\u00fccklich. Erziehung und Bildung auf der Grundlage des christlichen Menschenbildes und Kommunikation als Dreh- und Angelpunkt der Schulleitung waren zentrale Stichworte seiner Ansprache: \u201eIch freue mich auf die Zusammenarbeit und darauf, an diesem wunderbaren und au\u00dfergew\u00f6hnlichen Ort zu leben, zu lernen, zu glauben und zu helfen\u201c, nahm Borys Bezug auf das Motto des letztj\u00e4hrigen Schuljubil\u00e4ums.&nbsp;<\/p>\n<p><img loading=\"lazy\" decoding=\"async\" class=\"alignleft size-full wp-image-7540\" src=\"http:\/\/www.maria-koenigin.de\/wordpress\/wp-content\/uploads\/2018\/09\/verabschiedung_18_20.jpg\" alt=\"\" width=\"650\" height=\"790\" srcset=\"http:\/\/www.maria-koenigin.de\/wordpress\/wp-content\/uploads\/2018\/09\/verabschiedung_18_20.jpg 650w, http:\/\/www.maria-koenigin.de\/wordpress\/wp-content\/uploads\/2018\/09\/verabschiedung_18_20-247x300.jpg 247w, http:\/\/www.maria-koenigin.de\/wordpress\/wp-content\/uploads\/2018\/09\/verabschiedung_18_20-624x758.jpg 624w\" sizes=\"auto, (max-width: 650px) 100vw, 650px\" \/><\/p>\n<p style=\"text-align: justify;\">Begonnen hatte der Festtag mit einem Gottesdienst, dem Pater Johannes Nies und Pater Adolf Reiners, beide auch ehemals in der Schulleitung von Maria K\u00f6nigin, vorstanden. Bereits im Gottesdienst waren Dank an die alte Schulleitung und gute W\u00fcnsche f\u00fcr die Neuen formuliert worden. Die vielf\u00e4ltige musikalische Gestaltung des Gottesdienstes \u00fcbernahmen Hendrik Sch\u00f6rmann, Frederik Linn, Monika Lohmeyer und als \u00dcberraschung ein Lehrerchor. Beim Festakt in der Sporthalle zeigte einmal mehr das Orchester des Gymnasiums unter Leitung von Frederik Linn sein K\u00f6nnen.<\/p>\n<p style=\"text-align: right;\">Ansgar Kaufmann<\/p>\n<p><img loading=\"lazy\" decoding=\"async\" class=\"alignleft size-full wp-image-7544\" src=\"http:\/\/www.maria-koenigin.de\/wordpress\/wp-content\/uploads\/2018\/09\/verabschiedung_18_24.jpg\" alt=\"\" width=\"650\" height=\"433\" srcset=\"http:\/\/www.maria-koenigin.de\/wordpress\/wp-content\/uploads\/2018\/09\/verabschiedung_18_24.jpg 650w, http:\/\/www.maria-koenigin.de\/wordpress\/wp-content\/uploads\/2018\/09\/verabschiedung_18_24-300x200.jpg 300w, http:\/\/www.maria-koenigin.de\/wordpress\/wp-content\/uploads\/2018\/09\/verabschiedung_18_24-624x416.jpg 624w\" sizes=\"auto, (max-width: 650px) 100vw, 650px\" \/> <img loading=\"lazy\" decoding=\"async\" class=\"alignleft size-full wp-image-7543\" src=\"http:\/\/www.maria-koenigin.de\/wordpress\/wp-content\/uploads\/2018\/09\/verabschiedung_18_23.jpg\" alt=\"\" width=\"650\" height=\"433\" srcset=\"http:\/\/www.maria-koenigin.de\/wordpress\/wp-content\/uploads\/2018\/09\/verabschiedung_18_23.jpg 650w, http:\/\/www.maria-koenigin.de\/wordpress\/wp-content\/uploads\/2018\/09\/verabschiedung_18_23-300x200.jpg 300w, http:\/\/www.maria-koenigin.de\/wordpress\/wp-content\/uploads\/2018\/09\/verabschiedung_18_23-624x416.jpg 624w\" sizes=\"auto, (max-width: 650px) 100vw, 650px\" \/> <img loading=\"lazy\" decoding=\"async\" class=\"alignleft size-full wp-image-7542\" src=\"http:\/\/www.maria-koenigin.de\/wordpress\/wp-content\/uploads\/2018\/09\/verabschiedung_18_22.jpg\" alt=\"\" width=\"650\" height=\"433\" srcset=\"http:\/\/www.maria-koenigin.de\/wordpress\/wp-content\/uploads\/2018\/09\/verabschiedung_18_22.jpg 650w, http:\/\/www.maria-koenigin.de\/wordpress\/wp-content\/uploads\/2018\/09\/verabschiedung_18_22-300x200.jpg 300w, http:\/\/www.maria-koenigin.de\/wordpress\/wp-content\/uploads\/2018\/09\/verabschiedung_18_22-624x416.jpg 624w\" sizes=\"auto, (max-width: 650px) 100vw, 650px\" \/> <img loading=\"lazy\" decoding=\"async\" class=\"alignleft size-full wp-image-7541\" src=\"http:\/\/www.maria-koenigin.de\/wordpress\/wp-content\/uploads\/2018\/09\/verabschiedung_18_21.jpg\" alt=\"\" width=\"650\" height=\"433\" srcset=\"http:\/\/www.maria-koenigin.de\/wordpress\/wp-content\/uploads\/2018\/09\/verabschiedung_18_21.jpg 650w, http:\/\/www.maria-koenigin.de\/wordpress\/wp-content\/uploads\/2018\/09\/verabschiedung_18_21-300x200.jpg 300w, http:\/\/www.maria-koenigin.de\/wordpress\/wp-content\/uploads\/2018\/09\/verabschiedung_18_21-624x416.jpg 624w\" sizes=\"auto, (max-width: 650px) 100vw, 650px\" \/> <img loading=\"lazy\" decoding=\"async\" class=\"alignleft size-full wp-image-7539\" src=\"http:\/\/www.maria-koenigin.de\/wordpress\/wp-content\/uploads\/2018\/09\/verabschiedung_18_19.jpg\" alt=\"\" width=\"650\" height=\"433\" srcset=\"http:\/\/www.maria-koenigin.de\/wordpress\/wp-content\/uploads\/2018\/09\/verabschiedung_18_19.jpg 650w, http:\/\/www.maria-koenigin.de\/wordpress\/wp-content\/uploads\/2018\/09\/verabschiedung_18_19-300x200.jpg 300w, http:\/\/www.maria-koenigin.de\/wordpress\/wp-content\/uploads\/2018\/09\/verabschiedung_18_19-624x416.jpg 624w\" sizes=\"auto, (max-width: 650px) 100vw, 650px\" \/> <img loading=\"lazy\" decoding=\"async\" class=\"alignleft size-full wp-image-7538\" src=\"http:\/\/www.maria-koenigin.de\/wordpress\/wp-content\/uploads\/2018\/09\/verabschiedung_18_18.jpg\" alt=\"\" width=\"650\" height=\"311\" srcset=\"http:\/\/www.maria-koenigin.de\/wordpress\/wp-content\/uploads\/2018\/09\/verabschiedung_18_18.jpg 650w, http:\/\/www.maria-koenigin.de\/wordpress\/wp-content\/uploads\/2018\/09\/verabschiedung_18_18-300x144.jpg 300w, http:\/\/www.maria-koenigin.de\/wordpress\/wp-content\/uploads\/2018\/09\/verabschiedung_18_18-624x299.jpg 624w\" sizes=\"auto, (max-width: 650px) 100vw, 650px\" \/> <img loading=\"lazy\" decoding=\"async\" class=\"alignleft size-full wp-image-7531\" src=\"http:\/\/www.maria-koenigin.de\/wordpress\/wp-content\/uploads\/2018\/09\/verabschiedung_18_11.jpg\" alt=\"\" width=\"650\" height=\"433\" srcset=\"http:\/\/www.maria-koenigin.de\/wordpress\/wp-content\/uploads\/2018\/09\/verabschiedung_18_11.jpg 650w, http:\/\/www.maria-koenigin.de\/wordpress\/wp-content\/uploads\/2018\/09\/verabschiedung_18_11-300x200.jpg 300w, http:\/\/www.maria-koenigin.de\/wordpress\/wp-content\/uploads\/2018\/09\/verabschiedung_18_11-624x416.jpg 624w\" sizes=\"auto, (max-width: 650px) 100vw, 650px\" \/> <img loading=\"lazy\" decoding=\"async\" class=\"alignleft size-full wp-image-7533\" src=\"http:\/\/www.maria-koenigin.de\/wordpress\/wp-content\/uploads\/2018\/09\/verabschiedung_18_13.jpg\" alt=\"\" width=\"650\" height=\"433\" srcset=\"http:\/\/www.maria-koenigin.de\/wordpress\/wp-content\/uploads\/2018\/09\/verabschiedung_18_13.jpg 650w, http:\/\/www.maria-koenigin.de\/wordpress\/wp-content\/uploads\/2018\/09\/verabschiedung_18_13-300x200.jpg 300w, http:\/\/www.maria-koenigin.de\/wordpress\/wp-content\/uploads\/2018\/09\/verabschiedung_18_13-624x416.jpg 624w\" sizes=\"auto, (max-width: 650px) 100vw, 650px\" \/> <img loading=\"lazy\" decoding=\"async\" class=\"alignleft size-full wp-image-7534\" src=\"http:\/\/www.maria-koenigin.de\/wordpress\/wp-content\/uploads\/2018\/09\/verabschiedung_18_14.jpg\" alt=\"\" width=\"650\" height=\"433\" srcset=\"http:\/\/www.maria-koenigin.de\/wordpress\/wp-content\/uploads\/2018\/09\/verabschiedung_18_14.jpg 650w, http:\/\/www.maria-koenigin.de\/wordpress\/wp-content\/uploads\/2018\/09\/verabschiedung_18_14-300x200.jpg 300w, http:\/\/www.maria-koenigin.de\/wordpress\/wp-content\/uploads\/2018\/09\/verabschiedung_18_14-624x416.jpg 624w\" sizes=\"auto, (max-width: 650px) 100vw, 650px\" \/> <img loading=\"lazy\" decoding=\"async\" class=\"alignleft size-full wp-image-7535\" src=\"http:\/\/www.maria-koenigin.de\/wordpress\/wp-content\/uploads\/2018\/09\/verabschiedung_18_15.jpg\" alt=\"\" width=\"650\" height=\"433\" srcset=\"http:\/\/www.maria-koenigin.de\/wordpress\/wp-content\/uploads\/2018\/09\/verabschiedung_18_15.jpg 650w, http:\/\/www.maria-koenigin.de\/wordpress\/wp-content\/uploads\/2018\/09\/verabschiedung_18_15-300x200.jpg 300w, http:\/\/www.maria-koenigin.de\/wordpress\/wp-content\/uploads\/2018\/09\/verabschiedung_18_15-624x416.jpg 624w\" sizes=\"auto, (max-width: 650px) 100vw, 650px\" \/> <img loading=\"lazy\" decoding=\"async\" class=\"alignleft size-full wp-image-7536\" src=\"http:\/\/www.maria-koenigin.de\/wordpress\/wp-content\/uploads\/2018\/09\/verabschiedung_18_16.jpg\" alt=\"\" width=\"650\" height=\"433\" srcset=\"http:\/\/www.maria-koenigin.de\/wordpress\/wp-content\/uploads\/2018\/09\/verabschiedung_18_16.jpg 650w, http:\/\/www.maria-koenigin.de\/wordpress\/wp-content\/uploads\/2018\/09\/verabschiedung_18_16-300x200.jpg 300w, http:\/\/www.maria-koenigin.de\/wordpress\/wp-content\/uploads\/2018\/09\/verabschiedung_18_16-624x416.jpg 624w\" sizes=\"auto, (max-width: 650px) 100vw, 650px\" \/> <img loading=\"lazy\" decoding=\"async\" class=\"alignleft size-full wp-image-7537\" src=\"http:\/\/www.maria-koenigin.de\/wordpress\/wp-content\/uploads\/2018\/09\/verabschiedung_18_17.jpg\" alt=\"\" width=\"650\" height=\"433\" srcset=\"http:\/\/www.maria-koenigin.de\/wordpress\/wp-content\/uploads\/2018\/09\/verabschiedung_18_17.jpg 650w, http:\/\/www.maria-koenigin.de\/wordpress\/wp-content\/uploads\/2018\/09\/verabschiedung_18_17-300x200.jpg 300w, http:\/\/www.maria-koenigin.de\/wordpress\/wp-content\/uploads\/2018\/09\/verabschiedung_18_17-624x416.jpg 624w\" sizes=\"auto, (max-width: 650px) 100vw, 650px\" \/> <img loading=\"lazy\" decoding=\"async\" class=\"alignleft size-full wp-image-7530\" src=\"http:\/\/www.maria-koenigin.de\/wordpress\/wp-content\/uploads\/2018\/09\/verabschiedung_18_10.jpg\" alt=\"\" width=\"650\" height=\"433\" srcset=\"http:\/\/www.maria-koenigin.de\/wordpress\/wp-content\/uploads\/2018\/09\/verabschiedung_18_10.jpg 650w, http:\/\/www.maria-koenigin.de\/wordpress\/wp-content\/uploads\/2018\/09\/verabschiedung_18_10-300x200.jpg 300w, http:\/\/www.maria-koenigin.de\/wordpress\/wp-content\/uploads\/2018\/09\/verabschiedung_18_10-624x416.jpg 624w\" sizes=\"auto, (max-width: 650px) 100vw, 650px\" \/> <img loading=\"lazy\" decoding=\"async\" class=\"alignleft size-full wp-image-7528\" src=\"http:\/\/www.maria-koenigin.de\/wordpress\/wp-content\/uploads\/2018\/09\/verabschiedung_18_08.jpg\" alt=\"\" width=\"650\" height=\"433\" srcset=\"http:\/\/www.maria-koenigin.de\/wordpress\/wp-content\/uploads\/2018\/09\/verabschiedung_18_08.jpg 650w, http:\/\/www.maria-koenigin.de\/wordpress\/wp-content\/uploads\/2018\/09\/verabschiedung_18_08-300x200.jpg 300w, http:\/\/www.maria-koenigin.de\/wordpress\/wp-content\/uploads\/2018\/09\/verabschiedung_18_08-624x416.jpg 624w\" sizes=\"auto, (max-width: 650px) 100vw, 650px\" \/> <img loading=\"lazy\" decoding=\"async\" class=\"alignleft size-full wp-image-7527\" src=\"http:\/\/www.maria-koenigin.de\/wordpress\/wp-content\/uploads\/2018\/09\/verabschiedung_18_07.jpg\" alt=\"\" width=\"650\" height=\"433\" srcset=\"http:\/\/www.maria-koenigin.de\/wordpress\/wp-content\/uploads\/2018\/09\/verabschiedung_18_07.jpg 650w, http:\/\/www.maria-koenigin.de\/wordpress\/wp-content\/uploads\/2018\/09\/verabschiedung_18_07-300x200.jpg 300w, http:\/\/www.maria-koenigin.de\/wordpress\/wp-content\/uploads\/2018\/09\/verabschiedung_18_07-624x416.jpg 624w\" sizes=\"auto, (max-width: 650px) 100vw, 650px\" \/> <img loading=\"lazy\" decoding=\"async\" class=\"alignleft size-full wp-image-7526\" src=\"http:\/\/www.maria-koenigin.de\/wordpress\/wp-content\/uploads\/2018\/09\/verabschiedung_18_06.jpg\" alt=\"\" width=\"650\" height=\"433\" srcset=\"http:\/\/www.maria-koenigin.de\/wordpress\/wp-content\/uploads\/2018\/09\/verabschiedung_18_06.jpg 650w, http:\/\/www.maria-koenigin.de\/wordpress\/wp-content\/uploads\/2018\/09\/verabschiedung_18_06-300x200.jpg 300w, http:\/\/www.maria-koenigin.de\/wordpress\/wp-content\/uploads\/2018\/09\/verabschiedung_18_06-624x416.jpg 624w\" sizes=\"auto, (max-width: 650px) 100vw, 650px\" \/> <img loading=\"lazy\" decoding=\"async\" class=\"alignleft size-full wp-image-7525\" src=\"http:\/\/www.maria-koenigin.de\/wordpress\/wp-content\/uploads\/2018\/09\/verabschiedung_18_05.jpg\" alt=\"\" width=\"650\" height=\"433\" srcset=\"http:\/\/www.maria-koenigin.de\/wordpress\/wp-content\/uploads\/2018\/09\/verabschiedung_18_05.jpg 650w, http:\/\/www.maria-koenigin.de\/wordpress\/wp-content\/uploads\/2018\/09\/verabschiedung_18_05-300x200.jpg 300w, http:\/\/www.maria-koenigin.de\/wordpress\/wp-content\/uploads\/2018\/09\/verabschiedung_18_05-624x416.jpg 624w\" sizes=\"auto, (max-width: 650px) 100vw, 650px\" \/> <img loading=\"lazy\" decoding=\"async\" class=\"alignleft size-full wp-image-7524\" src=\"http:\/\/www.maria-koenigin.de\/wordpress\/wp-content\/uploads\/2018\/09\/verabschiedung_18_04.jpg\" alt=\"\" width=\"650\" height=\"433\" srcset=\"http:\/\/www.maria-koenigin.de\/wordpress\/wp-content\/uploads\/2018\/09\/verabschiedung_18_04.jpg 650w, http:\/\/www.maria-koenigin.de\/wordpress\/wp-content\/uploads\/2018\/09\/verabschiedung_18_04-300x200.jpg 300w, http:\/\/www.maria-koenigin.de\/wordpress\/wp-content\/uploads\/2018\/09\/verabschiedung_18_04-624x416.jpg 624w\" sizes=\"auto, (max-width: 650px) 100vw, 650px\" \/> <img loading=\"lazy\" decoding=\"async\" class=\"alignleft size-full wp-image-7523\" src=\"http:\/\/www.maria-koenigin.de\/wordpress\/wp-content\/uploads\/2018\/09\/verabschiedung_18_03.jpg\" alt=\"\" width=\"650\" height=\"433\" srcset=\"http:\/\/www.maria-koenigin.de\/wordpress\/wp-content\/uploads\/2018\/09\/verabschiedung_18_03.jpg 650w, http:\/\/www.maria-koenigin.de\/wordpress\/wp-content\/uploads\/2018\/09\/verabschiedung_18_03-300x200.jpg 300w, http:\/\/www.maria-koenigin.de\/wordpress\/wp-content\/uploads\/2018\/09\/verabschiedung_18_03-624x416.jpg 624w\" sizes=\"auto, (max-width: 650px) 100vw, 650px\" \/> <img loading=\"lazy\" decoding=\"async\" class=\"alignleft size-full wp-image-7522\" src=\"http:\/\/www.maria-koenigin.de\/wordpress\/wp-content\/uploads\/2018\/09\/verabschiedung_18_02.jpg\" alt=\"\" width=\"650\" height=\"433\" srcset=\"http:\/\/www.maria-koenigin.de\/wordpress\/wp-content\/uploads\/2018\/09\/verabschiedung_18_02.jpg 650w, http:\/\/www.maria-koenigin.de\/wordpress\/wp-content\/uploads\/2018\/09\/verabschiedung_18_02-300x200.jpg 300w, http:\/\/www.maria-koenigin.de\/wordpress\/wp-content\/uploads\/2018\/09\/verabschiedung_18_02-624x416.jpg 624w\" sizes=\"auto, (max-width: 650px) 100vw, 650px\" \/><\/p>\n","protected":false},"excerpt":{"rendered":"<p>Mit einem festlichen Gottesdienst und einem bunten und bewegenden Festakt wurde der Wechsel in der Schulleitung am Gymnasium Maria K\u00f6nigin vollzogen. Berthold Schleime und J\u00fcrgen Lambrecht haben genau 21 Jahre lang den Kurs des<\/p>\n","protected":false},"author":1,"featured_media":0,"comment_status":"closed","ping_status":"closed","sticky":false,"template":"","format":"standard","meta":{"ngg_post_thumbnail":0,"footnotes":""},"categories":[4],"tags":[],"class_list":["post-7545","post","type-post","status-publish","format-standard","hentry","category-aktuelles"],"_links":{"self":[{"href":"http:\/\/www.maria-koenigin.de\/index.php?rest_route=\/wp\/v2\/posts\/7545","targetHints":{"allow":["GET"]}}],"collection":[{"href":"http:\/\/www.maria-koenigin.de\/index.php?rest_route=\/wp\/v2\/posts"}],"about":[{"href":"http:\/\/www.maria-koenigin.de\/index.php?rest_route=\/wp\/v2\/types\/post"}],"author":[{"embeddable":true,"href":"http:\/\/www.maria-koenigin.de\/index.php?rest_route=\/wp\/v2\/users\/1"}],"replies":[{"embeddable":true,"href":"http:\/\/www.maria-koenigin.de\/index.php?rest_route=%2Fwp%2Fv2%2Fcomments&post=7545"}],"version-history":[{"count":1,"href":"http:\/\/www.maria-koenigin.de\/index.php?rest_route=\/wp\/v2\/posts\/7545\/revisions"}],"predecessor-version":[{"id":7546,"href":"http:\/\/www.maria-koenigin.de\/index.php?rest_route=\/wp\/v2\/posts\/7545\/revisions\/7546"}],"wp:attachment":[{"href":"http:\/\/www.maria-koenigin.de\/index.php?rest_route=%2Fwp%2Fv2%2Fmedia&parent=7545"}],"wp:term":[{"taxonomy":"category","embeddable":true,"href":"http:\/\/www.maria-koenigin.de\/index.php?rest_route=%2Fwp%2Fv2%2Fcategories&post=7545"},{"taxonomy":"post_tag","embeddable":true,"href":"http:\/\/www.maria-koenigin.de\/index.php?rest_route=%2Fwp%2Fv2%2Ftags&post=7545"}],"curies":[{"name":"wp","href":"https:\/\/api.w.org\/{rel}","templated":true}]}}