{"id":7586,"date":"2018-10-03T10:07:54","date_gmt":"2018-10-03T08:07:54","guid":{"rendered":"http:\/\/www.maria-koenigin.de\/?p=7586"},"modified":"2018-10-03T10:09:20","modified_gmt":"2018-10-03T08:09:20","slug":"sehnsucht-leben-sehnsucht-leben-jugendgottesdienst-an-maria-koenigin-am-7-oktober","status":"publish","type":"post","link":"http:\/\/www.maria-koenigin.de\/?p=7586","title":{"rendered":""},"content":{"rendered":"<p style=\"text-align: justify;\"><img loading=\"lazy\" decoding=\"async\" class=\"alignleft size-full wp-image-7587\" src=\"http:\/\/www.maria-koenigin.de\/wordpress\/wp-content\/uploads\/2018\/10\/Plakat_JugoDi_1018.jpg\" alt=\"\" width=\"650\" height=\"653\" srcset=\"http:\/\/www.maria-koenigin.de\/wordpress\/wp-content\/uploads\/2018\/10\/Plakat_JugoDi_1018.jpg 650w, http:\/\/www.maria-koenigin.de\/wordpress\/wp-content\/uploads\/2018\/10\/Plakat_JugoDi_1018-150x150.jpg 150w, http:\/\/www.maria-koenigin.de\/wordpress\/wp-content\/uploads\/2018\/10\/Plakat_JugoDi_1018-300x300.jpg 300w, http:\/\/www.maria-koenigin.de\/wordpress\/wp-content\/uploads\/2018\/10\/Plakat_JugoDi_1018-624x627.jpg 624w\" sizes=\"auto, (max-width: 650px) 100vw, 650px\" \/><\/p>\n<p style=\"text-align: justify;\">Zu einem Jugendgottesdienst unter dem Titel \u201eSehnsucht leben \u2013 Sehnsucht Leben\u201c l\u00e4dt die Junge Kirche Maria K\u00f6nigin am Sonntag, dem 7. Oktober um 18 Uhr ein.<\/p>\n<p style=\"text-align: justify;\">Jeder Mensch hat <!--more-->tiefsitzende W\u00fcnsche, Sehns\u00fcchte, auf deren Erf\u00fcllung er hofft. Welche Sehns\u00fcchte besch\u00e4ftigen uns und wie ist das mit der Sehnsucht nach erf\u00fclltem Leben?&nbsp; Auf diese Fragen will die Junge Kirche gemeinsam mit den Gottesdienstbesuchern eine Antwort suchen.&nbsp;<\/p>\n<p style=\"text-align: justify;\">Zelebrant des Gottesdienstes in der Klosterkirche wird Pastor Ludger Wollweber aus Meggen sein. Die musikalische Gestaltung mit Neuen Geistlichen Liedern \u00fcbernimmt der Firmchor aus Finnentrop.<\/p>\n<p style=\"text-align: justify;\">Weitere Termine f\u00fcr die Jugendgottesdienste in der Klosterkirche Maria K\u00f6nigin sind Sonntag, 16.12., dem 3. Advent, um 18 Uhr und Sonntag, der 7.04.2019 um 18 Uhr.<\/p>\n","protected":false},"excerpt":{"rendered":"<p>Zu einem Jugendgottesdienst unter dem Titel \u201eSehnsucht leben \u2013 Sehnsucht Leben\u201c l\u00e4dt die Junge Kirche Maria K\u00f6nigin am Sonntag, dem 7. Oktober um 18 Uhr ein. Jeder Mensch hat<\/p>\n","protected":false},"author":1,"featured_media":0,"comment_status":"closed","ping_status":"closed","sticky":false,"template":"","format":"standard","meta":{"ngg_post_thumbnail":0,"footnotes":""},"categories":[4],"tags":[],"class_list":["post-7586","post","type-post","status-publish","format-standard","hentry","category-aktuelles"],"_links":{"self":[{"href":"http:\/\/www.maria-koenigin.de\/index.php?rest_route=\/wp\/v2\/posts\/7586","targetHints":{"allow":["GET"]}}],"collection":[{"href":"http:\/\/www.maria-koenigin.de\/index.php?rest_route=\/wp\/v2\/posts"}],"about":[{"href":"http:\/\/www.maria-koenigin.de\/index.php?rest_route=\/wp\/v2\/types\/post"}],"author":[{"embeddable":true,"href":"http:\/\/www.maria-koenigin.de\/index.php?rest_route=\/wp\/v2\/users\/1"}],"replies":[{"embeddable":true,"href":"http:\/\/www.maria-koenigin.de\/index.php?rest_route=%2Fwp%2Fv2%2Fcomments&post=7586"}],"version-history":[{"count":2,"href":"http:\/\/www.maria-koenigin.de\/index.php?rest_route=\/wp\/v2\/posts\/7586\/revisions"}],"predecessor-version":[{"id":7589,"href":"http:\/\/www.maria-koenigin.de\/index.php?rest_route=\/wp\/v2\/posts\/7586\/revisions\/7589"}],"wp:attachment":[{"href":"http:\/\/www.maria-koenigin.de\/index.php?rest_route=%2Fwp%2Fv2%2Fmedia&parent=7586"}],"wp:term":[{"taxonomy":"category","embeddable":true,"href":"http:\/\/www.maria-koenigin.de\/index.php?rest_route=%2Fwp%2Fv2%2Fcategories&post=7586"},{"taxonomy":"post_tag","embeddable":true,"href":"http:\/\/www.maria-koenigin.de\/index.php?rest_route=%2Fwp%2Fv2%2Ftags&post=7586"}],"curies":[{"name":"wp","href":"https:\/\/api.w.org\/{rel}","templated":true}]}}