{"id":7590,"date":"2018-10-05T06:00:24","date_gmt":"2018-10-05T04:00:24","guid":{"rendered":"http:\/\/www.maria-koenigin.de\/?p=7590"},"modified":"2018-10-03T10:16:31","modified_gmt":"2018-10-03T08:16:31","slug":"austausch-mit-otwock-polen-2018","status":"publish","type":"post","link":"http:\/\/www.maria-koenigin.de\/?p=7590","title":{"rendered":"Austausch mit Otwock\/Polen 2018"},"content":{"rendered":"<p><img loading=\"lazy\" decoding=\"async\" class=\"alignleft size-full wp-image-7593\" src=\"http:\/\/www.maria-koenigin.de\/wordpress\/wp-content\/uploads\/2018\/10\/polen_18_3.jpg\" alt=\"\" width=\"650\" height=\"401\" srcset=\"http:\/\/www.maria-koenigin.de\/wordpress\/wp-content\/uploads\/2018\/10\/polen_18_3.jpg 650w, http:\/\/www.maria-koenigin.de\/wordpress\/wp-content\/uploads\/2018\/10\/polen_18_3-300x185.jpg 300w, http:\/\/www.maria-koenigin.de\/wordpress\/wp-content\/uploads\/2018\/10\/polen_18_3-624x385.jpg 624w\" sizes=\"auto, (max-width: 650px) 100vw, 650px\" \/><\/p>\n<p style=\"text-align: justify;\">Die doppelte Anzahl Sch\u00fcler (28) fuhr in diesem Jahr zu unserer Partnerschule in Otwock, da durch die polnische Schulreform in diesem Jahr zwei Abschlussklassen entstanden waren. Durch Sch\u00fclerpr\u00e4sentationen und Workshops lernten <!--more-->die deutschen Partner die Besonderheiten des Ortes Otwock kennen: Natur, Architektur und Infrastruktur.<\/p>\n<p><img loading=\"lazy\" decoding=\"async\" class=\"size-full wp-image-7594\" src=\"http:\/\/www.maria-koenigin.de\/wordpress\/wp-content\/uploads\/2018\/10\/polen_18_4.jpg\" alt=\"\" width=\"650\" height=\"488\" srcset=\"http:\/\/www.maria-koenigin.de\/wordpress\/wp-content\/uploads\/2018\/10\/polen_18_4.jpg 650w, http:\/\/www.maria-koenigin.de\/wordpress\/wp-content\/uploads\/2018\/10\/polen_18_4-300x225.jpg 300w, http:\/\/www.maria-koenigin.de\/wordpress\/wp-content\/uploads\/2018\/10\/polen_18_4-624x468.jpg 624w\" sizes=\"auto, (max-width: 650px) 100vw, 650px\" \/><\/p>\n<p style=\"text-align: justify;\">Wir besichtigten den polnischen Pr\u00e4sidentenpalast und das Nationaltheater in Warschau. Bei sch\u00f6nstem Herbstwetter konnten sich die Sch\u00fclerInnen drau\u00dfen bei Sport, Gruppent\u00e4nzen und Spielen besser kennenlernen.<\/p>\n<p style=\"text-align: right;\">Ute Fr\u00f6hlich<\/p>\n","protected":false},"excerpt":{"rendered":"<p>Die doppelte Anzahl Sch\u00fcler (28) fuhr in diesem Jahr zu unserer Partnerschule in Otwock, da durch die polnische Schulreform in diesem Jahr zwei Abschlussklassen entstanden waren. Durch Sch\u00fclerpr\u00e4sentationen und Workshops lernten<\/p>\n","protected":false},"author":1,"featured_media":0,"comment_status":"closed","ping_status":"closed","sticky":false,"template":"","format":"standard","meta":{"ngg_post_thumbnail":0,"footnotes":""},"categories":[4],"tags":[],"class_list":["post-7590","post","type-post","status-publish","format-standard","hentry","category-aktuelles"],"_links":{"self":[{"href":"http:\/\/www.maria-koenigin.de\/index.php?rest_route=\/wp\/v2\/posts\/7590","targetHints":{"allow":["GET"]}}],"collection":[{"href":"http:\/\/www.maria-koenigin.de\/index.php?rest_route=\/wp\/v2\/posts"}],"about":[{"href":"http:\/\/www.maria-koenigin.de\/index.php?rest_route=\/wp\/v2\/types\/post"}],"author":[{"embeddable":true,"href":"http:\/\/www.maria-koenigin.de\/index.php?rest_route=\/wp\/v2\/users\/1"}],"replies":[{"embeddable":true,"href":"http:\/\/www.maria-koenigin.de\/index.php?rest_route=%2Fwp%2Fv2%2Fcomments&post=7590"}],"version-history":[{"count":2,"href":"http:\/\/www.maria-koenigin.de\/index.php?rest_route=\/wp\/v2\/posts\/7590\/revisions"}],"predecessor-version":[{"id":7596,"href":"http:\/\/www.maria-koenigin.de\/index.php?rest_route=\/wp\/v2\/posts\/7590\/revisions\/7596"}],"wp:attachment":[{"href":"http:\/\/www.maria-koenigin.de\/index.php?rest_route=%2Fwp%2Fv2%2Fmedia&parent=7590"}],"wp:term":[{"taxonomy":"category","embeddable":true,"href":"http:\/\/www.maria-koenigin.de\/index.php?rest_route=%2Fwp%2Fv2%2Fcategories&post=7590"},{"taxonomy":"post_tag","embeddable":true,"href":"http:\/\/www.maria-koenigin.de\/index.php?rest_route=%2Fwp%2Fv2%2Ftags&post=7590"}],"curies":[{"name":"wp","href":"https:\/\/api.w.org\/{rel}","templated":true}]}}