{"id":7598,"date":"2018-10-06T10:59:10","date_gmt":"2018-10-06T08:59:10","guid":{"rendered":"http:\/\/www.maria-koenigin.de\/?p=7598"},"modified":"2018-10-06T10:59:49","modified_gmt":"2018-10-06T08:59:49","slug":"leistung-und-engagement-werden-belohnt-2","status":"publish","type":"post","link":"http:\/\/www.maria-koenigin.de\/?p=7598","title":{"rendered":"Leistung und Engagement werden belohnt"},"content":{"rendered":"<div id=\"attachment_7603\" style=\"width: 660px\" class=\"wp-caption alignleft\"><img loading=\"lazy\" decoding=\"async\" aria-describedby=\"caption-attachment-7603\" class=\"wp-image-7603 size-full\" src=\"http:\/\/www.maria-koenigin.de\/wordpress\/wp-content\/uploads\/2018\/10\/MK-DMU-5.jpg\" alt=\"\" width=\"650\" height=\"433\" srcset=\"http:\/\/www.maria-koenigin.de\/wordpress\/wp-content\/uploads\/2018\/10\/MK-DMU-5.jpg 650w, http:\/\/www.maria-koenigin.de\/wordpress\/wp-content\/uploads\/2018\/10\/MK-DMU-5-300x200.jpg 300w, http:\/\/www.maria-koenigin.de\/wordpress\/wp-content\/uploads\/2018\/10\/MK-DMU-5-624x416.jpg 624w\" sizes=\"auto, (max-width: 650px) 100vw, 650px\" \/><p id=\"caption-attachment-7603\" class=\"wp-caption-text\">Foto v.l.n.r.: Brigitta Pieters (Schulleiterin des Gymnasiums der Stadt Lennestadt), Jan Fabian Borys (Schulleiter des Gymnasiums Maria K\u00f6nigin), Jukka Kilgus (GymSL), Henry Kamps (GymSL), Nils Krengel (MK), Chiara Dietz (MK), Erhard Reichling (Vorstandsmitglied der Dieter-Mennekes-Umweltstiftung)<\/p><\/div>\n<p style=\"text-align: justify;\">Vier hervorragende Abiturienten der beiden Lennest\u00e4dter Gymnasien wurden am Freitag, dem 5. Oktober, im Rahmen einer kleinen Feierstunde am Gymnasium Maria K\u00f6nigin mit dem Dieter-Mennekes-Stipendium <!--more-->ausgezeichnet. Jeweils 1.500 Euro sollen den Jahrgangsbesten den Start in ihr Studium erleichtern.<\/p>\n<p><img loading=\"lazy\" decoding=\"async\" class=\"alignleft size-full wp-image-7599\" src=\"http:\/\/www.maria-koenigin.de\/wordpress\/wp-content\/uploads\/2018\/10\/MK-DMU-1.jpg\" alt=\"\" width=\"650\" height=\"433\" srcset=\"http:\/\/www.maria-koenigin.de\/wordpress\/wp-content\/uploads\/2018\/10\/MK-DMU-1.jpg 650w, http:\/\/www.maria-koenigin.de\/wordpress\/wp-content\/uploads\/2018\/10\/MK-DMU-1-300x200.jpg 300w, http:\/\/www.maria-koenigin.de\/wordpress\/wp-content\/uploads\/2018\/10\/MK-DMU-1-624x416.jpg 624w\" sizes=\"auto, (max-width: 650px) 100vw, 650px\" \/><\/p>\n<p style=\"text-align: justify;\">Jukka Kilgus und Henry Kamps vom Gymnasium der Stadt Lennestadt sowie Chiara Dietz und Nils Krengel vom Gymnasium Maria K\u00f6nigin wurden von ihren Laudatoren Gabriele Kordes und Kathrin Michler (GymSL) sowie Ansgar Kaufmann und Manfred Linder (MK) aufgrund ihrer au\u00dfergew\u00f6hnlichen unterrichtlichen und au\u00dferunterrichtlichen Leistungen als f\u00f6rderungsw\u00fcrdig erachtet.<\/p>\n<p><img loading=\"lazy\" decoding=\"async\" class=\"alignleft size-full wp-image-7600\" src=\"http:\/\/www.maria-koenigin.de\/wordpress\/wp-content\/uploads\/2018\/10\/MK-DMU-2.jpg\" alt=\"\" width=\"650\" height=\"433\" srcset=\"http:\/\/www.maria-koenigin.de\/wordpress\/wp-content\/uploads\/2018\/10\/MK-DMU-2.jpg 650w, http:\/\/www.maria-koenigin.de\/wordpress\/wp-content\/uploads\/2018\/10\/MK-DMU-2-300x200.jpg 300w, http:\/\/www.maria-koenigin.de\/wordpress\/wp-content\/uploads\/2018\/10\/MK-DMU-2-624x416.jpg 624w\" sizes=\"auto, (max-width: 650px) 100vw, 650px\" \/><\/p>\n<p style=\"text-align: justify;\">Ansgar Kaufmann zitierte den Poetry-Slam-Text, mit dem Chiara Dietz im vergangenen Jahr den ersten Platz beim Literaturwettbewerb anl\u00e4sslich des 200j\u00e4hriges Bestehens des Kreises Olpe Platz 1 errang. Er betonte ihr sehr umfassendes Interesse und ihre herausragenden Klausuren sowohl im geistes- als auch naturwissenschaftlichen Bereich. Der \u201egro\u00dfen Leserin\u201c, die ein Leben in der Natur und mit der Musik liebt, bescheinigte er besondere Talente im musischen Bereich, die sich z.B. an ihrer Teilnahme bei \u201eJugend musiziert\u201c oder bei der Gestaltung des Kleffwegs in Albaum durch den von ihr belegten Leistungskurs Kunst zeigen.<\/p>\n<p><img loading=\"lazy\" decoding=\"async\" class=\"alignleft size-full wp-image-7601\" src=\"http:\/\/www.maria-koenigin.de\/wordpress\/wp-content\/uploads\/2018\/10\/MK-DMU-3.jpg\" alt=\"\" width=\"650\" height=\"433\" srcset=\"http:\/\/www.maria-koenigin.de\/wordpress\/wp-content\/uploads\/2018\/10\/MK-DMU-3.jpg 650w, http:\/\/www.maria-koenigin.de\/wordpress\/wp-content\/uploads\/2018\/10\/MK-DMU-3-300x200.jpg 300w, http:\/\/www.maria-koenigin.de\/wordpress\/wp-content\/uploads\/2018\/10\/MK-DMU-3-624x416.jpg 624w\" sizes=\"auto, (max-width: 650px) 100vw, 650px\" \/><\/p>\n<p style=\"text-align: justify;\">Manfred Linder stellte seine Laudatio f\u00fcr Nils Krengel unter das Motto \u201eora et labora\u201c. Nils gehe alles m\u00fchelos von der Hand, vor allem im naturwissenschaftlichen Bereich wolle er den Dingen auf den Grund gehen. Dar\u00fcber hinaus zeige sich eine breite Palette von Interessen, auch im politischen Bereich. Dazu passen, so Linder, seine zahlreichen ehrenamtlichen T\u00e4tigkeiten innerhalb und au\u00dferhalb der Schule. Nils\u2019 Berufswunsch \u201eProfessor\u201c passe zu diesem ausgepr\u00e4gten Leistungsgedanken.<\/p>\n<p><img loading=\"lazy\" decoding=\"async\" class=\"alignleft size-full wp-image-7604\" src=\"http:\/\/www.maria-koenigin.de\/wordpress\/wp-content\/uploads\/2018\/10\/MK-DMU-6.jpg\" alt=\"\" width=\"650\" height=\"433\" srcset=\"http:\/\/www.maria-koenigin.de\/wordpress\/wp-content\/uploads\/2018\/10\/MK-DMU-6.jpg 650w, http:\/\/www.maria-koenigin.de\/wordpress\/wp-content\/uploads\/2018\/10\/MK-DMU-6-300x200.jpg 300w, http:\/\/www.maria-koenigin.de\/wordpress\/wp-content\/uploads\/2018\/10\/MK-DMU-6-624x416.jpg 624w\" sizes=\"auto, (max-width: 650px) 100vw, 650px\" \/><\/p>\n<p style=\"text-align: justify;\">Seit dem Jahr 2000 hat die Dieter-Mennekes-Umweltstiftung fast 80 Sch\u00fclerinnen und Sch\u00fcler, die sich durch hervorragende schulische Leistungen und vor allem ihr soziales Engagement auszeichnen, mit der finanziellen Zuwendung bedacht, insgesamt weit \u00fcber 100.000 Euro. Sehr viele Mediziner und Naturwissenschaftler, aber auch Betriebswirte, Maschinenbauer und Unternehmensberater konnten so ihre au\u00dfergew\u00f6hnliche Karriere mit dem Stipendiat beginnen, acht der ehemaligen Stipendiaten berichteten in der Feierstunde von ihren z.T. au\u00dfergew\u00f6hnlichen beruflichen Werdeg\u00e4ngen.<\/p>\n<p><img loading=\"lazy\" decoding=\"async\" class=\"alignleft size-full wp-image-7607\" src=\"http:\/\/www.maria-koenigin.de\/wordpress\/wp-content\/uploads\/2018\/10\/MK-DMU-9.jpg\" alt=\"\" width=\"650\" height=\"433\" srcset=\"http:\/\/www.maria-koenigin.de\/wordpress\/wp-content\/uploads\/2018\/10\/MK-DMU-9.jpg 650w, http:\/\/www.maria-koenigin.de\/wordpress\/wp-content\/uploads\/2018\/10\/MK-DMU-9-300x200.jpg 300w, http:\/\/www.maria-koenigin.de\/wordpress\/wp-content\/uploads\/2018\/10\/MK-DMU-9-624x416.jpg 624w\" sizes=\"auto, (max-width: 650px) 100vw, 650px\" \/><\/p>\n<p style=\"text-align: justify;\">Jan Fabian Borys, Schulleiter des Gymnasiums Maria K\u00f6nigin, stellte in seiner Begr\u00fc\u00dfungsansprache vor allem den Umweltgedanken in den Vordergrund, den er als \u201e\u00d6kologische Herausforderung des 21. Jahrhunderts\u201c bezeichnete. Diese gewaltigen Aufgaben ben\u00f6tigten die kl\u00fcgsten K\u00f6pfe einer Generation: \u201eUmwelt braucht intelligente L\u00f6sungen von intelligenten Menschen.\u201c Aus diesem Grund appellierte er an die Stipendiaten, sich intensiv f\u00fcr den Umweltschutz einzusetzen.<\/p>\n<p><img loading=\"lazy\" decoding=\"async\" class=\"alignleft size-full wp-image-7602\" src=\"http:\/\/www.maria-koenigin.de\/wordpress\/wp-content\/uploads\/2018\/10\/MK-DMU-4.jpg\" alt=\"\" width=\"650\" height=\"433\" srcset=\"http:\/\/www.maria-koenigin.de\/wordpress\/wp-content\/uploads\/2018\/10\/MK-DMU-4.jpg 650w, http:\/\/www.maria-koenigin.de\/wordpress\/wp-content\/uploads\/2018\/10\/MK-DMU-4-300x200.jpg 300w, http:\/\/www.maria-koenigin.de\/wordpress\/wp-content\/uploads\/2018\/10\/MK-DMU-4-624x416.jpg 624w\" sizes=\"auto, (max-width: 650px) 100vw, 650px\" \/><\/p>\n<p style=\"text-align: justify;\">Erhard Reichling, als Vorstandsmitglied in Vertretung von Dieter Mennekes anwesend, lobte einerseits die Stipendiaten f\u00fcr ihre hervorragenden schulischen Leistungen, forderte aber ebenso intensiv, sich der nie endenden Zukunftsaufgabe des Natur- und Umweltschutzes zu widmen. Und dies m\u00fcsse nicht morgen, sondern heute beginnen.<\/p>\n<p><img loading=\"lazy\" decoding=\"async\" class=\"alignleft size-full wp-image-7606\" src=\"http:\/\/www.maria-koenigin.de\/wordpress\/wp-content\/uploads\/2018\/10\/MK-DMU-8.jpg\" alt=\"\" width=\"650\" height=\"433\" srcset=\"http:\/\/www.maria-koenigin.de\/wordpress\/wp-content\/uploads\/2018\/10\/MK-DMU-8.jpg 650w, http:\/\/www.maria-koenigin.de\/wordpress\/wp-content\/uploads\/2018\/10\/MK-DMU-8-300x200.jpg 300w, http:\/\/www.maria-koenigin.de\/wordpress\/wp-content\/uploads\/2018\/10\/MK-DMU-8-624x416.jpg 624w\" sizes=\"auto, (max-width: 650px) 100vw, 650px\" \/><\/p>\n<p style=\"text-align: justify;\">Karsten Sch\u00fcrheck, Erster Beigeordneter der Stadt Lennestadt, gratulierte den Stipendiaten im Namen der Kommunen und w\u00fcnschte sich, dass sie im Ausland studieren, dann aber ins Sauerland zur\u00fcckkehren sollten. Als Zweites forderte er ehrenamtliches Engagement, gleich in welchen Bereichen, ein.<\/p>\n<p><img loading=\"lazy\" decoding=\"async\" class=\"alignleft size-full wp-image-7605\" src=\"http:\/\/www.maria-koenigin.de\/wordpress\/wp-content\/uploads\/2018\/10\/MK-DMU-7.jpg\" alt=\"\" width=\"650\" height=\"433\" srcset=\"http:\/\/www.maria-koenigin.de\/wordpress\/wp-content\/uploads\/2018\/10\/MK-DMU-7.jpg 650w, http:\/\/www.maria-koenigin.de\/wordpress\/wp-content\/uploads\/2018\/10\/MK-DMU-7-300x200.jpg 300w, http:\/\/www.maria-koenigin.de\/wordpress\/wp-content\/uploads\/2018\/10\/MK-DMU-7-624x416.jpg 624w\" sizes=\"auto, (max-width: 650px) 100vw, 650px\" \/><\/p>\n<p style=\"text-align: justify;\">Musikalisch umrahmt wurde die Stipendiatsvergabe von Sch\u00fclerinnen und Sch\u00fclern des Gymnasiums Maria K\u00f6nigin: Helen Shen am Klavier, Lea Allebrodt am Saxophon sowie David Assmann und Leah Hufnagel (Gesang), von Dustin Modic virtuos am Klavier begleitet, alle unter der Leitung von Musiklehrer Harald J\u00fcngst.<\/p>\n<p style=\"text-align: right;\">Michael Br\u00fcseken<\/p>\n","protected":false},"excerpt":{"rendered":"<p>Vier hervorragende Abiturienten der beiden Lennest\u00e4dter Gymnasien wurden am Freitag, dem 5. Oktober, im Rahmen einer kleinen Feierstunde am Gymnasium Maria K\u00f6nigin mit dem Dieter-Mennekes-Stipendium<\/p>\n","protected":false},"author":1,"featured_media":0,"comment_status":"closed","ping_status":"closed","sticky":false,"template":"","format":"standard","meta":{"ngg_post_thumbnail":0,"footnotes":""},"categories":[4],"tags":[],"class_list":["post-7598","post","type-post","status-publish","format-standard","hentry","category-aktuelles"],"_links":{"self":[{"href":"http:\/\/www.maria-koenigin.de\/index.php?rest_route=\/wp\/v2\/posts\/7598","targetHints":{"allow":["GET"]}}],"collection":[{"href":"http:\/\/www.maria-koenigin.de\/index.php?rest_route=\/wp\/v2\/posts"}],"about":[{"href":"http:\/\/www.maria-koenigin.de\/index.php?rest_route=\/wp\/v2\/types\/post"}],"author":[{"embeddable":true,"href":"http:\/\/www.maria-koenigin.de\/index.php?rest_route=\/wp\/v2\/users\/1"}],"replies":[{"embeddable":true,"href":"http:\/\/www.maria-koenigin.de\/index.php?rest_route=%2Fwp%2Fv2%2Fcomments&post=7598"}],"version-history":[{"count":3,"href":"http:\/\/www.maria-koenigin.de\/index.php?rest_route=\/wp\/v2\/posts\/7598\/revisions"}],"predecessor-version":[{"id":7611,"href":"http:\/\/www.maria-koenigin.de\/index.php?rest_route=\/wp\/v2\/posts\/7598\/revisions\/7611"}],"wp:attachment":[{"href":"http:\/\/www.maria-koenigin.de\/index.php?rest_route=%2Fwp%2Fv2%2Fmedia&parent=7598"}],"wp:term":[{"taxonomy":"category","embeddable":true,"href":"http:\/\/www.maria-koenigin.de\/index.php?rest_route=%2Fwp%2Fv2%2Fcategories&post=7598"},{"taxonomy":"post_tag","embeddable":true,"href":"http:\/\/www.maria-koenigin.de\/index.php?rest_route=%2Fwp%2Fv2%2Ftags&post=7598"}],"curies":[{"name":"wp","href":"https:\/\/api.w.org\/{rel}","templated":true}]}}