{"id":7619,"date":"2018-10-22T14:09:02","date_gmt":"2018-10-22T12:09:02","guid":{"rendered":"http:\/\/www.maria-koenigin.de\/?p=7619"},"modified":"2018-10-22T14:09:02","modified_gmt":"2018-10-22T12:09:02","slug":"ueberwaeltigende-eindruecke-und-unbekannte-kulturen","status":"publish","type":"post","link":"http:\/\/www.maria-koenigin.de\/?p=7619","title":{"rendered":"\u00dcberw\u00e4ltigende Eindr\u00fccke und unbekannte Kulturen"},"content":{"rendered":"<p><img loading=\"lazy\" decoding=\"async\" class=\"alignleft size-full wp-image-7621\" src=\"http:\/\/www.maria-koenigin.de\/wordpress\/wp-content\/uploads\/2018\/10\/buchmesse_18_2.jpg\" alt=\"\" width=\"650\" height=\"366\" srcset=\"http:\/\/www.maria-koenigin.de\/wordpress\/wp-content\/uploads\/2018\/10\/buchmesse_18_2.jpg 650w, http:\/\/www.maria-koenigin.de\/wordpress\/wp-content\/uploads\/2018\/10\/buchmesse_18_2-300x169.jpg 300w, http:\/\/www.maria-koenigin.de\/wordpress\/wp-content\/uploads\/2018\/10\/buchmesse_18_2-624x351.jpg 624w\" sizes=\"auto, (max-width: 650px) 100vw, 650px\" \/><\/p>\n<p style=\"text-align: justify;\">\u201eWer soll das alles lesen?\u201c Diese Frage stellten sich die 44 Sch\u00fclerinnen und Sch\u00fcler der Jahrgangsstufe Q1 des Gymnasiums Maria K\u00f6nigin w\u00e4hrend ihres Besuches auf der&nbsp; Frankfurter <!--more-->Buchmesse immer wieder. Eine Exkursion zur weltweit gr\u00f6\u00dften Buchmesse stand auf dem Programm der Leistungskurse Deutsch. Unter Leitung der Kurslehrer Titus Birkner und Ansgar Kaufmann sowie der Referendarinnen Julia Dommes und Hannah Stahl erkundete man einen Tag lang die Frankfurter Messehallen.<\/p>\n<p style=\"text-align: justify;\">\u201eDie riesigen Hallen mit den unterschiedlichsten B\u00fcchern aus aller Welt, aber auch Interviews mit Autoren, wie zum Beispiel Jonas Jonasson und Kochshows waren sehr beeindruckend,\u201c erkl\u00e4rt Luisa Bremerich.&nbsp; Aber auch die M\u00f6glichkeit eine Buchseite zu drucken wie in den Zeiten von Johannes Gutenberg nutzten die Lennest\u00e4dter Sch\u00fcler.<\/p>\n<p><img loading=\"lazy\" decoding=\"async\" class=\"alignleft size-full wp-image-7620\" src=\"http:\/\/www.maria-koenigin.de\/wordpress\/wp-content\/uploads\/2018\/10\/buchmesse_18_1.jpg\" alt=\"\" width=\"650\" height=\"435\" srcset=\"http:\/\/www.maria-koenigin.de\/wordpress\/wp-content\/uploads\/2018\/10\/buchmesse_18_1.jpg 650w, http:\/\/www.maria-koenigin.de\/wordpress\/wp-content\/uploads\/2018\/10\/buchmesse_18_1-300x201.jpg 300w, http:\/\/www.maria-koenigin.de\/wordpress\/wp-content\/uploads\/2018\/10\/buchmesse_18_1-624x418.jpg 624w\" sizes=\"auto, (max-width: 650px) 100vw, 650px\" \/><\/p>\n<p style=\"text-align: justify;\">F\u00fcr Amelie Cremer waren auch die unterschiedlichen Kulturen sehenswert: \u201eInteressant waren die St\u00e4nde der internationalen Verlage und des Gastlandes Georgien, die durch entsprechende Gestaltung und landes\u00fcbliche Kleidung einen Einblick in eine f\u00fcr uns fremde Kultur erm\u00f6glichten.\u201c&nbsp;<\/p>\n<p style=\"text-align: justify;\">Die aufw\u00e4ndige Pr\u00e4sentation Publikumsverlage, wie Fischer, Suhrkamp und Rowohlt war f\u00fcr die Sch\u00fcler des Leistungskurses ebenso interessant wie die Vielfalt der Buchthemen und -gestaltungen. \u201eMich hat die besondere Gestaltung der gro\u00dfen Verlage interessiert, die ihre Bestseller sehr kreativ pr\u00e4sentiert haben\u201c, berichtet Franz Tauscher. Selbst vegane B\u00fccher &nbsp;aus Gras, die sich anschlie\u00dfend wieder einpflanzen lassen, gab es &nbsp;zu besichtigen.<\/p>\n<p><img loading=\"lazy\" decoding=\"async\" class=\"alignleft size-full wp-image-7622\" src=\"http:\/\/www.maria-koenigin.de\/wordpress\/wp-content\/uploads\/2018\/10\/buchmesse_18_3.jpg\" alt=\"\" width=\"650\" height=\"528\" srcset=\"http:\/\/www.maria-koenigin.de\/wordpress\/wp-content\/uploads\/2018\/10\/buchmesse_18_3.jpg 650w, http:\/\/www.maria-koenigin.de\/wordpress\/wp-content\/uploads\/2018\/10\/buchmesse_18_3-300x244.jpg 300w, http:\/\/www.maria-koenigin.de\/wordpress\/wp-content\/uploads\/2018\/10\/buchmesse_18_3-624x507.jpg 624w\" sizes=\"auto, (max-width: 650px) 100vw, 650px\" \/><\/p>\n<p style=\"text-align: justify;\">Lesungen, Interviews, Podiumsdiskussionen und viele andere Veranstaltungen sorgten daf\u00fcr, dass die Oberstufensch\u00fcler ziemlich ersch\u00f6pft, aber auch mit vielf\u00e4ltigen Eindr\u00fccken die R\u00fcckreise nach Lennestadt antraten.<\/p>\n<p style=\"text-align: justify;\">\u201eDer Besuch der Buchmesse war eine interessante Erg\u00e4nzung zum Deutschunterricht, die uns gezeigt hat, wie riesengro\u00df und bunt das Angebot an B\u00fcchern ist,\u201c fasst Miriam Seidenst\u00fccker &nbsp;den Gesamteindruck des Kurses zusammen.<\/p>\n<p style=\"text-align: right;\">Ansgar Kaufmann<\/p>\n","protected":false},"excerpt":{"rendered":"<p>\u201eWer soll das alles lesen?\u201c Diese Frage stellten sich die 44 Sch\u00fclerinnen und Sch\u00fcler der Jahrgangsstufe Q1 des Gymnasiums Maria K\u00f6nigin w\u00e4hrend ihres Besuches auf der&nbsp; Frankfurter<\/p>\n","protected":false},"author":1,"featured_media":0,"comment_status":"closed","ping_status":"closed","sticky":false,"template":"","format":"standard","meta":{"ngg_post_thumbnail":0,"footnotes":""},"categories":[4],"tags":[],"class_list":["post-7619","post","type-post","status-publish","format-standard","hentry","category-aktuelles"],"_links":{"self":[{"href":"http:\/\/www.maria-koenigin.de\/index.php?rest_route=\/wp\/v2\/posts\/7619","targetHints":{"allow":["GET"]}}],"collection":[{"href":"http:\/\/www.maria-koenigin.de\/index.php?rest_route=\/wp\/v2\/posts"}],"about":[{"href":"http:\/\/www.maria-koenigin.de\/index.php?rest_route=\/wp\/v2\/types\/post"}],"author":[{"embeddable":true,"href":"http:\/\/www.maria-koenigin.de\/index.php?rest_route=\/wp\/v2\/users\/1"}],"replies":[{"embeddable":true,"href":"http:\/\/www.maria-koenigin.de\/index.php?rest_route=%2Fwp%2Fv2%2Fcomments&post=7619"}],"version-history":[{"count":1,"href":"http:\/\/www.maria-koenigin.de\/index.php?rest_route=\/wp\/v2\/posts\/7619\/revisions"}],"predecessor-version":[{"id":7623,"href":"http:\/\/www.maria-koenigin.de\/index.php?rest_route=\/wp\/v2\/posts\/7619\/revisions\/7623"}],"wp:attachment":[{"href":"http:\/\/www.maria-koenigin.de\/index.php?rest_route=%2Fwp%2Fv2%2Fmedia&parent=7619"}],"wp:term":[{"taxonomy":"category","embeddable":true,"href":"http:\/\/www.maria-koenigin.de\/index.php?rest_route=%2Fwp%2Fv2%2Fcategories&post=7619"},{"taxonomy":"post_tag","embeddable":true,"href":"http:\/\/www.maria-koenigin.de\/index.php?rest_route=%2Fwp%2Fv2%2Ftags&post=7619"}],"curies":[{"name":"wp","href":"https:\/\/api.w.org\/{rel}","templated":true}]}}