{"id":7641,"date":"2018-10-29T09:08:52","date_gmt":"2018-10-29T08:08:52","guid":{"rendered":"http:\/\/www.maria-koenigin.de\/?p=7641"},"modified":"2018-10-29T09:08:52","modified_gmt":"2018-10-29T08:08:52","slug":"voneinander-lernen-fuer-die-digitale-zukunft-der-schule","status":"publish","type":"post","link":"http:\/\/www.maria-koenigin.de\/?p=7641","title":{"rendered":"Voneinander lernen f\u00fcr die digitale Zukunft der Schule"},"content":{"rendered":"<p><img loading=\"lazy\" decoding=\"async\" class=\"alignleft size-full wp-image-7636\" src=\"http:\/\/www.maria-koenigin.de\/wordpress\/wp-content\/uploads\/2018\/10\/digifobi_18_3.jpg\" alt=\"\" width=\"650\" height=\"433\" srcset=\"http:\/\/www.maria-koenigin.de\/wordpress\/wp-content\/uploads\/2018\/10\/digifobi_18_3.jpg 650w, http:\/\/www.maria-koenigin.de\/wordpress\/wp-content\/uploads\/2018\/10\/digifobi_18_3-300x200.jpg 300w, http:\/\/www.maria-koenigin.de\/wordpress\/wp-content\/uploads\/2018\/10\/digifobi_18_3-624x416.jpg 624w\" sizes=\"auto, (max-width: 650px) 100vw, 650px\" \/><\/p>\n<p style=\"text-align: justify;\">Digitalisierung gewinnt nicht nur im Alltag, sondern vor allem auch in der Schule immer st\u00e4rker an Bedeutung. Aus diesem Grund standen der richtige Umgang mit Medien im Rahmen des Medienkompetenzrahmens sowie die Bereicherung des Unterrichts mit Hilfe digitaler Hilfsmittel auf dem <!--more-->Programm einer ganzt\u00e4gigen internen Lehrerfortbildung, die jetzt am Gymnasium Maria K\u00f6nigin durchgef\u00fchrt wurde. In sechs Workshops zeigten Kolleginnen und Kollegen Beispiele des Medieneinsatzes aus ihrem Unterricht und f\u00fchrten gleichzeitig die vielf\u00e4ltigen M\u00f6glichkeiten der in den letzten Jahren kontinuierlich erweiterten technischen Ausstattung an unserem Gymnasium vor. Abschlie\u00dfend waren die Schulleitung und das Kollegium sehr zufrieden mit dem Ergebnis der intensiven Fortbildung. Der Tag erm\u00f6glichte viele gute Gespr\u00e4che und bot viele Tipps f\u00fcr den Schulalltag zum Einsatz neuer digitaler M\u00f6glichkeiten. W\u00e4hrend dieser Tag nur einen Einblick in den stetig wachsenden Bereich der Digitalisierung geben konnte, sind f\u00fcr die Zukunft weitere Workshops zu einzelnen Themenbereichen geplant.<\/p>\n<p><img loading=\"lazy\" decoding=\"async\" class=\"alignleft size-full wp-image-7638\" src=\"http:\/\/www.maria-koenigin.de\/wordpress\/wp-content\/uploads\/2018\/10\/digifobi_18_5.jpg\" alt=\"\" width=\"650\" height=\"433\" srcset=\"http:\/\/www.maria-koenigin.de\/wordpress\/wp-content\/uploads\/2018\/10\/digifobi_18_5.jpg 650w, http:\/\/www.maria-koenigin.de\/wordpress\/wp-content\/uploads\/2018\/10\/digifobi_18_5-300x200.jpg 300w, http:\/\/www.maria-koenigin.de\/wordpress\/wp-content\/uploads\/2018\/10\/digifobi_18_5-624x416.jpg 624w\" sizes=\"auto, (max-width: 650px) 100vw, 650px\" \/> <img loading=\"lazy\" decoding=\"async\" class=\"alignleft size-full wp-image-7635\" src=\"http:\/\/www.maria-koenigin.de\/wordpress\/wp-content\/uploads\/2018\/10\/digifobi_18_2.jpg\" alt=\"\" width=\"650\" height=\"433\" srcset=\"http:\/\/www.maria-koenigin.de\/wordpress\/wp-content\/uploads\/2018\/10\/digifobi_18_2.jpg 650w, http:\/\/www.maria-koenigin.de\/wordpress\/wp-content\/uploads\/2018\/10\/digifobi_18_2-300x200.jpg 300w, http:\/\/www.maria-koenigin.de\/wordpress\/wp-content\/uploads\/2018\/10\/digifobi_18_2-624x416.jpg 624w\" sizes=\"auto, (max-width: 650px) 100vw, 650px\" \/> <img loading=\"lazy\" decoding=\"async\" class=\"alignleft size-full wp-image-7634\" src=\"http:\/\/www.maria-koenigin.de\/wordpress\/wp-content\/uploads\/2018\/10\/digifobi_18_1.jpg\" alt=\"\" width=\"650\" height=\"369\" srcset=\"http:\/\/www.maria-koenigin.de\/wordpress\/wp-content\/uploads\/2018\/10\/digifobi_18_1.jpg 650w, http:\/\/www.maria-koenigin.de\/wordpress\/wp-content\/uploads\/2018\/10\/digifobi_18_1-300x170.jpg 300w, http:\/\/www.maria-koenigin.de\/wordpress\/wp-content\/uploads\/2018\/10\/digifobi_18_1-624x354.jpg 624w\" sizes=\"auto, (max-width: 650px) 100vw, 650px\" \/> <img loading=\"lazy\" decoding=\"async\" class=\"alignleft size-full wp-image-7639\" src=\"http:\/\/www.maria-koenigin.de\/wordpress\/wp-content\/uploads\/2018\/10\/digifobi_18_6.jpg\" alt=\"\" width=\"650\" height=\"433\" srcset=\"http:\/\/www.maria-koenigin.de\/wordpress\/wp-content\/uploads\/2018\/10\/digifobi_18_6.jpg 650w, http:\/\/www.maria-koenigin.de\/wordpress\/wp-content\/uploads\/2018\/10\/digifobi_18_6-300x200.jpg 300w, http:\/\/www.maria-koenigin.de\/wordpress\/wp-content\/uploads\/2018\/10\/digifobi_18_6-624x416.jpg 624w\" sizes=\"auto, (max-width: 650px) 100vw, 650px\" \/> <img loading=\"lazy\" decoding=\"async\" class=\"alignleft size-full wp-image-7640\" src=\"http:\/\/www.maria-koenigin.de\/wordpress\/wp-content\/uploads\/2018\/10\/digifobi_18_7.jpg\" alt=\"\" width=\"650\" height=\"433\" srcset=\"http:\/\/www.maria-koenigin.de\/wordpress\/wp-content\/uploads\/2018\/10\/digifobi_18_7.jpg 650w, http:\/\/www.maria-koenigin.de\/wordpress\/wp-content\/uploads\/2018\/10\/digifobi_18_7-300x200.jpg 300w, http:\/\/www.maria-koenigin.de\/wordpress\/wp-content\/uploads\/2018\/10\/digifobi_18_7-624x416.jpg 624w\" sizes=\"auto, (max-width: 650px) 100vw, 650px\" \/> <img loading=\"lazy\" decoding=\"async\" class=\"alignleft size-full wp-image-7637\" src=\"http:\/\/www.maria-koenigin.de\/wordpress\/wp-content\/uploads\/2018\/10\/digifobi_18_4.jpg\" alt=\"\" width=\"650\" height=\"433\" srcset=\"http:\/\/www.maria-koenigin.de\/wordpress\/wp-content\/uploads\/2018\/10\/digifobi_18_4.jpg 650w, http:\/\/www.maria-koenigin.de\/wordpress\/wp-content\/uploads\/2018\/10\/digifobi_18_4-300x200.jpg 300w, http:\/\/www.maria-koenigin.de\/wordpress\/wp-content\/uploads\/2018\/10\/digifobi_18_4-624x416.jpg 624w\" sizes=\"auto, (max-width: 650px) 100vw, 650px\" \/><\/p>\n","protected":false},"excerpt":{"rendered":"<p>Digitalisierung gewinnt nicht nur im Alltag, sondern vor allem auch in der Schule immer st\u00e4rker an Bedeutung. Aus diesem Grund standen der richtige Umgang mit Medien im Rahmen des Medienkompetenzrahmens sowie die Bereicherung des Unterrichts mit Hilfe digitaler Hilfsmittel auf dem<\/p>\n","protected":false},"author":1,"featured_media":0,"comment_status":"closed","ping_status":"closed","sticky":false,"template":"","format":"standard","meta":{"ngg_post_thumbnail":0,"footnotes":""},"categories":[4],"tags":[],"class_list":["post-7641","post","type-post","status-publish","format-standard","hentry","category-aktuelles"],"_links":{"self":[{"href":"http:\/\/www.maria-koenigin.de\/index.php?rest_route=\/wp\/v2\/posts\/7641","targetHints":{"allow":["GET"]}}],"collection":[{"href":"http:\/\/www.maria-koenigin.de\/index.php?rest_route=\/wp\/v2\/posts"}],"about":[{"href":"http:\/\/www.maria-koenigin.de\/index.php?rest_route=\/wp\/v2\/types\/post"}],"author":[{"embeddable":true,"href":"http:\/\/www.maria-koenigin.de\/index.php?rest_route=\/wp\/v2\/users\/1"}],"replies":[{"embeddable":true,"href":"http:\/\/www.maria-koenigin.de\/index.php?rest_route=%2Fwp%2Fv2%2Fcomments&post=7641"}],"version-history":[{"count":1,"href":"http:\/\/www.maria-koenigin.de\/index.php?rest_route=\/wp\/v2\/posts\/7641\/revisions"}],"predecessor-version":[{"id":7642,"href":"http:\/\/www.maria-koenigin.de\/index.php?rest_route=\/wp\/v2\/posts\/7641\/revisions\/7642"}],"wp:attachment":[{"href":"http:\/\/www.maria-koenigin.de\/index.php?rest_route=%2Fwp%2Fv2%2Fmedia&parent=7641"}],"wp:term":[{"taxonomy":"category","embeddable":true,"href":"http:\/\/www.maria-koenigin.de\/index.php?rest_route=%2Fwp%2Fv2%2Fcategories&post=7641"},{"taxonomy":"post_tag","embeddable":true,"href":"http:\/\/www.maria-koenigin.de\/index.php?rest_route=%2Fwp%2Fv2%2Ftags&post=7641"}],"curies":[{"name":"wp","href":"https:\/\/api.w.org\/{rel}","templated":true}]}}