{"id":7651,"date":"2018-11-10T16:00:13","date_gmt":"2018-11-10T15:00:13","guid":{"rendered":"http:\/\/www.maria-koenigin.de\/?p=7651"},"modified":"2018-11-10T07:21:31","modified_gmt":"2018-11-10T06:21:31","slug":"mitgliederversammlung-des-ehemaligenvereins-2","status":"publish","type":"post","link":"http:\/\/www.maria-koenigin.de\/?p=7651","title":{"rendered":"Mitgliederversammlung des Ehemaligenvereins"},"content":{"rendered":"<p><img loading=\"lazy\" decoding=\"async\" class=\"alignleft size-full wp-image-7652\" src=\"http:\/\/www.maria-koenigin.de\/wordpress\/wp-content\/uploads\/2018\/11\/ehemaligenverein181.jpg\" alt=\"\" width=\"650\" height=\"484\" srcset=\"http:\/\/www.maria-koenigin.de\/wordpress\/wp-content\/uploads\/2018\/11\/ehemaligenverein181.jpg 650w, http:\/\/www.maria-koenigin.de\/wordpress\/wp-content\/uploads\/2018\/11\/ehemaligenverein181-300x223.jpg 300w, http:\/\/www.maria-koenigin.de\/wordpress\/wp-content\/uploads\/2018\/11\/ehemaligenverein181-624x465.jpg 624w\" sizes=\"auto, (max-width: 650px) 100vw, 650px\" \/><\/p>\n<p style=\"text-align: justify;\">Am Mittwoch, 7. November 2018, fand im Konferenzraum des Gymnasiums Maria K\u00f6nigin die diesj\u00e4hrige Mitgliederversammlung des \u201aFreundeskreises der ehemaligen Sch\u00fclerinnen und Sch\u00fcler des <!--more-->Gymnasiums Maria K\u00f6nigin e. V.\u2018 statt.<\/p>\n<p style=\"text-align: justify;\">Neben dem Jahresbericht des Vorstands und dem Kassenbericht standen in diesem Jahr auch Vorstandswahlen auf der Tagesordnung. Der erste Vorsitzende und der Schriftf\u00fchrer standen turnusm\u00e4\u00dfig zur Wahl und wurden einstimmig wiedergew\u00e4hlt.<\/p>\n<p style=\"text-align: justify;\">Nach der Satzung bekleidet der amtierende Schulleiter im Ehemaligenverein das Amt des zweiten Vorsitzenden. Aufgrund des Wechsels in der Schulleitung erkl\u00e4rte sich auch der neue Schulleiter, Jan Fabian Borys, bereit, dieses Amt auszu\u00fcben. Auch er wurde von der Versammlung einstimmig gew\u00e4hlt.<\/p>\n<p style=\"text-align: justify;\">Der Vorsitzende bedankte sich bei Berthold Schleime f\u00fcr seine langj\u00e4hrige und unerm\u00fcdliche Arbeit zugunsten des Ehemaligenvereins und \u00fcberreichte ihm ein kleines Pr\u00e4sent.<\/p>\n<p>Nach der Mitgliederversammlung stellt sich der Vorstand folgenderma\u00dfen dar:<\/p>\n<ul>\n<li>Martin Dornseifer (erster Vorsitzender)<\/li>\n<li>Jan Fabian Borys (zweiter Vorsitzender)<\/li>\n<li>Mareike Hanses (Kassiererin)<\/li>\n<li>Bastian Ruhrmann (Schriftf\u00fchrer)<\/li>\n<li>Wilfried Lahme (Beisitzer)<\/li>\n<li>Michael Stipp (Beisitzer)<\/li>\n<\/ul>\n<p style=\"text-align: right;\">Martin Dornseifer<\/p>\n","protected":false},"excerpt":{"rendered":"<p>Am Mittwoch, 7. November 2018, fand im Konferenzraum des Gymnasiums Maria K\u00f6nigin die diesj\u00e4hrige Mitgliederversammlung des \u201aFreundeskreises der ehemaligen Sch\u00fclerinnen und Sch\u00fcler des<\/p>\n","protected":false},"author":1,"featured_media":0,"comment_status":"closed","ping_status":"closed","sticky":false,"template":"","format":"standard","meta":{"ngg_post_thumbnail":0,"footnotes":""},"categories":[4],"tags":[],"class_list":["post-7651","post","type-post","status-publish","format-standard","hentry","category-aktuelles"],"_links":{"self":[{"href":"http:\/\/www.maria-koenigin.de\/index.php?rest_route=\/wp\/v2\/posts\/7651","targetHints":{"allow":["GET"]}}],"collection":[{"href":"http:\/\/www.maria-koenigin.de\/index.php?rest_route=\/wp\/v2\/posts"}],"about":[{"href":"http:\/\/www.maria-koenigin.de\/index.php?rest_route=\/wp\/v2\/types\/post"}],"author":[{"embeddable":true,"href":"http:\/\/www.maria-koenigin.de\/index.php?rest_route=\/wp\/v2\/users\/1"}],"replies":[{"embeddable":true,"href":"http:\/\/www.maria-koenigin.de\/index.php?rest_route=%2Fwp%2Fv2%2Fcomments&post=7651"}],"version-history":[{"count":1,"href":"http:\/\/www.maria-koenigin.de\/index.php?rest_route=\/wp\/v2\/posts\/7651\/revisions"}],"predecessor-version":[{"id":7653,"href":"http:\/\/www.maria-koenigin.de\/index.php?rest_route=\/wp\/v2\/posts\/7651\/revisions\/7653"}],"wp:attachment":[{"href":"http:\/\/www.maria-koenigin.de\/index.php?rest_route=%2Fwp%2Fv2%2Fmedia&parent=7651"}],"wp:term":[{"taxonomy":"category","embeddable":true,"href":"http:\/\/www.maria-koenigin.de\/index.php?rest_route=%2Fwp%2Fv2%2Fcategories&post=7651"},{"taxonomy":"post_tag","embeddable":true,"href":"http:\/\/www.maria-koenigin.de\/index.php?rest_route=%2Fwp%2Fv2%2Ftags&post=7651"}],"curies":[{"name":"wp","href":"https:\/\/api.w.org\/{rel}","templated":true}]}}