{"id":7668,"date":"2018-11-25T06:00:59","date_gmt":"2018-11-25T05:00:59","guid":{"rendered":"http:\/\/www.maria-koenigin.de\/?p=7668"},"modified":"2018-11-23T05:52:16","modified_gmt":"2018-11-23T04:52:16","slug":"bundesweiter-vorlesetag-am-gymnasium-maria-koenigin-4","status":"publish","type":"post","link":"http:\/\/www.maria-koenigin.de\/?p=7668","title":{"rendered":"Bundesweiter Vorlesetag am Gymnasium Maria K\u00f6nigin"},"content":{"rendered":"<p><img loading=\"lazy\" decoding=\"async\" class=\"alignleft size-full wp-image-7676\" src=\"http:\/\/www.maria-koenigin.de\/wordpress\/wp-content\/uploads\/2018\/11\/Lahme.jpg\" alt=\"\" width=\"650\" height=\"433\" srcset=\"http:\/\/www.maria-koenigin.de\/wordpress\/wp-content\/uploads\/2018\/11\/Lahme.jpg 650w, http:\/\/www.maria-koenigin.de\/wordpress\/wp-content\/uploads\/2018\/11\/Lahme-300x200.jpg 300w, http:\/\/www.maria-koenigin.de\/wordpress\/wp-content\/uploads\/2018\/11\/Lahme-624x416.jpg 624w\" sizes=\"auto, (max-width: 650px) 100vw, 650px\" \/><\/p>\n<p style=\"text-align: justify;\">Bereits zum 15. Mal f\u00fcllten die Sch\u00fclerinnen und Sch\u00fcler der 5. und 6. Klassen am 16.11.2018 die Sitzreihen der Mediothek des Gymnasiums Maria K\u00f6nigin in Altenhundem, um klassenweise von der ersten bis zur sechsten Stunde zahlreichen lokalen Vertretern der Politik, der Finanzwelt, der Wirtschaft und der <!--more-->Kultur begeistert und and\u00e4chtig zu lauschen, w\u00e4hrend diese aus f\u00fcr diesen Anlass eigens ausgew\u00e4hlten Jugendb\u00fcchern vorlasen.<\/p>\n<p style=\"text-align: justify;\">Den Rahmen hierzu bildete wie schon in den Vorjahren der an diesem Tag stattfindende Bundesweite Vorlesetag, der u.a. von der Stiftung Lesen initiiert wird. Das Motto der diesj\u00e4hrigen Veranstaltung lautete \u201eNatur und Umwelt\u201c. Entsprechend hatten die Vorleser ihre jeweilige Lekt\u00fcre ausgew\u00e4hlt und dabei ganz individuelle Schwerpunkte gesetzt.<\/p>\n<p><img loading=\"lazy\" decoding=\"async\" class=\"alignleft size-full wp-image-7677\" src=\"http:\/\/www.maria-koenigin.de\/wordpress\/wp-content\/uploads\/2018\/11\/Mennekes.jpg\" alt=\"\" width=\"650\" height=\"433\" srcset=\"http:\/\/www.maria-koenigin.de\/wordpress\/wp-content\/uploads\/2018\/11\/Mennekes.jpg 650w, http:\/\/www.maria-koenigin.de\/wordpress\/wp-content\/uploads\/2018\/11\/Mennekes-300x200.jpg 300w, http:\/\/www.maria-koenigin.de\/wordpress\/wp-content\/uploads\/2018\/11\/Mennekes-624x416.jpg 624w\" sizes=\"auto, (max-width: 650px) 100vw, 650px\" \/><\/p>\n<p style=\"text-align: justify;\">Walter Mennekes, als Gescha\u0308ftsfu\u0308hrender Gesellschafter der Firma MENNEKES Elektrotechnik an diesem Tag der Vertreter der Lennest\u00e4dter Wirtschaft, nutze dieses Thema f\u00fcr ein flammendes Pl\u00e4doyer f\u00fcr den Umweltschutz.&nbsp; So las er aus dem Buch \u201eKinder, die die Welt ver\u00e4ndern\u201c vor und pr\u00e4sentierte hieraus die Geschichte von Qier Qiu, einer Shanghaier Gymnasiastin, die mit ihren wiederverwendbaren Essst\u00e4bchen die W\u00e4lder retten m\u00f6chte. Dieses Beispiel nahm er zum Anlass, um mit den versammelten Sch\u00fclerinnen und Sch\u00fclern der Klasse 6b \u00fcber Umweltschutz und ihren eigenen m\u00f6glichen und vor allem allt\u00e4glichen Beitrag dazu zu diskutieren. Zum Abschluss machte er anhand seiner eigenen Firma deutlich, dass es nicht nur f\u00fcr den Einzelnen, sondern auch f\u00fcr ein Unternehmen m\u00f6glich und umsetzbar ist, die nat\u00fcrlichen Ressourcen zu schonen und Energieverschwendung zu stoppen.<\/p>\n<p><img loading=\"lazy\" decoding=\"async\" class=\"alignleft size-full wp-image-7675\" src=\"http:\/\/www.maria-koenigin.de\/wordpress\/wp-content\/uploads\/2018\/11\/Heider.jpg\" alt=\"\" width=\"650\" height=\"433\" srcset=\"http:\/\/www.maria-koenigin.de\/wordpress\/wp-content\/uploads\/2018\/11\/Heider.jpg 650w, http:\/\/www.maria-koenigin.de\/wordpress\/wp-content\/uploads\/2018\/11\/Heider-300x200.jpg 300w, http:\/\/www.maria-koenigin.de\/wordpress\/wp-content\/uploads\/2018\/11\/Heider-624x416.jpg 624w\" sizes=\"auto, (max-width: 650px) 100vw, 650px\" \/><\/p>\n<p style=\"text-align: justify;\">Einen anderen Schwerpunkt setzte der Olper Bundestagsabgeordnete Dr. Matthias Heider, der mit Thomas Thiemeyers Dystopie \u201eEvolution. Die Stadt der \u00dcberlebenden\u201c einen ebenso spannenden wie auch nachdenklichen Jugendroman pr\u00e4sentierte. Die hier verarbeiteten Themen Evolution, Ende der Menschheit und Zeitreise wussten die jungen Zuh\u00f6rer in ihren Bann zu ziehen, gerade an den spannenden Stellen h\u00e4tte man in der Mediothek geradezu die sprichw\u00f6rtliche Stecknadel fallen h\u00f6ren k\u00f6nnen. So fragten die Sch\u00fclerinnen und Sch\u00fcler der Klasse 5b am Ende nicht nur, ob Herr Dr. Heider denn auch Frau Merkel pers\u00f6nlich kennen w\u00fcrde, sondern auch, ob er nicht weiterlesen k\u00f6nne, wo es doch gerade so spannend sei. Einer Fortsetzung des Lesevergn\u00fcgens steht aber nicht im Wege, da das Buch den Bestand Sch\u00fclerb\u00fccherei des Gymnasiums erweitern wird.<\/p>\n<p><img loading=\"lazy\" decoding=\"async\" class=\"alignleft size-full wp-image-7674\" src=\"http:\/\/www.maria-koenigin.de\/wordpress\/wp-content\/uploads\/2018\/11\/Griese.jpg\" alt=\"\" width=\"650\" height=\"433\" srcset=\"http:\/\/www.maria-koenigin.de\/wordpress\/wp-content\/uploads\/2018\/11\/Griese.jpg 650w, http:\/\/www.maria-koenigin.de\/wordpress\/wp-content\/uploads\/2018\/11\/Griese-300x200.jpg 300w, http:\/\/www.maria-koenigin.de\/wordpress\/wp-content\/uploads\/2018\/11\/Griese-624x416.jpg 624w\" sizes=\"auto, (max-width: 650px) 100vw, 650px\" \/><\/p>\n<p style=\"text-align: justify;\">In eine \u00e4hnliche Richtung schlug Michael Griese, Vorstandsmitglied der Volksbank Bigge-Lenne, mit Gudrun Pausewangs Klassiker \u201eDie Wolke\u201c ein. Die Schilderung des \u00dcberlebenskampfes der Geschwister Jana-Berta und Uli, die nach einem Reaktorunfall verzweifelt versuchen, der radioaktiven Wolke zu entkommen, stie\u00df auf ungeteiltes Interesse der Sch\u00fclerinnen und Sch\u00fcler der 5c, die sichtlich fasziniert lauschten und bei den Erlebnissen der beiden mitfieberten.<\/p>\n<p><img loading=\"lazy\" decoding=\"async\" class=\"alignleft size-full wp-image-7673\" src=\"http:\/\/www.maria-koenigin.de\/wordpress\/wp-content\/uploads\/2018\/11\/Armbruster2.jpg\" alt=\"\" width=\"650\" height=\"479\" srcset=\"http:\/\/www.maria-koenigin.de\/wordpress\/wp-content\/uploads\/2018\/11\/Armbruster2.jpg 650w, http:\/\/www.maria-koenigin.de\/wordpress\/wp-content\/uploads\/2018\/11\/Armbruster2-300x221.jpg 300w, http:\/\/www.maria-koenigin.de\/wordpress\/wp-content\/uploads\/2018\/11\/Armbruster2-624x460.jpg 624w\" sizes=\"auto, (max-width: 650px) 100vw, 650px\" \/><\/p>\n<p style=\"text-align: justify;\">Einen ebenfalls besonderen Auftritt erlebte die 6c, der der langj\u00e4hrige Elsper Winnetoudarsteller Benjamin Armbruster nicht nur vorlas, sondern auch anschaulich aus seinem Leben berichtete und die Sch\u00fclerinnen und Sch\u00fcler an seinen Lebensweisheiten teilhaben lies. &nbsp;<\/p>\n<p><img loading=\"lazy\" decoding=\"async\" class=\"alignleft size-full wp-image-7678\" src=\"http:\/\/www.maria-koenigin.de\/wordpress\/wp-content\/uploads\/2018\/11\/Zapp.jpg\" alt=\"\" width=\"650\" height=\"433\" srcset=\"http:\/\/www.maria-koenigin.de\/wordpress\/wp-content\/uploads\/2018\/11\/Zapp.jpg 650w, http:\/\/www.maria-koenigin.de\/wordpress\/wp-content\/uploads\/2018\/11\/Zapp-300x200.jpg 300w, http:\/\/www.maria-koenigin.de\/wordpress\/wp-content\/uploads\/2018\/11\/Zapp-624x416.jpg 624w\" sizes=\"auto, (max-width: 650px) 100vw, 650px\" \/><\/p>\n<p style=\"text-align: justify;\">Weiterhin wussten der ehemalige Deutschlehrer und Literat Gerd-Peter Zapp, der aus Michael Endes nie alt werdendem Erfolg \u201eMomo\u201c vorlas, und Wilfried Lahme, Lehrer am Gymnasium Maria K\u00f6nigin, der spontan den erkrankten Lennest\u00e4dter B\u00fcrgermeister Stefan Hundt ersetzte, ihre Zuh\u00f6rerschaft zu begeistern.<\/p>\n<p><img loading=\"lazy\" decoding=\"async\" class=\"alignleft size-full wp-image-7679\" src=\"http:\/\/www.maria-koenigin.de\/wordpress\/wp-content\/uploads\/2018\/11\/Zuhoerer.jpg\" alt=\"\" width=\"650\" height=\"418\" srcset=\"http:\/\/www.maria-koenigin.de\/wordpress\/wp-content\/uploads\/2018\/11\/Zuhoerer.jpg 650w, http:\/\/www.maria-koenigin.de\/wordpress\/wp-content\/uploads\/2018\/11\/Zuhoerer-300x193.jpg 300w, http:\/\/www.maria-koenigin.de\/wordpress\/wp-content\/uploads\/2018\/11\/Zuhoerer-624x401.jpg 624w\" sizes=\"auto, (max-width: 650px) 100vw, 650px\" \/><\/p>\n<p style=\"text-align: justify;\">Alle Beteiligten waren sich am Ende einig, dass die Veranstaltung ein voller Erfolg war und dass man auch im n\u00e4chsten Jahr wieder an dieser bundesweiten Aktion zur Lesef\u00f6rderung teilnehmen wird.<\/p>\n<p>Titus Birkner<\/p>\n","protected":false},"excerpt":{"rendered":"<p>Bereits zum 15. Mal f\u00fcllten die Sch\u00fclerinnen und Sch\u00fcler der 5. und 6. Klassen am 16.11.2018 die Sitzreihen der Mediothek des Gymnasiums Maria K\u00f6nigin in Altenhundem, um klassenweise von der ersten bis zur sechsten Stunde zahlreichen lokalen Vertretern der Politik, der Finanzwelt, der Wirtschaft und der<\/p>\n","protected":false},"author":1,"featured_media":0,"comment_status":"closed","ping_status":"closed","sticky":false,"template":"","format":"standard","meta":{"ngg_post_thumbnail":0,"footnotes":""},"categories":[4],"tags":[],"class_list":["post-7668","post","type-post","status-publish","format-standard","hentry","category-aktuelles"],"_links":{"self":[{"href":"http:\/\/www.maria-koenigin.de\/index.php?rest_route=\/wp\/v2\/posts\/7668","targetHints":{"allow":["GET"]}}],"collection":[{"href":"http:\/\/www.maria-koenigin.de\/index.php?rest_route=\/wp\/v2\/posts"}],"about":[{"href":"http:\/\/www.maria-koenigin.de\/index.php?rest_route=\/wp\/v2\/types\/post"}],"author":[{"embeddable":true,"href":"http:\/\/www.maria-koenigin.de\/index.php?rest_route=\/wp\/v2\/users\/1"}],"replies":[{"embeddable":true,"href":"http:\/\/www.maria-koenigin.de\/index.php?rest_route=%2Fwp%2Fv2%2Fcomments&post=7668"}],"version-history":[{"count":1,"href":"http:\/\/www.maria-koenigin.de\/index.php?rest_route=\/wp\/v2\/posts\/7668\/revisions"}],"predecessor-version":[{"id":7680,"href":"http:\/\/www.maria-koenigin.de\/index.php?rest_route=\/wp\/v2\/posts\/7668\/revisions\/7680"}],"wp:attachment":[{"href":"http:\/\/www.maria-koenigin.de\/index.php?rest_route=%2Fwp%2Fv2%2Fmedia&parent=7668"}],"wp:term":[{"taxonomy":"category","embeddable":true,"href":"http:\/\/www.maria-koenigin.de\/index.php?rest_route=%2Fwp%2Fv2%2Fcategories&post=7668"},{"taxonomy":"post_tag","embeddable":true,"href":"http:\/\/www.maria-koenigin.de\/index.php?rest_route=%2Fwp%2Fv2%2Ftags&post=7668"}],"curies":[{"name":"wp","href":"https:\/\/api.w.org\/{rel}","templated":true}]}}