{"id":7669,"date":"2018-11-22T10:05:02","date_gmt":"2018-11-22T09:05:02","guid":{"rendered":"http:\/\/www.maria-koenigin.de\/?p=7669"},"modified":"2018-11-25T15:43:10","modified_gmt":"2018-11-25T14:43:10","slug":"7669","status":"publish","type":"post","link":"http:\/\/www.maria-koenigin.de\/?p=7669","title":{"rendered":""},"content":{"rendered":"<p><img loading=\"lazy\" decoding=\"async\" class=\"alignleft size-full wp-image-7670\" src=\"http:\/\/www.maria-koenigin.de\/wordpress\/wp-content\/uploads\/2018\/11\/nachruf_jahn.jpg\" alt=\"\" width=\"650\" height=\"495\" srcset=\"http:\/\/www.maria-koenigin.de\/wordpress\/wp-content\/uploads\/2018\/11\/nachruf_jahn.jpg 650w, http:\/\/www.maria-koenigin.de\/wordpress\/wp-content\/uploads\/2018\/11\/nachruf_jahn-300x228.jpg 300w, http:\/\/www.maria-koenigin.de\/wordpress\/wp-content\/uploads\/2018\/11\/nachruf_jahn-624x475.jpg 624w\" sizes=\"auto, (max-width: 650px) 100vw, 650px\" \/><\/p>\n<p style=\"text-align: justify;\">In den fr\u00fchen Morgenstunden des 21. November 2018 verstarb unser ehemaliger Kollege P. Leo Jahn MSF im Alter von 88 Jahren im Missionshaus der Heiligen Familie in Betzdorf-Bruche. Von 1961 bis 1997 hat Pater Jahn zuerst an der Realschule, dann am <!--more-->Gymnasium Maria K\u00f6nigin die F\u00e4cher Katholische Religion und Kunst unterrichtet.<\/p>\n<p style=\"text-align: justify;\">Neben dem Unterricht hat Pater Jahn zahlreiche Aktivit\u00e4ten und Aktionen initiiert und begleitet: Schulwallfahrten, Musische Wochenenden, Theaterauff\u00fchrungen, Schulkirmes, Kollegiumswanderungen und -ausfl\u00fcge und vieles mehr. Vor allem die ansprechende k\u00fcnstlerische Ausgestaltung der Schule war ihm ein ganz besonderes Anliegen.<\/p>\n<p style=\"text-align: justify;\">Dabei bleiben auch seine k\u00fcnstlerischen Arbeiten innerhalb und au\u00dferhalb der Schule nicht z\u00e4hlbar: 1987 Anfertigung einer Bronzeschmuckplatte, die die Anlage von Maria K\u00f6nigin zeigt und u.a. als Geschenk f\u00fcr den Erzbischof diente; Erstellung einer Emailarbeit in Bronze \u201eEiner ist euer Lehrer\u201c f\u00fcr das Dienstzimmer des Schulleiters; k\u00fcnstlerische Gestaltung der Schule und ihrer Geb\u00e4ude &#8211; nicht zuletzt die Schutzmantelmadonna im Vorhof unserer Schule &#8211; und vieles mehr.<\/p>\n<p style=\"text-align: justify;\">Mit 67 Jahren trat er in den verdienten Ruhestand, aber er steckte weiterhin voller Pl\u00e4ne. Als \u201eBrunnen-Pater\u201c schuf er unter anderem den Dynamitbrunnen in Grevenbr\u00fcck, mit Herrn Br\u00fcseken zusammen den Stadtbrunnen der Stadt Lennestadt, den Porphyr-Brunnen in W\u00fcrdinghausen und das Brunnentor in Oedingen. P. Jahns letztes gro\u00dfes Kunstwerk war das Kreuz am Rothaarsteig, direkt neben dem Rhein-Weser-Turm.<\/p>\n<p style=\"text-align: justify;\">Am 21. Juli 2007 feierte er sein Goldenes Priesterjubil\u00e4um. Die Jubil\u00e4umsfeierlichkeiten beging P. Jahn in Milchenbach, wo er &#8211; wie auch in Lenne &#8211; \u00fcber 30 Jahre lang als Seelsorger t\u00e4tig war, und in seiner Heimatgemeinde Laudert im Hunsr\u00fcck. Kurze Zeit sp\u00e4ter ereilte ihn eine schwere Krankheit, so dass er seine letzten Jahre auf der Pflegestation in Betzdorf verbringen musste.<\/p>\n<p style=\"text-align: justify;\">Pater Jahn wird am Samstag, dem 24.11.2018, auf dem Friedhof des Missionshauses in Betzdorf-Bruche beigesetzt, das Auferstehungsamt beginnt um 11.00 Uhr.<\/p>\n<p style=\"text-align: justify;\">Jan Fabian Borys<\/p>\n","protected":false},"excerpt":{"rendered":"<p>In den fr\u00fchen Morgenstunden des 21. November 2018 verstarb unser ehemaliger Kollege P. Leo Jahn MSF im Alter von 88 Jahren im Missionshaus der Heiligen Familie in Betzdorf-Bruche. Von 1961 bis 1997 hat Pater Jahn zuerst an der Realschule, dann am<\/p>\n","protected":false},"author":1,"featured_media":0,"comment_status":"closed","ping_status":"closed","sticky":false,"template":"","format":"standard","meta":{"ngg_post_thumbnail":0,"footnotes":""},"categories":[4],"tags":[],"class_list":["post-7669","post","type-post","status-publish","format-standard","hentry","category-aktuelles"],"_links":{"self":[{"href":"http:\/\/www.maria-koenigin.de\/index.php?rest_route=\/wp\/v2\/posts\/7669","targetHints":{"allow":["GET"]}}],"collection":[{"href":"http:\/\/www.maria-koenigin.de\/index.php?rest_route=\/wp\/v2\/posts"}],"about":[{"href":"http:\/\/www.maria-koenigin.de\/index.php?rest_route=\/wp\/v2\/types\/post"}],"author":[{"embeddable":true,"href":"http:\/\/www.maria-koenigin.de\/index.php?rest_route=\/wp\/v2\/users\/1"}],"replies":[{"embeddable":true,"href":"http:\/\/www.maria-koenigin.de\/index.php?rest_route=%2Fwp%2Fv2%2Fcomments&post=7669"}],"version-history":[{"count":2,"href":"http:\/\/www.maria-koenigin.de\/index.php?rest_route=\/wp\/v2\/posts\/7669\/revisions"}],"predecessor-version":[{"id":7695,"href":"http:\/\/www.maria-koenigin.de\/index.php?rest_route=\/wp\/v2\/posts\/7669\/revisions\/7695"}],"wp:attachment":[{"href":"http:\/\/www.maria-koenigin.de\/index.php?rest_route=%2Fwp%2Fv2%2Fmedia&parent=7669"}],"wp:term":[{"taxonomy":"category","embeddable":true,"href":"http:\/\/www.maria-koenigin.de\/index.php?rest_route=%2Fwp%2Fv2%2Fcategories&post=7669"},{"taxonomy":"post_tag","embeddable":true,"href":"http:\/\/www.maria-koenigin.de\/index.php?rest_route=%2Fwp%2Fv2%2Ftags&post=7669"}],"curies":[{"name":"wp","href":"https:\/\/api.w.org\/{rel}","templated":true}]}}