{"id":7711,"date":"2018-11-30T10:13:27","date_gmt":"2018-11-30T09:13:27","guid":{"rendered":"http:\/\/www.maria-koenigin.de\/?p=7711"},"modified":"2018-11-30T18:45:19","modified_gmt":"2018-11-30T17:45:19","slug":"jule-steffen-gewinnt-den-social-award-2018","status":"publish","type":"post","link":"http:\/\/www.maria-koenigin.de\/?p=7711","title":{"rendered":"Jule Steffen gewinnt den Social Award 2018"},"content":{"rendered":"<p style=\"text-align: justify;\"><img loading=\"lazy\" decoding=\"async\" class=\"alignleft size-full wp-image-7712\" src=\"http:\/\/www.maria-koenigin.de\/wordpress\/wp-content\/uploads\/2018\/11\/social_award_18_1.jpg\" alt=\"\" width=\"650\" height=\"433\" srcset=\"http:\/\/www.maria-koenigin.de\/wordpress\/wp-content\/uploads\/2018\/11\/social_award_18_1.jpg 650w, http:\/\/www.maria-koenigin.de\/wordpress\/wp-content\/uploads\/2018\/11\/social_award_18_1-300x200.jpg 300w, http:\/\/www.maria-koenigin.de\/wordpress\/wp-content\/uploads\/2018\/11\/social_award_18_1-624x416.jpg 624w\" sizes=\"auto, (max-width: 650px) 100vw, 650px\" \/><\/p>\n<p style=\"text-align: justify;\">Im Finale um den Titel \u201eSocial Award 2018\u201c standen am 24.11.2018 im verschneiten Winterberg verschiedene Sch\u00fclerinnen und Sch\u00fcler aus dem Kreis Olpe und dem Hochsauerlandkreis, die sich alle <!--more-->ehrenamtlich engagieren.<\/p>\n<p style=\"text-align: justify;\">Von unserer Schule sind Hannah Eickelmann (9b), Hannah L\u00f6hr (9d) sowie David Assmann und Jule Steffen (beide Q2) nominiert gewesen.<\/p>\n<p style=\"text-align: justify;\">Zun\u00e4chst haben wir rund um die Preisverleihung im Rahmenprogramm an der Bobbahn live Einblicke in einen Skeleton Profi-Wettkampf bekommen: Hier rasen die Sportler mit \u00fcber 100 km\/h mit dem Kopf voran durch den Eiskanal! Zudem durften wir auch in einem Bob Probe sitzen und ordentlich im winterlichen Hochsauerland frieren.<\/p>\n<p><img loading=\"lazy\" decoding=\"async\" class=\"alignleft size-full wp-image-7714\" src=\"http:\/\/www.maria-koenigin.de\/wordpress\/wp-content\/uploads\/2018\/11\/social_award_18_3.jpg\" alt=\"\" width=\"650\" height=\"433\" srcset=\"http:\/\/www.maria-koenigin.de\/wordpress\/wp-content\/uploads\/2018\/11\/social_award_18_3.jpg 650w, http:\/\/www.maria-koenigin.de\/wordpress\/wp-content\/uploads\/2018\/11\/social_award_18_3-300x200.jpg 300w, http:\/\/www.maria-koenigin.de\/wordpress\/wp-content\/uploads\/2018\/11\/social_award_18_3-624x416.jpg 624w\" sizes=\"auto, (max-width: 650px) 100vw, 650px\" \/><\/p>\n<p style=\"text-align: justify;\">Nach Besichtigung der Bobbahn wurden schlie\u00dflich bei Kaffee und leckerem Kuchen die Gewinner pr\u00e4sentiert: Herzlichen Gl\u00fcckwunsch, Jule!<\/p>\n<p style=\"text-align: justify;\">In ihrer Laudatio w\u00fcrdigte SV-Lehrerin Lisa Weith die Oberstufensch\u00fclerin f\u00fcr ihren uner-m\u00fcdlichen, langj\u00e4hrigen Einsatz sowohl f\u00fcr Maria K\u00f6nigin als auch im au\u00dferschulischen Bereich.<\/p>\n<p style=\"text-align: justify;\">So ist Jule als Mediatorin t\u00e4tig und engagiert sich als Sporthelferin und vor allem in der Sch\u00fclervertretung. Als Jahrgangsstufensprecherin ihrer Stufe und als Sch\u00fclersprecherin vertritt sie die Interessen der gesamten Sch\u00fclerschaft, wobei sie Zustimmung und Vertrauen aller am Schulleben beteiligten Gruppen und Personen genie\u00dft.<\/p>\n<p style=\"text-align: justify;\">In ihrer Freizeit betreut sie unter anderem Freizeitcamps und einen Jugendtreff, leitet eine Tanzgarde und engagiert sich bei der Dorfzeitungsredaktion Oberelspe.<\/p>\n<p><img loading=\"lazy\" decoding=\"async\" class=\"alignleft size-full wp-image-7713\" src=\"http:\/\/www.maria-koenigin.de\/wordpress\/wp-content\/uploads\/2018\/11\/social_award_18_2.jpg\" alt=\"\" width=\"650\" height=\"433\" srcset=\"http:\/\/www.maria-koenigin.de\/wordpress\/wp-content\/uploads\/2018\/11\/social_award_18_2.jpg 650w, http:\/\/www.maria-koenigin.de\/wordpress\/wp-content\/uploads\/2018\/11\/social_award_18_2-300x200.jpg 300w, http:\/\/www.maria-koenigin.de\/wordpress\/wp-content\/uploads\/2018\/11\/social_award_18_2-624x416.jpg 624w\" sizes=\"auto, (max-width: 650px) 100vw, 650px\" \/><\/p>\n<p style=\"text-align: justify;\">Als Dankesch\u00f6n und Anerkennung f\u00fcr ihren Einsatz erhielten alle Gewinner jeweils 250 \u20ac von der Volksbank Bigge-Lenne.<\/p>\n<p style=\"text-align: justify;\">Insgesamt ist im Rahmen der Preisverleihung deutlich geworden, dass sich viele junge Menschen aus unserer Heimatregion, wenngleich sie auch nicht alle ausgezeichnet werden konnten, mit Freude und Motivation f\u00fcr unsere Gesellschaft einsetzen. Hierdurch \u00fcbernehmen sie bereits in jungen Jahren eine wichtige Vorbildfunktion.<\/p>\n<p style=\"text-align: right;\">Peter Peil<\/p>\n","protected":false},"excerpt":{"rendered":"<p>Im Finale um den Titel \u201eSocial Award 2018\u201c standen am 24.11.2018 im verschneiten Winterberg verschiedene Sch\u00fclerinnen und Sch\u00fcler aus dem Kreis Olpe und dem Hochsauerlandkreis, die sich alle<\/p>\n","protected":false},"author":1,"featured_media":0,"comment_status":"closed","ping_status":"closed","sticky":false,"template":"","format":"standard","meta":{"ngg_post_thumbnail":0,"footnotes":""},"categories":[4],"tags":[],"class_list":["post-7711","post","type-post","status-publish","format-standard","hentry","category-aktuelles"],"_links":{"self":[{"href":"http:\/\/www.maria-koenigin.de\/index.php?rest_route=\/wp\/v2\/posts\/7711","targetHints":{"allow":["GET"]}}],"collection":[{"href":"http:\/\/www.maria-koenigin.de\/index.php?rest_route=\/wp\/v2\/posts"}],"about":[{"href":"http:\/\/www.maria-koenigin.de\/index.php?rest_route=\/wp\/v2\/types\/post"}],"author":[{"embeddable":true,"href":"http:\/\/www.maria-koenigin.de\/index.php?rest_route=\/wp\/v2\/users\/1"}],"replies":[{"embeddable":true,"href":"http:\/\/www.maria-koenigin.de\/index.php?rest_route=%2Fwp%2Fv2%2Fcomments&post=7711"}],"version-history":[{"count":4,"href":"http:\/\/www.maria-koenigin.de\/index.php?rest_route=\/wp\/v2\/posts\/7711\/revisions"}],"predecessor-version":[{"id":7718,"href":"http:\/\/www.maria-koenigin.de\/index.php?rest_route=\/wp\/v2\/posts\/7711\/revisions\/7718"}],"wp:attachment":[{"href":"http:\/\/www.maria-koenigin.de\/index.php?rest_route=%2Fwp%2Fv2%2Fmedia&parent=7711"}],"wp:term":[{"taxonomy":"category","embeddable":true,"href":"http:\/\/www.maria-koenigin.de\/index.php?rest_route=%2Fwp%2Fv2%2Fcategories&post=7711"},{"taxonomy":"post_tag","embeddable":true,"href":"http:\/\/www.maria-koenigin.de\/index.php?rest_route=%2Fwp%2Fv2%2Ftags&post=7711"}],"curies":[{"name":"wp","href":"https:\/\/api.w.org\/{rel}","templated":true}]}}