{"id":7729,"date":"2018-12-09T18:00:09","date_gmt":"2018-12-09T17:00:09","guid":{"rendered":"http:\/\/www.maria-koenigin.de\/?p=7729"},"modified":"2018-12-08T10:35:24","modified_gmt":"2018-12-08T09:35:24","slug":"besinnlicher-advent-mit-pfarrer-ludger-wollweber","status":"publish","type":"post","link":"http:\/\/www.maria-koenigin.de\/?p=7729","title":{"rendered":"\u201ebeSINNlicher Advent\u201c mit Pfarrer Ludger Wollweber"},"content":{"rendered":"<p style=\"text-align: justify;\"><img loading=\"lazy\" decoding=\"async\" class=\"alignleft size-full wp-image-7730\" src=\"http:\/\/www.maria-koenigin.de\/wordpress\/wp-content\/uploads\/2018\/12\/jugodi18ad.jpg\" alt=\"\" width=\"650\" height=\"433\" srcset=\"http:\/\/www.maria-koenigin.de\/wordpress\/wp-content\/uploads\/2018\/12\/jugodi18ad.jpg 650w, http:\/\/www.maria-koenigin.de\/wordpress\/wp-content\/uploads\/2018\/12\/jugodi18ad-300x200.jpg 300w, http:\/\/www.maria-koenigin.de\/wordpress\/wp-content\/uploads\/2018\/12\/jugodi18ad-624x416.jpg 624w\" sizes=\"auto, (max-width: 650px) 100vw, 650px\" \/><\/p>\n<p style=\"text-align: justify;\">Seit fast drei\u00dfig Jahren findet am 3. Advent in der Klosterkirche Maria K\u00f6nigin ein Jugendgottesdienst als Einstimmung auf das Weihnachtsfest statt. In diesem Jahr wird die Messe am Sonntag, dem 16. Dezember um 18.00 Uhr gefeiert, traditionell mit der Ankunft des Friedenslichts aus <!--more-->Betlehem. Das Projekt \u201eJunge Kirche\u201c und das Gymnasium Maria K\u00f6nigin laden dazu herzlich ein.<\/p>\n<p style=\"text-align: justify;\">Die Adventszeit mit ihren Lichtern, besonderem Geb\u00e4ck, Ger\u00fcchen und der weihnachtlichen Musik gleicht einem Rausch der Sinne, dem man kaum entkommen kann. Mit ihrem Jugendgottesdienst unter dem Thema \u201cbeSINNlicher Advent\u201c will das Vorbereitungsteam der Jungen Kirche dies aufgreifen, gleichzeitig aber auch Gelegenheit zu einer ruhigen Einstimmung auf das Weihnachtsfest geben.<\/p>\n<p><img loading=\"lazy\" decoding=\"async\" class=\"alignleft size-full wp-image-5462\" src=\"http:\/\/www.maria-koenigin.de\/wordpress\/wp-content\/uploads\/2016\/12\/jugodi1.jpg\" alt=\"\" width=\"650\" height=\"433\" srcset=\"http:\/\/www.maria-koenigin.de\/wordpress\/wp-content\/uploads\/2016\/12\/jugodi1.jpg 650w, http:\/\/www.maria-koenigin.de\/wordpress\/wp-content\/uploads\/2016\/12\/jugodi1-300x200.jpg 300w, http:\/\/www.maria-koenigin.de\/wordpress\/wp-content\/uploads\/2016\/12\/jugodi1-624x416.jpg 624w\" sizes=\"auto, (max-width: 650px) 100vw, 650px\" \/><\/p>\n<p style=\"text-align: justify;\">Dies geschieht mit einer besonderen Ausleuchtung des Kirchenraumes, vor allem aber durch das Friedenslicht von Betlehem, das im Rahmen des Gottesdienstes wieder in Altenhundem ankommen wird. Die Flamme wird, wie jedes Jahr, in der Geburtsgrotte Jesu Christi in Betlehem entz\u00fcndet, mit dem Flugzeug nach Europa gebracht und von Pfadfindern dann \u00fcber Wien, Dortmund und Olpe bis nach Altenhundem in die Klosterkirche transportiert. Vertreter von Pfarrgemeinden, Gruppen und Familien sind herzlich eingeladen, sich das Friedenslicht aus der Klosterkirche mit nach Hause zu nehmen.&nbsp; Friedenslichtkerzen stehen in ausreichender Anzahl zur Verf\u00fcgung. Die Besucher des Gottesdienstes werden aber gebeten, eigene Laternen zum Transport des Lichtes mitzubringen.<\/p>\n<p style=\"text-align: justify;\">Die musikalische Gestaltung \u00fcbernimmt in diesem Jahr ein Projektchor unter der Leitung von Hendrik Sch\u00f6rmann mit dem sch\u00f6nen Namen \u201eMK-Christmas-Singers\u201c. Zelebrant des Gottesdienstes ist Pfarrer Ludger Wollweber.<\/p>\n","protected":false},"excerpt":{"rendered":"<p>Seit fast drei\u00dfig Jahren findet am 3. Advent in der Klosterkirche Maria K\u00f6nigin ein Jugendgottesdienst als Einstimmung auf das Weihnachtsfest statt. In diesem Jahr wird die Messe am Sonntag, dem 16. Dezember um 18.00 Uhr gefeiert, traditionell mit der Ankunft des Friedenslichts aus<\/p>\n","protected":false},"author":1,"featured_media":0,"comment_status":"closed","ping_status":"closed","sticky":false,"template":"","format":"standard","meta":{"ngg_post_thumbnail":0,"footnotes":""},"categories":[4],"tags":[],"class_list":["post-7729","post","type-post","status-publish","format-standard","hentry","category-aktuelles"],"_links":{"self":[{"href":"http:\/\/www.maria-koenigin.de\/index.php?rest_route=\/wp\/v2\/posts\/7729","targetHints":{"allow":["GET"]}}],"collection":[{"href":"http:\/\/www.maria-koenigin.de\/index.php?rest_route=\/wp\/v2\/posts"}],"about":[{"href":"http:\/\/www.maria-koenigin.de\/index.php?rest_route=\/wp\/v2\/types\/post"}],"author":[{"embeddable":true,"href":"http:\/\/www.maria-koenigin.de\/index.php?rest_route=\/wp\/v2\/users\/1"}],"replies":[{"embeddable":true,"href":"http:\/\/www.maria-koenigin.de\/index.php?rest_route=%2Fwp%2Fv2%2Fcomments&post=7729"}],"version-history":[{"count":1,"href":"http:\/\/www.maria-koenigin.de\/index.php?rest_route=\/wp\/v2\/posts\/7729\/revisions"}],"predecessor-version":[{"id":7731,"href":"http:\/\/www.maria-koenigin.de\/index.php?rest_route=\/wp\/v2\/posts\/7729\/revisions\/7731"}],"wp:attachment":[{"href":"http:\/\/www.maria-koenigin.de\/index.php?rest_route=%2Fwp%2Fv2%2Fmedia&parent=7729"}],"wp:term":[{"taxonomy":"category","embeddable":true,"href":"http:\/\/www.maria-koenigin.de\/index.php?rest_route=%2Fwp%2Fv2%2Fcategories&post=7729"},{"taxonomy":"post_tag","embeddable":true,"href":"http:\/\/www.maria-koenigin.de\/index.php?rest_route=%2Fwp%2Fv2%2Ftags&post=7729"}],"curies":[{"name":"wp","href":"https:\/\/api.w.org\/{rel}","templated":true}]}}