{"id":7752,"date":"2018-12-19T18:54:13","date_gmt":"2018-12-19T17:54:13","guid":{"rendered":"http:\/\/www.maria-koenigin.de\/?p=7752"},"modified":"2018-12-20T18:54:27","modified_gmt":"2018-12-20T17:54:27","slug":"ehrenamt-im-mittelpunkt-des-politikunterrichts","status":"publish","type":"post","link":"http:\/\/www.maria-koenigin.de\/?p=7752","title":{"rendered":"\u201eEhrenamt\u201c im Mittelpunkt des Politikunterrichts"},"content":{"rendered":"<p><img loading=\"lazy\" decoding=\"async\" class=\"alignnone size-full wp-image-7753\" src=\"http:\/\/www.maria-koenigin.de\/wordpress\/wp-content\/uploads\/2018\/12\/eil_18_1.jpg\" alt=\"\" width=\"650\" height=\"433\" srcset=\"http:\/\/www.maria-koenigin.de\/wordpress\/wp-content\/uploads\/2018\/12\/eil_18_1.jpg 650w, http:\/\/www.maria-koenigin.de\/wordpress\/wp-content\/uploads\/2018\/12\/eil_18_1-300x200.jpg 300w, http:\/\/www.maria-koenigin.de\/wordpress\/wp-content\/uploads\/2018\/12\/eil_18_1-624x416.jpg 624w\" sizes=\"auto, (max-width: 650px) 100vw, 650px\" \/><\/p>\n<p style=\"text-align: justify;\">Am 22.11. und 19.12.2018 stand das Thema \u201eEhrenamt\u201c im Mittelpunkt des Politikunterrichts der 9. Klassen am Gymnasium Maria K\u00f6nigin. Zu diesem Zweck informierte die Lennest\u00e4dter Ehrenamtsb\u00f6rse EiL \u00fcber die M\u00f6glichkeiten, sich in der Heimat ehrenamtlich engagieren zu k\u00f6nnen.<!--more--><\/p>\n<p style=\"text-align: justify;\">Hartmut Schweinsberg, R\u00fcdiger Heidersdorf und Maximilian M\u00fcller thematisierten unter anderem, was unter dem Begriff \u201eEhrenamt\u201c zu verstehen ist, welche Bereiche sich f\u00fcr ehrenamtliche T\u00e4tigkeiten anbieten und an welche Vermittlungsstellen sich die Jugendlichen speziell in Lennestadt wenden k\u00f6nnen, um eine solche T\u00e4tigkeit aus\u00fcben zu k\u00f6nnen. Au\u00dferdem wurden positive Eindr\u00fccke von Ehren\u00e4mtern, die im Bereich Lennestadt bereits ausge\u00fcbt werden, exemplarisch in einem Kurzfilm dargestellt.<\/p>\n<p style=\"text-align: justify;\">Anschlie\u00dfend erhielten die Sch\u00fclerinnen und Sch\u00fcler die M\u00f6glichkeit, einerseits sich \u00fcber ihre eigenen Erfahrungen&nbsp; bez\u00fcglich des Ehrenamts auszutauschen, andererseits sich eine ehrenamtliche T\u00e4tigkeit zu \u00fcberlegen, die sich an ihren eigenen Interessen und Bed\u00fcrfnissen orientiert. Denn neben der ehrenvollen Aufgabe, sich f\u00fcr andere einzusetzen, sollte auch der Spa\u00df an der T\u00e4tigkeit im Fokus stehen.<\/p>\n<p style=\"text-align: justify;\">Den Sch\u00fclerinnen und Sch\u00fclern wurde an diesem Tag schnell klar: Besonders durch die schrumpfende und \u00e4lterwerdende Bev\u00f6lkerung in Deutschland sollten Engagement f\u00fcr die Gemeinschaft und Ehrenamt eine wichtige Rolle spielen. Junge B\u00fcrgerinnen und B\u00fcrger sind hier besonders gefragt, f\u00fcr die Gesellschaft wichtige Aufgaben zu \u00fcbernehmen und sich ganz individuell f\u00fcr diese einzusetzen.<\/p>\n<p style=\"text-align: justify;\">\u201eSich einbringen ist wichtig. Jedes Dorf kann nur von dem Engagement der Bewohner leben. Das f\u00e4ngt schon bei kleinen Dingen an, wie zum Beispiel Weihnachtsb\u00e4ume einsammeln und diese am Dorfplatz f\u00fcr das Osterfeuer zu lagern.\u201c, fasste eine Sch\u00fclerin die gelungene Veranstaltung zusammen.<\/p>\n<p style=\"text-align: right;\">Hanna Stahl<\/p>\n","protected":false},"excerpt":{"rendered":"<p>Am 22.11. und 19.12.2018 stand das Thema \u201eEhrenamt\u201c im Mittelpunkt des Politikunterrichts der 9. Klassen am Gymnasium Maria K\u00f6nigin. Zu diesem Zweck informierte die Lennest\u00e4dter Ehrenamtsb\u00f6rse EiL \u00fcber die M\u00f6glichkeiten, sich in der Heimat ehrenamtlich engagieren zu k\u00f6nnen.<\/p>\n","protected":false},"author":1,"featured_media":0,"comment_status":"closed","ping_status":"closed","sticky":false,"template":"","format":"standard","meta":{"ngg_post_thumbnail":0,"footnotes":""},"categories":[4],"tags":[],"class_list":["post-7752","post","type-post","status-publish","format-standard","hentry","category-aktuelles"],"_links":{"self":[{"href":"http:\/\/www.maria-koenigin.de\/index.php?rest_route=\/wp\/v2\/posts\/7752","targetHints":{"allow":["GET"]}}],"collection":[{"href":"http:\/\/www.maria-koenigin.de\/index.php?rest_route=\/wp\/v2\/posts"}],"about":[{"href":"http:\/\/www.maria-koenigin.de\/index.php?rest_route=\/wp\/v2\/types\/post"}],"author":[{"embeddable":true,"href":"http:\/\/www.maria-koenigin.de\/index.php?rest_route=\/wp\/v2\/users\/1"}],"replies":[{"embeddable":true,"href":"http:\/\/www.maria-koenigin.de\/index.php?rest_route=%2Fwp%2Fv2%2Fcomments&post=7752"}],"version-history":[{"count":1,"href":"http:\/\/www.maria-koenigin.de\/index.php?rest_route=\/wp\/v2\/posts\/7752\/revisions"}],"predecessor-version":[{"id":7754,"href":"http:\/\/www.maria-koenigin.de\/index.php?rest_route=\/wp\/v2\/posts\/7752\/revisions\/7754"}],"wp:attachment":[{"href":"http:\/\/www.maria-koenigin.de\/index.php?rest_route=%2Fwp%2Fv2%2Fmedia&parent=7752"}],"wp:term":[{"taxonomy":"category","embeddable":true,"href":"http:\/\/www.maria-koenigin.de\/index.php?rest_route=%2Fwp%2Fv2%2Fcategories&post=7752"},{"taxonomy":"post_tag","embeddable":true,"href":"http:\/\/www.maria-koenigin.de\/index.php?rest_route=%2Fwp%2Fv2%2Ftags&post=7752"}],"curies":[{"name":"wp","href":"https:\/\/api.w.org\/{rel}","templated":true}]}}